{"id":23462,"date":"2025-04-18T09:59:56","date_gmt":"2025-04-18T13:59:56","guid":{"rendered":"https:\/\/noticiasveraces.com\/?p=23462"},"modified":"2025-04-18T09:59:56","modified_gmt":"2025-04-18T13:59:56","slug":"brasil-organiza-el-primer-campeonato-nacional-de-futbol-indigena","status":"publish","type":"post","link":"https:\/\/noticiasveraces.com\/?p=23462","title":{"rendered":"Brasil organiza el primer Campeonato Nacional de F\u00fatbol Ind\u00edgena"},"content":{"rendered":"<p> \n<br \/><img decoding=\"async\" src=\"https:\/\/s.france24.com\/media\/display\/131c7afc-1ba1-11f0-90e4-005056bfb2b6\/w:1024\/p:16x9\/Brasil%20Foto.jpg\" \/><br \/>En Brasil,\u00a0organizaron el primer Campeonato Nacional de F\u00fatbol Ind\u00edgena.\u00a0De cara a la conferencia clim\u00e1tica de la ONU,\u00a0que se celebrar\u00e1 en noviembre en la ciudad amaz\u00f3nica de Bel\u00e9m,\u00a0algunos de estos pueblos han decidido utilizar el f\u00fatbol como herramienta para alzar su voz.<\/p>\n<p>\u00a0<br \/>\n<br \/>\n","protected":false},"excerpt":{"rendered":"<p>En Brasil,\u00a0organizaron el primer Campeonato Nacional de F\u00fatbol Ind\u00edgena.\u00a0De cara a la conferencia clim\u00e1tica de la ONU,\u00a0que se celebrar\u00e1 en noviembre en la ciudad amaz\u00f3nica de Bel\u00e9m,\u00a0algunos de estos pueblos han decidido utilizar el f\u00fatbol como herramienta para alzar su voz. \u00a0<\/p>\n","protected":false},"author":1,"featured_media":23464,"comment_status":"open","ping_status":"open","sticky":false,"template":"","format":"standard","meta":{"fifu_image_url":"https:\/\/s.france24.com\/media\/display\/131c7afc-1ba1-11f0-90e4-005056bfb2b6\/w:1024\/p:16x9\/Brasil%20Foto.jpg","fifu_image_alt":"","footnotes":""},"categories":[13],"tags":[],"class_list":["post-23462","post","type-post","status-publish","format-standard","has-post-thumbnail","","category-mundo"],"_links":{"self":[{"href":"https:\/\/noticiasveraces.com\/index.php?rest_route=\/wp\/v2\/posts\/23462","targetHints":{"allow":["GET"]}}],"collection":[{"href":"https:\/\/noticiasveraces.com\/index.php?rest_route=\/wp\/v2\/posts"}],"about":[{"href":"https:\/\/noticiasveraces.com\/index.php?rest_route=\/wp\/v2\/types\/post"}],"author":[{"embeddable":true,"href":"https:\/\/noticiasveraces.com\/index.php?rest_route=\/wp\/v2\/users\/1"}],"replies":[{"embeddable":true,"href":"https:\/\/noticiasveraces.com\/index.php?rest_route=%2Fwp%2Fv2%2Fcomments&post=23462"}],"version-history":[{"count":0,"href":"https:\/\/noticiasveraces.com\/index.php?rest_route=\/wp\/v2\/posts\/23462\/revisions"}],"wp:featuredmedia":[{"embeddable":true,"href":"https:\/\/noticiasveraces.com\/index.php?rest_route=\/wp\/v2\/media\/23464"}],"wp:attachment":[{"href":"https:\/\/noticiasveraces.com\/index.php?rest_route=%2Fwp%2Fv2%2Fmedia&parent=23462"}],"wp:term":[{"taxonomy":"category","embeddable":true,"href":"https:\/\/noticiasveraces.com\/index.php?rest_route=%2Fwp%2Fv2%2Fcategories&post=23462"},{"taxonomy":"post_tag","embeddable":true,"href":"https:\/\/noticiasveraces.com\/index.php?rest_route=%2Fwp%2Fv2%2Ftags&post=23462"}],"curies":[{"name":"wp","href":"https:\/\/api.w.org\/{rel}","templated":true}]}}