{"id":23428,"date":"2025-04-18T04:51:04","date_gmt":"2025-04-18T08:51:04","guid":{"rendered":"https:\/\/noticiasveraces.com\/?p=23428"},"modified":"2025-04-18T04:51:04","modified_gmt":"2025-04-18T08:51:04","slug":"el-hombre-estadounidense-apunala-a-2-pasajeros-y-piloto-antes-de-disparar-fatalmente-mientras-secuestra-un-pequeno-avion-en-belice","status":"publish","type":"post","link":"https:\/\/noticiasveraces.com\/?p=23428","title":{"rendered":"El hombre estadounidense apu\u00f1ala a 2 pasajeros y piloto antes de disparar fatalmente mientras secuestra un peque\u00f1o avi\u00f3n en Belice"},"content":{"rendered":"<p> \n<\/p>\n<div>\n<p class=\"speakable\">Las autoridades del Aeropuerto Internacional Philip SW Goldson (PGIA) dicen que fueron alertados de un hombre estadounidense que estaba secuestrando un peque\u00f1o avi\u00f3n en Belice el jueves.<\/p>\n<p class=\"speakable\">El hombre apu\u00f1al\u00f3 a dos pasajeros y un piloto, antes de que uno de los pasajeros apu\u00f1alados le dispar\u00f3 fatalmente, seg\u00fan funcionarios de Belice y Estados Unidos. El pasajero ten\u00eda licencia para llevar un arma de fuego y luego entreg\u00f3 su arma a la polic\u00eda.<\/p>\n<p>\u00abEstamos rezando por \u00e9l\u00bb, dijo Chester Williams, comisionado de polic\u00eda de Belice, a los periodistas. \u00ab\u00c9l es nuestro h\u00e9roe\u00bb.<\/p>\n<p><strong>La causa de muerte de los j\u00f3venes turistas estadounidenses revel\u00f3 despu\u00e9s de que fueron encontrados &#8216;inm\u00f3viles&#8217; en Beach Resort<\/strong><\/p>\n<div class=\"image-ct inline\">\n<div class=\"m\"><picture><source media=\"(max-width: 767px)\" srcset=\"https:\/\/a57.foxnews.com\/static.foxnews.com\/foxnews.com\/content\/uploads\/2025\/04\/343\/192\/gettyimages-2210117496.jpg?ve=1&amp;tl=1, https:\/\/a57.foxnews.com\/static.foxnews.com\/foxnews.com\/content\/uploads\/2025\/04\/686\/384\/gettyimages-2210117496.jpg?ve=1&amp;tl=1 2x\" height=\"192\" width=\"343\"><source media=\"(min-width: 768px) and (max-width: 1023px)\" srcset=\"https:\/\/a57.foxnews.com\/static.foxnews.com\/foxnews.com\/content\/uploads\/2025\/04\/672\/378\/gettyimages-2210117496.jpg?ve=1&amp;tl=1, https:\/\/a57.foxnews.com\/static.foxnews.com\/foxnews.com\/content\/uploads\/2025\/04\/1344\/756\/gettyimages-2210117496.jpg?ve=1&amp;tl=1 2x\" height=\"378\" width=\"672\"><source media=\"(min-width: 1024px) and (max-width: 1279px)\" srcset=\"https:\/\/a57.foxnews.com\/static.foxnews.com\/foxnews.com\/content\/uploads\/2025\/04\/931\/523\/gettyimages-2210117496.jpg?ve=1&amp;tl=1, https:\/\/a57.foxnews.com\/static.foxnews.com\/foxnews.com\/content\/uploads\/2025\/04\/1862\/1046\/gettyimages-2210117496.jpg?ve=1&amp;tl=1 2x\" height=\"523\" width=\"931\"><source media=\"(min-width: 1280px)\" srcset=\"https:\/\/a57.foxnews.com\/static.foxnews.com\/foxnews.com\/content\/uploads\/2025\/04\/720\/405\/gettyimages-2210117496.jpg?ve=1&amp;tl=1, https:\/\/a57.foxnews.com\/static.foxnews.com\/foxnews.com\/content\/uploads\/2025\/04\/1440\/810\/gettyimages-2210117496.jpg?ve=1&amp;tl=1 2x\" height=\"405\" width=\"720\"><img loading=\"lazy\" decoding=\"async\" src=\"https:\/\/a57.foxnews.com\/static.foxnews.com\/foxnews.com\/content\/uploads\/2025\/04\/1200\/675\/gettyimages-2210117496.jpg?ve=1&amp;tl=1\" alt=\"Aeropuerto Internacional Philip SW Goldson\" width=\"1200\" height=\"675\"\/><\/source><\/source><\/source><\/source><\/picture><\/div>\n<div class=\"info\">\n<div class=\"caption\">\n<p><span>Una vista del Aeropuerto Internacional Philip SW Goldson en Belice City, tomada el 17 de abril de 2025. <\/span> <span>(Jos\u00e9 A. S\u00e1nchez\/AFP a trav\u00e9s de Getty Images)<\/span><\/p>\n<\/div>\n<\/div>\n<\/div>\n<p>Williams identific\u00f3 al secuestrador como Akinyela Taylor y dijo que era un veterano militar estadounidense, seg\u00fan un informe de Associated Press. Los funcionarios estadounidenses no pudieron confirmar la declaraci\u00f3n del Comisionado de Polic\u00eda de Belice de que Taylor era un veterano militar.<\/p>\n<p>El vuelo a\u00e9reo Cessna Caravan V3Hig de Corozal a San Pedro ten\u00eda 14 pasajeros y 2 miembros de la tripulaci\u00f3n a bordo, dijo la declaraci\u00f3n de PGIA.<\/p>\n<p>Se declar\u00f3 una emergencia completa inmediatamente despu\u00e9s de que comenz\u00f3 el incidente y el avi\u00f3n dio un giro en direcciones aleatorias durante aproximadamente dos horas hasta que finalmente aterriz\u00f3 de manera segura en la PGIA, seg\u00fan un comunicado de la compa\u00f1\u00eda de concesi\u00f3n del aeropuerto de Belice.<\/p>\n<p><strong>El sospechoso de secuestro de autobuses de Atlanta tuvo 19 arrestos anteriores, enfermedades mentales, dice la familia<\/strong><\/p>\n<div class=\"image-ct inline\">\n<div class=\"m\"><picture><source media=\"(max-width: 767px)\" srcset=\"https:\/\/a57.foxnews.com\/static.foxnews.com\/foxnews.com\/content\/uploads\/2025\/04\/343\/192\/gettyimages-2210117078.jpg?ve=1&amp;tl=1, https:\/\/a57.foxnews.com\/static.foxnews.com\/foxnews.com\/content\/uploads\/2025\/04\/686\/384\/gettyimages-2210117078.jpg?ve=1&amp;tl=1 2x\" height=\"192\" width=\"343\"><source media=\"(min-width: 768px) and (max-width: 1023px)\" srcset=\"https:\/\/a57.foxnews.com\/static.foxnews.com\/foxnews.com\/content\/uploads\/2025\/04\/672\/378\/gettyimages-2210117078.jpg?ve=1&amp;tl=1, https:\/\/a57.foxnews.com\/static.foxnews.com\/foxnews.com\/content\/uploads\/2025\/04\/1344\/756\/gettyimages-2210117078.jpg?ve=1&amp;tl=1 2x\" height=\"378\" width=\"672\"><source media=\"(min-width: 1024px) and (max-width: 1279px)\" srcset=\"https:\/\/a57.foxnews.com\/static.foxnews.com\/foxnews.com\/content\/uploads\/2025\/04\/931\/523\/gettyimages-2210117078.jpg?ve=1&amp;tl=1, https:\/\/a57.foxnews.com\/static.foxnews.com\/foxnews.com\/content\/uploads\/2025\/04\/1862\/1046\/gettyimages-2210117078.jpg?ve=1&amp;tl=1 2x\" height=\"523\" width=\"931\"><source media=\"(min-width: 1280px)\" srcset=\"https:\/\/a57.foxnews.com\/static.foxnews.com\/foxnews.com\/content\/uploads\/2025\/04\/720\/405\/gettyimages-2210117078.jpg?ve=1&amp;tl=1, https:\/\/a57.foxnews.com\/static.foxnews.com\/foxnews.com\/content\/uploads\/2025\/04\/1440\/810\/gettyimages-2210117078.jpg?ve=1&amp;tl=1 2x\" height=\"405\" width=\"720\"><img loading=\"lazy\" decoding=\"async\" src=\"https:\/\/a57.foxnews.com\/static.foxnews.com\/foxnews.com\/content\/uploads\/2025\/04\/1200\/675\/gettyimages-2210117078.jpg?ve=1&amp;tl=1\" alt=\"pasajeros en el aeropuerto internacional de Philip SW Goldson\" width=\"1200\" height=\"675\"\/><\/source><\/source><\/source><\/source><\/picture><\/div>\n<div class=\"info\">\n<div class=\"caption\">\n<p><span>La cola de los turistas en el Tropic Air Counter en el Aeropuerto Internacional Philip SW Goldson en Belice City el 17 de abril de 2025. <\/span> <span>(Jos\u00e9 A. S\u00e1nchez\/AFP a trav\u00e9s de Getty Images)<\/span><\/p>\n<\/div>\n<\/div>\n<\/div>\n<p>El portavoz del Departamento de Estado de Estados Unidos, Tammy Bruce, dijo en una conferencia informativa de noticias en Washington que los funcionarios todav\u00eda estaban recopilando informaci\u00f3n sobre lo que ocurri\u00f3.<\/p>\n<p><strong><u>Haga clic aqu\u00ed para obtener la aplicaci\u00f3n Fox News<\/u><\/strong><\/p>\n<p>\u00abHorrible\u00bb, dijo. \u00abEstamos agradecidos, creo que todos estamos, que no se convirti\u00f3 en un evento de v\u00edctimas masivas, creo, con m\u00e1s de una docena de personas en el avi\u00f3n. Claramente sabemos algunos detalles. No sabemos mucho m\u00e1s\u00bb.<\/p>\n<p>Funcionarios estadounidenses dijeron que no sab\u00edan el motivo del secuestro de Taylor, pero estaban trabajando con las autoridades belice\u00f1as para determinar qu\u00e9 sucedi\u00f3.<\/p>\n<p><i>Associated Press contribuy\u00f3 a este informe.<\/i><\/p>\n<\/p><\/div>\n\n","protected":false},"excerpt":{"rendered":"<p>Las autoridades del Aeropuerto Internacional Philip SW Goldson (PGIA) dicen que fueron alertados de un hombre estadounidense que estaba secuestrando un peque\u00f1o avi\u00f3n en Belice el jueves. El hombre apu\u00f1al\u00f3 a dos pasajeros y un piloto, antes de que uno de los pasajeros apu\u00f1alados le dispar\u00f3 fatalmente, seg\u00fan funcionarios de Belice y Estados Unidos. El &hellip;<\/p>\n","protected":false},"author":1,"featured_media":23430,"comment_status":"open","ping_status":"open","sticky":false,"template":"","format":"standard","meta":{"fifu_image_url":"https:\/\/static.foxnews.com\/foxnews.com\/content\/uploads\/2025\/04\/gettyimages-2210117496.jpg","fifu_image_alt":"","footnotes":""},"categories":[13],"tags":[],"class_list":["post-23428","post","type-post","status-publish","format-standard","has-post-thumbnail","","category-mundo"],"_links":{"self":[{"href":"https:\/\/noticiasveraces.com\/index.php?rest_route=\/wp\/v2\/posts\/23428","targetHints":{"allow":["GET"]}}],"collection":[{"href":"https:\/\/noticiasveraces.com\/index.php?rest_route=\/wp\/v2\/posts"}],"about":[{"href":"https:\/\/noticiasveraces.com\/index.php?rest_route=\/wp\/v2\/types\/post"}],"author":[{"embeddable":true,"href":"https:\/\/noticiasveraces.com\/index.php?rest_route=\/wp\/v2\/users\/1"}],"replies":[{"embeddable":true,"href":"https:\/\/noticiasveraces.com\/index.php?rest_route=%2Fwp%2Fv2%2Fcomments&post=23428"}],"version-history":[{"count":0,"href":"https:\/\/noticiasveraces.com\/index.php?rest_route=\/wp\/v2\/posts\/23428\/revisions"}],"wp:featuredmedia":[{"embeddable":true,"href":"https:\/\/noticiasveraces.com\/index.php?rest_route=\/wp\/v2\/media\/23430"}],"wp:attachment":[{"href":"https:\/\/noticiasveraces.com\/index.php?rest_route=%2Fwp%2Fv2%2Fmedia&parent=23428"}],"wp:term":[{"taxonomy":"category","embeddable":true,"href":"https:\/\/noticiasveraces.com\/index.php?rest_route=%2Fwp%2Fv2%2Fcategories&post=23428"},{"taxonomy":"post_tag","embeddable":true,"href":"https:\/\/noticiasveraces.com\/index.php?rest_route=%2Fwp%2Fv2%2Ftags&post=23428"}],"curies":[{"name":"wp","href":"https:\/\/api.w.org\/{rel}","templated":true}]}}