{"id":23426,"date":"2025-04-18T03:50:15","date_gmt":"2025-04-18T07:50:15","guid":{"rendered":"https:\/\/noticiasveraces.com\/?p=23426"},"modified":"2025-04-18T03:50:15","modified_gmt":"2025-04-18T07:50:15","slug":"medico-de-berlin-es-acusado-de-asesinar-a-15-pacientes-dw-16-04-2025","status":"publish","type":"post","link":"https:\/\/noticiasveraces.com\/?p=23426","title":{"rendered":"M\u00e9dico de Berl\u00edn es acusado de asesinar a 15 pacientes \u2013 DW \u2013 16\/04\/2025"},"content":{"rendered":"<p> \n<\/p>\n<div>\n<p>La Fiscal\u00eda de Berl\u00edn, la capital de Alemania, present\u00f3 cargos por 15 \u00abdelitos de asesinato con alevos\u00eda y otros motivos infundados ante el Tribunal Regional N\u00famero 1 de Berl\u00edn\u00bb y pidi\u00f3 \u00abno s\u00f3lo una condena y declaraci\u00f3n de culpabilidad especialmente grave, sino tambi\u00e9n la inhabilitaci\u00f3n de por vida para el ejercicio de la medicina\u00bb, se\u00f1al\u00f3 el comunicado.<\/p>\n<p>Adem\u00e1s, la Fiscal\u00eda berlinesa solicit\u00f3 la prisi\u00f3n preventiva contra el acusado, que fue detenido el pasado verano y al que los medios identificaron como \u00abJohannes M.\u00bb, cuando se sospechaba de que hab\u00eda causado la muerte a nueve pacientes.<\/p>\n<p>Posteriormente, las investigaciones del caso dieron como resultado la ampliaci\u00f3n de la acusaci\u00f3n contra el m\u00e9dico.<\/p>\n<h2>Casas incendiadas y 75 casos a\u00fan en investigaci\u00f3n<\/h2>\n<p>Las pesquisas de los investigadores, que analizaron el comportamiento del facultativo en 395 casos, determinaron que, entre el 22 de septiembre y el 24 de julio de 2024, mat\u00f3 a quince de sus pacientes, cuyas casas incendi\u00f3 en algunos casos posteriormente para ocultar los cr\u00edmenes.<\/p>\n<p>Las v\u00edctimas son personas de edades comprendidas entre los 25 a\u00f1os, la m\u00e1s joven, y 94 a\u00f1os, la mayor.<\/p>\n<p>Seg\u00fan detall\u00f3 la Fiscal\u00eda de Berl\u00edn, el m\u00e9dico administr\u00f3 presuntamente a sus pacientes, primero, un anest\u00e9sico, y, despu\u00e9s, un relajante muscular que causaba la par\u00e1lisis de los m\u00fasculos respiratorios, lo que provocaba una parada de la respiraci\u00f3n y la muerte en pocos minutos, sin que las v\u00edctimas lo supieran. <\/p>\n<p>Las autoridades a\u00fan investigan 75 casos relacionados con la praxis del acusado, y hay previstas cinco exhumaciones.<\/p>\n<p>RML (Efe, KNA, AFP)<\/p>\n<\/div>\n\n","protected":false},"excerpt":{"rendered":"<p>La Fiscal\u00eda de Berl\u00edn, la capital de Alemania, present\u00f3 cargos por 15 \u00abdelitos de asesinato con alevos\u00eda y otros motivos infundados ante el Tribunal Regional N\u00famero 1 de Berl\u00edn\u00bb y pidi\u00f3 \u00abno s\u00f3lo una condena y declaraci\u00f3n de culpabilidad especialmente grave, sino tambi\u00e9n la inhabilitaci\u00f3n de por vida para el ejercicio de la medicina\u00bb, se\u00f1al\u00f3 &hellip;<\/p>\n","protected":false},"author":1,"featured_media":23427,"comment_status":"open","ping_status":"open","sticky":false,"template":"","format":"standard","meta":{"fifu_image_url":"https:\/\/static.dw.com\/image\/72261079_6.jpg","fifu_image_alt":"","footnotes":""},"categories":[13],"tags":[],"class_list":["post-23426","post","type-post","status-publish","format-standard","has-post-thumbnail","","category-mundo"],"_links":{"self":[{"href":"https:\/\/noticiasveraces.com\/index.php?rest_route=\/wp\/v2\/posts\/23426","targetHints":{"allow":["GET"]}}],"collection":[{"href":"https:\/\/noticiasveraces.com\/index.php?rest_route=\/wp\/v2\/posts"}],"about":[{"href":"https:\/\/noticiasveraces.com\/index.php?rest_route=\/wp\/v2\/types\/post"}],"author":[{"embeddable":true,"href":"https:\/\/noticiasveraces.com\/index.php?rest_route=\/wp\/v2\/users\/1"}],"replies":[{"embeddable":true,"href":"https:\/\/noticiasveraces.com\/index.php?rest_route=%2Fwp%2Fv2%2Fcomments&post=23426"}],"version-history":[{"count":0,"href":"https:\/\/noticiasveraces.com\/index.php?rest_route=\/wp\/v2\/posts\/23426\/revisions"}],"wp:featuredmedia":[{"embeddable":true,"href":"https:\/\/noticiasveraces.com\/index.php?rest_route=\/wp\/v2\/media\/23427"}],"wp:attachment":[{"href":"https:\/\/noticiasveraces.com\/index.php?rest_route=%2Fwp%2Fv2%2Fmedia&parent=23426"}],"wp:term":[{"taxonomy":"category","embeddable":true,"href":"https:\/\/noticiasveraces.com\/index.php?rest_route=%2Fwp%2Fv2%2Fcategories&post=23426"},{"taxonomy":"post_tag","embeddable":true,"href":"https:\/\/noticiasveraces.com\/index.php?rest_route=%2Fwp%2Fv2%2Ftags&post=23426"}],"curies":[{"name":"wp","href":"https:\/\/api.w.org\/{rel}","templated":true}]}}