{"id":23416,"date":"2025-04-18T02:47:41","date_gmt":"2025-04-18T06:47:41","guid":{"rendered":"https:\/\/noticiasveraces.com\/?p=23416"},"modified":"2025-04-18T02:47:41","modified_gmt":"2025-04-18T06:47:41","slug":"la-bundesliga-europa-y-la-crisis-de-las-lesiones-dw-17-04-2025","status":"publish","type":"post","link":"https:\/\/noticiasveraces.com\/?p=23416","title":{"rendered":"La Bundesliga, Europa y la crisis de las lesiones \u2013 DW \u2013 17\/04\/2025"},"content":{"rendered":"<p> \n<\/p>\n<div>\n<p>Se termin\u00f3 la Champions League para los dos equipos tradicionalmente considerados los m\u00e1s grandes de Alemania. Bayern M\u00fanich y Borussia Dortmund tropezaron ante el Inter de Mil\u00e1n y el Barcelona, respectivamente. Pero, sobre todo, sucumbieron ante sus propias limitaciones a nivel de plantel: las lesiones.<\/p>\n<p>Esta condici\u00f3n fue la misma que castig\u00f3 al campe\u00f3n Bayer Leverkusen semanas atr\u00e1s, cuando la lesi\u00f3n de tobillo\u00a0de su jugador m\u00e1s importante cal\u00f3 en lo profundo de su tambi\u00e9n apretado calendario futbol\u00edstico.<\/p>\n<figure class=\"placeholder-image master_landscape big\"><img data-format=\"MASTER_LANDSCAPE\" data-id=\"71873946\" data-url=\"https:\/\/static.dw.com\/image\/71873946_${formatId}.jpg\" data-aspect-ratio=\"16\/9\" alt=\"Florian Wirtz (derecha) sufri\u00f3 lesi\u00f3n de tobillo durante el encuentro del Bayerl Leverkusen ante el Werder Bremen en la fecha 25 de Bundesliga. \" style=\"padding-bottom: 56.25%; height: 0; max-height: 0;\"\/><figcaption class=\"img-caption\">Florian Wirtz (derecha) sufri\u00f3 lesi\u00f3n de tobillo durante el encuentro del Bayerl Leverkusen ante el Werder Bremen en la fecha 25 de Bundesliga. <small class=\"copyright\">Imagen: Federico Gambarini\/DPA\/Picture Alliance<\/small><\/figcaption><\/figure>\n<h2>Ausencias que matan<\/h2>\n<p>B\u00e1varos y negriamarillos dejaron buenas impresiones en el torneo dom\u00e9stico tras haber entregado una emocionante edici\u00f3n del <em>El cl\u00e1sico <\/em>el pasado s\u00e1bado (12.04.2025). El desaf\u00edo m\u00e1s imponente, no obstante, era clasificarse para las semifinales de Liga de Campeones a sabiendas del marcador adverso en sus partidos de ida: 4-0 en Barcelona y 2-1 en M\u00fanich sentenciaban lo que parec\u00eda una loza definitiva.<\/p>\n<p>Este achaque se intensific\u00f3 a partir de las bajas, especialmente para los muniqueses por lo plausible de la remontada, la cual no lleg\u00f3. La llamada \u00abcrisis de las lesiones\u201d para el entrenador del Bayern M\u00fanich, Vincent Kompany, no dio tregua transcurridos los 90 minutos en Mil\u00e1n: \u00abTen\u00edamos que entender qu\u00e9 pod\u00edamos hacer sin [Hiroki] Esto, esto, [Dayot] Upamecano, [Jamal] Ella debe, [Manuel] Neuer, [Alphonso] Davies, [Kingsley] COMAN, [Aleksandar] Pavlovic\u201d, se\u00f1al\u00f3 el belga ataviado por el hospital en que se ha convertido su plantel.<\/p>\n<p>Lo cierto es que, pese al preocupante listado, los de M\u00fanich dieron pelea hasta el final en territorio italiano con la impresi\u00f3n de que el gol que obligaba al alargue se qued\u00f3 demasiado cerca.<\/p>\n<p>En Dortmund la batalla tambi\u00e9n fue intensa, aunque por igual insuficiente. El cuerpo t\u00e9cnico encendi\u00f3 las alarmas hace un par de semanas al dictaminar la baja de Nico Schlotterbeck debido a una lesi\u00f3n de meniscos. La noticia llegaba de cara a sendos compromisos y bajo la presi\u00f3n por colarse a las competencias europeas. Mientras que dicha tensi\u00f3n contin\u00faa a falta de cinco jornadas de Bundesliga, el Borussia de Niko Kovac navega a la deriva sin su l\u00edder de la zaga y pilar defensivo del equipo.<\/p>\n<p><span data-slot-id=\"Article_InContent-1\" class=\"rich-text-ad\"\/><\/p>\n<h2>Lo bueno dentro de la debacle<\/h2>\n<p>Pero, as\u00ed como hay malas noticias, tambi\u00e9n existe espacio para el aplauso en medio de las acaloradas despedidas.<\/p>\n<p>En primer lugar, la ovaci\u00f3n para el hist\u00f3rico Thomas M\u00fcller, quien supli\u00f3 la ausencia de Musiala.\u00a0El partido ante el Inter de Mil\u00e1n en Champions League supuso precisamente el final de la larga historia de M\u00fcller con el Bayern en la gran competici\u00f3n europea, ya que el emblem\u00e1tico atacante de 35 a\u00f1os abandonar\u00e1 el club de toda su vida al t\u00e9rmino de la actual temporada.<\/p>\n<p>M\u00fcller, que form\u00f3 parte de los planteles campeones de Europa en 2013 y 2020, dej\u00f3 su contador de partidos en el torneo en 163, igualando al argentino Lionel Messi, pero superado por el espa\u00f1ol Iker Casillas (177) y, sobre todo, por el portugu\u00e9s Cristiano Ronaldo (183).<\/p>\n<p>\u00abEstamos decepcionados. Lo hemos dado todo. Es una pena porque la final de esta Champions es en M\u00fanich, pero la Champions no es un picnic\u00bb, dijo M\u00fcller al medio deportivo DAZN lament\u00e1ndose por el marcador final. Haberse despedido alzando la \u00aborejona\u201d en casa habr\u00eda sido el mejor ep\u00edlogo de una brillante carrera.<\/p>\n<p>En segundo lugar, la artiller\u00eda de Serhou Guirassy, quien logr\u00f3 un <em>tres tantos<\/em> en el partido de vuelta ante Barcelona en Dortmund. Con ello, el guineano se ha convertido en el primer jugador africano que marca un triplete en cuartos de final de la Liga de Campeones y en el futbolista africano que m\u00e1s goles ha marcado (13) en una sola temporada de Liga de Campeones. Ahora tambi\u00e9n ostenta el mismo r\u00e9cord con el Dortmund, superando a Erling Haaland y Robert Lewandowski (ambos con 10).<\/p>\n<figure class=\"placeholder-image master_landscape big\"><img data-format=\"MASTER_LANDSCAPE\" data-id=\"72259406\" data-url=\"https:\/\/static.dw.com\/image\/72259406_${formatId}.jpg\" data-aspect-ratio=\"16\/9\" alt=\"Serhou Guirassy quiso orquestar la remontada del Borussia Dortmund en casa ante el Barcelona. Marcador global 5-3 a favor del conjunto catal\u00e1n. \" style=\"padding-bottom: 56.25%; height: 0; max-height: 0;\"\/><figcaption class=\"img-caption\">Serhou Guirassy quiso orquestar la remontada del Borussia Dortmund en casa ante el Barcelona. Marcador global 5-3 a favor del conjunto catal\u00e1n. <small class=\"copyright\">Imagen: David Inderlied\/Kirchner-Media\/Picture Alliance<\/small><\/figcaption><\/figure>\n<h2>Vuelve Florian Wirtz<\/h2>\n<p>Si alguien puede hablar de viva voz del peso de las ausencias, ese ser\u00eda el Bayer Leverkusen. M\u00e1s que una coincidencia, parece que la baja de Florian Wirtz dej\u00f3 consecuencias en el campe\u00f3n alem\u00e1n: en un mes sin \u00abFlo\u201d por lesi\u00f3n, el <em>Trabajarse <\/em>cay\u00f3 eliminado de la Champions League a manos del Bayern M\u00fanich, y de la Copa Alemana por el Arminia Bielefeld, un equipo de la tercera liga.<\/p>\n<p>Sin embargo, el \u00abchico maravilla\u201d finalmente est\u00e1 de regreso cuando su equipo, y la Bundesliga, m\u00e1s lo necesitan. Con Wirtz, la liga asegura competitividad y esperanza de que el Leverkusen pueda apretar al m\u00e1ximo en la defensa por el t\u00edtulo local, el \u00fanico que ya importa para Xabi Alonso y los suyos; a\u00fan\u00a0seis unidades alejados del Bayern a cinco jornadas del final.<\/p>\n<p>Y es que los n\u00fameros no mienten, por el contrario, se imponen cuando la ausencia en\u00a0un equipo es tan costosa: entre las fechas 1 y 24, siempre que ha estado Wirtz en la cancha, el Leverkusen promedi\u00f3 m\u00e1s goles, m\u00e1s situaciones de gol, m\u00e1s remates del dentro del \u00e1rea, y m\u00e1s del doble de situaciones de gol, seg\u00fan estad\u00edsticas de Bundesliga.<\/p>\n<p>Y otro dato curioso: el 10 del Bayer ya estrell\u00f3 cinco pelotas en el travesa\u00f1o en esta temporada, la marca m\u00e1xima. Si Wirtz convirti\u00e9se estas acciones en goles para su equipo, el universo de los lesionados podr\u00eda ser el de los renacidos en la conquista por la Bundesliga.<\/p>\n<p>(Autom\u00f3vil club brit\u00e1nico)<\/p>\n<\/div>\n\n","protected":false},"excerpt":{"rendered":"<p>Se termin\u00f3 la Champions League para los dos equipos tradicionalmente considerados los m\u00e1s grandes de Alemania. Bayern M\u00fanich y Borussia Dortmund tropezaron ante el Inter de Mil\u00e1n y el Barcelona, respectivamente. Pero, sobre todo, sucumbieron ante sus propias limitaciones a nivel de plantel: las lesiones. Esta condici\u00f3n fue la misma que castig\u00f3 al campe\u00f3n Bayer &hellip;<\/p>\n","protected":false},"author":1,"featured_media":23417,"comment_status":"open","ping_status":"open","sticky":false,"template":"","format":"standard","meta":{"fifu_image_url":"https:\/\/static.dw.com\/image\/72271491_6.jpg","fifu_image_alt":"","footnotes":""},"categories":[13],"tags":[],"class_list":["post-23416","post","type-post","status-publish","format-standard","has-post-thumbnail","","category-mundo"],"_links":{"self":[{"href":"https:\/\/noticiasveraces.com\/index.php?rest_route=\/wp\/v2\/posts\/23416","targetHints":{"allow":["GET"]}}],"collection":[{"href":"https:\/\/noticiasveraces.com\/index.php?rest_route=\/wp\/v2\/posts"}],"about":[{"href":"https:\/\/noticiasveraces.com\/index.php?rest_route=\/wp\/v2\/types\/post"}],"author":[{"embeddable":true,"href":"https:\/\/noticiasveraces.com\/index.php?rest_route=\/wp\/v2\/users\/1"}],"replies":[{"embeddable":true,"href":"https:\/\/noticiasveraces.com\/index.php?rest_route=%2Fwp%2Fv2%2Fcomments&post=23416"}],"version-history":[{"count":0,"href":"https:\/\/noticiasveraces.com\/index.php?rest_route=\/wp\/v2\/posts\/23416\/revisions"}],"wp:featuredmedia":[{"embeddable":true,"href":"https:\/\/noticiasveraces.com\/index.php?rest_route=\/wp\/v2\/media\/23417"}],"wp:attachment":[{"href":"https:\/\/noticiasveraces.com\/index.php?rest_route=%2Fwp%2Fv2%2Fmedia&parent=23416"}],"wp:term":[{"taxonomy":"category","embeddable":true,"href":"https:\/\/noticiasveraces.com\/index.php?rest_route=%2Fwp%2Fv2%2Fcategories&post=23416"},{"taxonomy":"post_tag","embeddable":true,"href":"https:\/\/noticiasveraces.com\/index.php?rest_route=%2Fwp%2Fv2%2Ftags&post=23416"}],"curies":[{"name":"wp","href":"https:\/\/api.w.org\/{rel}","templated":true}]}}