{"id":23412,"date":"2025-04-18T01:41:39","date_gmt":"2025-04-18T05:41:39","guid":{"rendered":"https:\/\/noticiasveraces.com\/?p=23412"},"modified":"2025-04-18T01:41:39","modified_gmt":"2025-04-18T05:41:39","slug":"la-campana-mi-voz-mi-decision-supera-el-millon-de-firmas-a-favor-del-aborto-seguro-en-europa-sociedad","status":"publish","type":"post","link":"https:\/\/noticiasveraces.com\/?p=23412","title":{"rendered":"La campa\u00f1a \u2018Mi voz, mi decisi\u00f3n\u2019 supera el mill\u00f3n de firmas a favor del aborto seguro en Europa | Sociedad"},"content":{"rendered":"<p> \n<\/p>\n<div data-dtm-region=\"articulo_cuerpo\">\n<p class=\"\">La regresi\u00f3n comenz\u00f3 hace tiempo, cuando Polonia en 2020 se convirti\u00f3 en uno de los pa\u00edses con m\u00e1s restricciones en Europa para abortar. Entonces, el Tribunal Constitucional lo declar\u00f3 ilegal a excepci\u00f3n de dos situaciones: si la vida de la madre corr\u00eda peligro, como en Malta, y si el embarazo era producto de una violaci\u00f3n. Italia, con la llegada de Giorgia Meloni, ha ido poniendo piedras en el camino para ejercitar este derecho. Y en el resto del territorio, donde est\u00e1 reconocido, tampoco es una garant\u00eda para 20 millones de mujeres, seg\u00fan la organizaci\u00f3n Mi voz, mi decisi\u00f3n, que es tambi\u00e9n el nombre de la Iniciativa Ciudadana Europea encargada hace un a\u00f1o de recoger firmas con la intenci\u00f3n de que el aborto sea libre, seguro, gratuito y accesible. Ahora han alcanzado la cifra necesaria para que la petici\u00f3n tenga recorrido ante el Ejecutivo comunitario: m\u00e1s de un mill\u00f3n.<\/p>\n<p class=\"\">\u201cSe trata de un logro hist\u00f3rico, ya que el proceso podr\u00eda desembocar en una nueva legislaci\u00f3n, una primicia hist\u00f3rica\u201d, celebra la entidad. \u201cEsto es lo que ocurre cuando personas de toda Europa se unen por la justicia. Convertimos el dolor en acci\u00f3n, el miedo en valent\u00eda y el silencio en 1,2 millones de voces que exigen derechos reproductivos\u201d, ha afirmado este jueves en rueda de prensa Nika Kova\u010d, coordinadora del proyecto Mi voz, mi decisi\u00f3n.<\/p>\n<p class=\"\">La campa\u00f1a entra ahora en su siguiente fase, en la que se proceder\u00e1 a la verificaci\u00f3n nacional de las firmas, a lo que seguir\u00e1 una presentaci\u00f3n oficial de medidas legislativas a la Comisi\u00f3n Europea y una audiencia en el Parlamento. Una respuesta positiva dar\u00eda lugar a la consideraci\u00f3n formal de una normativa que devuelva la atenci\u00f3n sanitaria reproductiva a la agenda.<\/p>\n<p class=\"\">De esta forma, la Comisi\u00f3n Europea puede establecer un mecanismo de financiaci\u00f3n espec\u00edfico que garantice que todas las mujeres tengan acceso a servicios de aborto seguro y atenci\u00f3n sanitaria reproductiva, independientemente de sus ingresos o de su lugar de residencia.<\/p>\n<p class=\"\">El fondo es necesario para cubrir los gastos m\u00e9dicos y brindar atenci\u00f3n en pa\u00edses de la Uni\u00f3n Europea \u201cdonde el aborto est\u00e1 prohibido, como en Polonia y en Malta, donde no es gratuito, como en Austria y Alemania, o donde es funcionalmente inaccesible, como en Croacia, Italia, Ruman\u00eda y Hungr\u00eda\u201d, seg\u00fan la entidad.<\/p>\n<p class=\"\">Kova\u010d ha asegurado que \u201cen Polonia han muerto mujeres en hospitales porque los m\u00e9dicos se negaron a practicarles un aborto en virtud de leyes restrictivas y en Malta se enfrentan a penas de c\u00e1rcel por abortar\u201d. Insiste en que el derecho a decidir no es una cuesti\u00f3n marginal, \u201ces un valor europeo ampliamente respaldado y profundamente arraigado\u201d. Por ello, insta a la Uni\u00f3n Europea a actuar.<\/p>\n<p class=\"\">En Hungr\u00eda, las leyes obligatorias sobre el latido fetal retrasan la atenci\u00f3n, mientras que en Rumania, d\u00e9cadas de falta de financiaci\u00f3n y estigmatizaci\u00f3n han conseguido que los proveedores de servicios de aborto pr\u00e1cticamente desaparezcan. \u201cEn la Rep\u00fablica Checa, la atenci\u00f3n a la interrupci\u00f3n del embarazo es inaccesible y puede llegar a costar hasta el 30% del salario m\u00ednimo\u201d, apuntan en Mi voz, mi decisi\u00f3n. Adem\u00e1s, m\u00e1s del 40% de los hospitales no atienden a personas sin residencia permanente. Incluso, en los pa\u00edses donde el aborto es legal, a menudo la atenci\u00f3n no est\u00e1 disponible o es inasequible.<\/p>\n<p class=\"\">Esta campa\u00f1a reuni\u00f3 a m\u00e1s de 300 entidades sin \u00e1nimo de lucro y a m\u00e1s de 2.000 voluntarios, que recogieron firmas en ciudades, pueblos, campus y mercados de todos los Estados miembros de la Uni\u00f3n Europea. Adem\u00e1s de la organizaci\u00f3n de base, la iniciativa lleg\u00f3 a m\u00e1s de 65 millones de personas en Internet, a trav\u00e9s de plataformas como TikTok, Instagram y Bluesky.<\/p>\n<figure class=\"a_m a_m-h \"><span class=\"_db a_m_w _pr lb_btn\"><img alt=\"De izquierda a derecha: Las activistas Cristina Fallar\u00e1s, Kika Fumero y Luciana Peker en un acto de Mi voz, mi decisi\u00f3n en mayo de 2024.\" decoding=\"auto\" class=\"_re lazyload a_m-h\" height=\"311\" srcset=\"https:\/\/imagenes.elpais.com\/resizer\/v2\/IJX73JIKXREU3MAGYCBMELO23U.jpg?auth=f712c3e7107ddeeb1e613b17e61dd6f6d0e82aac2564276225686b9bdb7f3ad4&amp;width=414 414w,https:\/\/imagenes.elpais.com\/resizer\/v2\/IJX73JIKXREU3MAGYCBMELO23U.jpg?auth=f712c3e7107ddeeb1e613b17e61dd6f6d0e82aac2564276225686b9bdb7f3ad4&amp;width=828 640w,https:\/\/imagenes.elpais.com\/resizer\/v2\/IJX73JIKXREU3MAGYCBMELO23U.jpg?auth=f712c3e7107ddeeb1e613b17e61dd6f6d0e82aac2564276225686b9bdb7f3ad4&amp;width=980 1000w,https:\/\/imagenes.elpais.com\/resizer\/v2\/IJX73JIKXREU3MAGYCBMELO23U.jpg?auth=f712c3e7107ddeeb1e613b17e61dd6f6d0e82aac2564276225686b9bdb7f3ad4&amp;width=1960 1960w\" width=\"414\" sizes=\"auto, (min-width:1199px) 1155px,(min-width:1001px) calc(100vw - 44px),(min-width:768px) 767px, 100vw\" src=\"https:\/\/imagenes.elpais.com\/resizer\/v2\/IJX73JIKXREU3MAGYCBMELO23U.jpg?auth=f712c3e7107ddeeb1e613b17e61dd6f6d0e82aac2564276225686b9bdb7f3ad4&amp;width=414\" loading=\"lazy\"\/><svg aria-hidden=\"true\" class=\"icon_multimedia_ampliar | _pa a_m_i a_m_i-a _dn\" viewbox=\"0 0 40 40\"><use xlink:href=\"#svg-ampliar\"\/><\/svg><\/span><figcaption class=\"a_m_p\" aria-hidden=\"true\"><span>De izquierda a derecha: Las activistas Cristina Fallar\u00e1s, Kika Fumero y Luciana Peker en un acto de Mi voz, mi decisi\u00f3n en mayo de 2024.<\/span><span class=\"a_m_m\">Europa Press (Europa Press)<\/span><\/figcaption><\/figure>\n<p class=\"\">\u201cLa gente no se limit\u00f3 a pulsar un bot\u00f3n, se uni\u00f3 a un movimiento. Desde personas en las calles de Eslovenia, pasando por abuelas en Alemania, hasta estudiantes en Malta, vimos a personas que se defend\u00edan entre s\u00ed, por la dignidad y por la libertad de elegir\u201d, ha asegurado la directora de comunicaci\u00f3n de la campa\u00f1a, Veronika Pov\u017e. M\u00e1s de 26.000 austriacos defendieron el acceso al aborto seguro.<\/p>\n<p class=\"\">\u201cNo luchamos s\u00f3lo por un cambio de sistema, sino por una ayuda real. Este fondo significar\u00eda que una mujer de Malta o Polonia pueda recibir la atenci\u00f3n que necesita, con dignidad y sin verg\u00fcenza\u201d, ha expresado la periodista y activista Alice Coffin.<\/p>\n<p class=\"\">La campa\u00f1a fue larga y agotadora, \u201cpero incre\u00edblemente inspiradora\u201d, seg\u00fan Lana Bobi\u0107, una de las promotoras del movimiento proabortista en Croacia: \u201cMostr\u00f3 c\u00f3mo la gente, desde estudiantes a jubilados, se autoorganiz\u00f3, se moviliz\u00f3 y demostr\u00f3 que una comunidad verdadera y comprometida est\u00e1 dispuesta a luchar contra las crecientes fuerzas de la oscuridad\u201d.<\/p>\n<p class=\"\">K\u00f3vac ha insistido en que ninguna mujer en Europa debe temer morir en una cama de hospital o ser procesada por tomar decisiones sobre su propio cuerpo: \u201cEstamos aqu\u00ed para decir que los derechos reproductivos son derechos humanos\u201d.<\/p>\n<\/div>\n\n","protected":false},"excerpt":{"rendered":"<p>La regresi\u00f3n comenz\u00f3 hace tiempo, cuando Polonia en 2020 se convirti\u00f3 en uno de los pa\u00edses con m\u00e1s restricciones en Europa para abortar. Entonces, el Tribunal Constitucional lo declar\u00f3 ilegal a excepci\u00f3n de dos situaciones: si la vida de la madre corr\u00eda peligro, como en Malta, y si el embarazo era producto de una violaci\u00f3n. &hellip;<\/p>\n","protected":false},"author":1,"featured_media":23413,"comment_status":"open","ping_status":"open","sticky":false,"template":"","format":"standard","meta":{"fifu_image_url":"https:\/\/imagenes.elpais.com\/resizer\/v2\/PRNM335BMFDT7JY5U646CW4S2A.jpg?auth=45a9c592ae3aaf8868d242d96aa26185e74afba55ef6385c1e430624b25ecad5&width=1200","fifu_image_alt":"","footnotes":""},"categories":[11],"tags":[],"class_list":["post-23412","post","type-post","status-publish","format-standard","has-post-thumbnail","","category-viaje"],"_links":{"self":[{"href":"https:\/\/noticiasveraces.com\/index.php?rest_route=\/wp\/v2\/posts\/23412","targetHints":{"allow":["GET"]}}],"collection":[{"href":"https:\/\/noticiasveraces.com\/index.php?rest_route=\/wp\/v2\/posts"}],"about":[{"href":"https:\/\/noticiasveraces.com\/index.php?rest_route=\/wp\/v2\/types\/post"}],"author":[{"embeddable":true,"href":"https:\/\/noticiasveraces.com\/index.php?rest_route=\/wp\/v2\/users\/1"}],"replies":[{"embeddable":true,"href":"https:\/\/noticiasveraces.com\/index.php?rest_route=%2Fwp%2Fv2%2Fcomments&post=23412"}],"version-history":[{"count":0,"href":"https:\/\/noticiasveraces.com\/index.php?rest_route=\/wp\/v2\/posts\/23412\/revisions"}],"wp:featuredmedia":[{"embeddable":true,"href":"https:\/\/noticiasveraces.com\/index.php?rest_route=\/wp\/v2\/media\/23413"}],"wp:attachment":[{"href":"https:\/\/noticiasveraces.com\/index.php?rest_route=%2Fwp%2Fv2%2Fmedia&parent=23412"}],"wp:term":[{"taxonomy":"category","embeddable":true,"href":"https:\/\/noticiasveraces.com\/index.php?rest_route=%2Fwp%2Fv2%2Fcategories&post=23412"},{"taxonomy":"post_tag","embeddable":true,"href":"https:\/\/noticiasveraces.com\/index.php?rest_route=%2Fwp%2Fv2%2Ftags&post=23412"}],"curies":[{"name":"wp","href":"https:\/\/api.w.org\/{rel}","templated":true}]}}