{"id":23410,"date":"2025-04-18T00:40:13","date_gmt":"2025-04-18T04:40:13","guid":{"rendered":"https:\/\/noticiasveraces.com\/?p=23410"},"modified":"2025-04-18T00:40:13","modified_gmt":"2025-04-18T04:40:13","slug":"dos-muertos-y-24-heridos-deja-estallido-de-bomba-en-colombia-dw-18-04-2025","status":"publish","type":"post","link":"https:\/\/noticiasveraces.com\/?p=23410","title":{"rendered":"Dos muertos y 24 heridos deja estallido de bomba en Colombia \u2013 DW \u2013 18\/04\/2025"},"content":{"rendered":"<p> \n<\/p>\n<div>\n<p>Al menos dos personas muertas y 24 heridas dej\u00f3 este jueves (17.04.2025) la explosi\u00f3n de una bomba frente al puesto de Polic\u00eda de La Plata, en el departamento de Huila, en el sur de Colombia,\u00a0en momentos en que los habitantes de ese municipio participaban en las celebraciones del Jueves Santo.<\/p>\n<p>La bomba estaba en una motocicleta, manifest\u00f3 el comandante encargado de la Polic\u00eda del Huila, coronel Carlos Sierra, quien confirm\u00f3 as\u00ed las versiones de testigos.<\/p>\n<p>\u00abEn la noche de hoy, 17 de abril, se registr\u00f3 la activaci\u00f3n de un artefacto explosivo acondicionado en una motocicleta frente a un hotel en inmediaciones de la estaci\u00f3n de Polic\u00eda del municipio de La Plata\u00bb, declar\u00f3 el oficial.<\/p>\n<p>Seg\u00fan el coronel Sierra, \u00aben este hecho resultaron asesinadas dos personas y de manera preliminar, 24 lesionadas que fueron trasladadas a centros asistenciales para recibir atenci\u00f3n m\u00e9dica\u00bb.<\/p>\n<p>La explosi\u00f3n provoc\u00f3 un incendio y una columna de humo, lo que aument\u00f3 el p\u00e1nico de la poblaci\u00f3n que a esa hora sal\u00eda de la iglesia por los oficios religiosos del Jueves Santo, como se puede ver en v\u00eddeos subidos a redes sociales.<\/p>\n<p>\u00abCondeno el cobarde atentado terrorista en La Plata. Mi solidaridad con las familias afectadas, con los plate\u00f1os, gente buena y trabajadora, y con nuestra Polic\u00eda\u00bb, manifest\u00f3 en su cuenta de X el gobernador del Huila, Rodrigo Villalba Mosquera.<\/p>\n<p>La Polic\u00eda no dio informaci\u00f3n sobre las v\u00edctimas mortales, pero algunos medios han se\u00f1alado que se trata de dos hermanos, hombre y mujer, de 17 y 19 a\u00f1os de edad.<\/p>\n<p><span data-slot-id=\"Article_InContent-1\" class=\"rich-text-ad\"\/><\/p>\n<h2>Dos atentados similares en un d\u00eda<\/h2>\n<p>Ninguna autoridad se ha pronunciado sobre la autor\u00eda de este ataque en el Huila, departamento donde operan principalmente disidencias de la antigua guerrilla de las FARC, a quienes el Gobierno atribuy\u00f3 otro atentado similar que esta ma\u00f1ana dej\u00f3 una mujer muerta y varios heridos en la localidad de Mondomo (Cauca).<\/p>\n<p>Varios miembros del Congreso condenaron el ataque terrorista en La Plata, entre ellos la representante a la C\u00e1mara Luz Pastrana, oriunda del Huila y miembro del partido Cambio Radical, quien dijo en su cuenta de X que \u00abeste atentado cobra la vida de al menos dos personas y deja heridos a m\u00e1s de 20 personas entre ellos varios ni\u00f1os\u00bb.<\/p>\n<p>\u00abLo sucedido en La Plata, Huila, es un nuevo acto de barbarie que refleja el fracaso absoluto del Gobierno en su pol\u00edtica de seguridad\u00bb, manifest\u00f3 por su parte la senadora Mar\u00eda Fernanda Cabal, del partido opositor Centro Democr\u00e1tico, quien a\u00f1adi\u00f3 que lo sucedido \u00abdemuestra que los criminales se sienten con total impunidad\u00bb.<\/p>\n<p>El otro atentado terrorista de este jueves en el Cauca (suroeste), tambi\u00e9n contra un puesto policial de la localidad de Mondomo, fue atribuido por el ministro de Defensa, Pedro S\u00e1nchez Su\u00e1rez, a las disidencias de las FARC.<\/p>\n<p>\u00abLos hechos de las disidencias de las FARC denotan que su esencia es el narcotr\u00e1fico y el terrorismo. Estas disidencias le dijeron NO a la paz en el 2016 y ratificaron su negativa en el marco de la Paz Total. Peor a\u00fan, lo siguen confirmando cuando asesinan a mujeres, reclutan a menores y aterrorizan a la poblaci\u00f3n sin discriminaci\u00f3n alguna\u00bb, se\u00f1al\u00f3 el ministro en su cuenta de X.<\/p>\n<p>Las dos acciones terroristas en Huila y Cauca se producen el mismo d\u00eda en que el Gobierno colombiano decidi\u00f3 no prorrogar el cese al fuego bilateral con el Estado Mayor de los Bloques (EMB), una de las principales disidencias de las FARC, que concluy\u00f3 este martes tras 18 meses y que se esperaba que fuese aprobado por otros seis.<\/p>\n<p>La pr\u00f3rroga deb\u00eda ser decretada por el presidente colombiano, Gustavo Petro, pero el Gobierno envi\u00f3 una carta a las delegaciones de paz en la que comunica la decisi\u00f3n de \u00abno prorrogar el cese al fuego bilateral y temporal con respecto a la poblaci\u00f3n civil\u00bb.<\/p>\n<p>mg (efe, El Espectador)<\/p>\n<\/p>\n<\/div>\n\n","protected":false},"excerpt":{"rendered":"<p>Al menos dos personas muertas y 24 heridas dej\u00f3 este jueves (17.04.2025) la explosi\u00f3n de una bomba frente al puesto de Polic\u00eda de La Plata, en el departamento de Huila, en el sur de Colombia,\u00a0en momentos en que los habitantes de ese municipio participaban en las celebraciones del Jueves Santo. La bomba estaba en una &hellip;<\/p>\n","protected":false},"author":1,"featured_media":23411,"comment_status":"open","ping_status":"open","sticky":false,"template":"","format":"standard","meta":{"fifu_image_url":"https:\/\/static.dw.com\/image\/71688384_6.jpg","fifu_image_alt":"","footnotes":""},"categories":[13],"tags":[],"class_list":["post-23410","post","type-post","status-publish","format-standard","has-post-thumbnail","","category-mundo"],"_links":{"self":[{"href":"https:\/\/noticiasveraces.com\/index.php?rest_route=\/wp\/v2\/posts\/23410","targetHints":{"allow":["GET"]}}],"collection":[{"href":"https:\/\/noticiasveraces.com\/index.php?rest_route=\/wp\/v2\/posts"}],"about":[{"href":"https:\/\/noticiasveraces.com\/index.php?rest_route=\/wp\/v2\/types\/post"}],"author":[{"embeddable":true,"href":"https:\/\/noticiasveraces.com\/index.php?rest_route=\/wp\/v2\/users\/1"}],"replies":[{"embeddable":true,"href":"https:\/\/noticiasveraces.com\/index.php?rest_route=%2Fwp%2Fv2%2Fcomments&post=23410"}],"version-history":[{"count":0,"href":"https:\/\/noticiasveraces.com\/index.php?rest_route=\/wp\/v2\/posts\/23410\/revisions"}],"wp:featuredmedia":[{"embeddable":true,"href":"https:\/\/noticiasveraces.com\/index.php?rest_route=\/wp\/v2\/media\/23411"}],"wp:attachment":[{"href":"https:\/\/noticiasveraces.com\/index.php?rest_route=%2Fwp%2Fv2%2Fmedia&parent=23410"}],"wp:term":[{"taxonomy":"category","embeddable":true,"href":"https:\/\/noticiasveraces.com\/index.php?rest_route=%2Fwp%2Fv2%2Fcategories&post=23410"},{"taxonomy":"post_tag","embeddable":true,"href":"https:\/\/noticiasveraces.com\/index.php?rest_route=%2Fwp%2Fv2%2Ftags&post=23410"}],"curies":[{"name":"wp","href":"https:\/\/api.w.org\/{rel}","templated":true}]}}