{"id":23384,"date":"2025-04-17T21:14:45","date_gmt":"2025-04-18T01:14:45","guid":{"rendered":"https:\/\/noticiasveraces.com\/?p=23384"},"modified":"2025-04-17T21:14:45","modified_gmt":"2025-04-18T01:14:45","slug":"caso-dani-alves-presidente-de-pumas-sostiene-la-demanda","status":"publish","type":"post","link":"https:\/\/noticiasveraces.com\/?p=23384","title":{"rendered":"Caso Dani Alves: presidente de Pumas sostiene la demanda"},"content":{"rendered":"<p> \n<br \/><img decoding=\"async\" src=\"https:\/\/www.futbolred.com\/files\/article_graphic\/uploads\/2024\/03\/25\/66019d38a0007.png\" \/><\/p>\n<header>\n<h3>\n<p>                Curiosidades de f\u00fatbol<br \/>\n            <\/h3>\n<h1>\n<p>            Caso Dani Alves: presidente de Pumas sostiene la demanda<br \/>\n        <\/h1>\n<address>\n            <a>Ramon Eduardo Castro Daza<br \/>\n        <\/address>\n<p>            17 de abril 2025 , 11:27 a.\u00a0m.<\/p>\n<\/header>\n<p>El club universitario reafirm\u00f3 que el litigio contra Dani Alves sigue activo y en manos del TAS.<\/p>\n<p>Pumas rompi\u00f3 el silencio respecto al conflicto legal que mantiene con el exjugador Dani Alves.<\/p>\n<p>El presidente del club, Ra\u00fal Gonz\u00e1lez P\u00e9rez, asegur\u00f3 que el proceso ante el TAS est\u00e1 lejos de haberse cerrado.<\/p>\n<p><b>\u00abEstamos en una etapa de evaluaci\u00f3n, no hay una resoluci\u00f3n a\u00fan, pero confiamos en que se har\u00e1 justicia\u00bb<\/b>afirm\u00f3 el dirigente.<\/p>\n<p>Frente a versiones que hablaban de un presunto rechazo del caso, el club aclar\u00f3 que solo se trat\u00f3 de una audiencia formal. Ambas partes expusieron sus argumentos ante un panel de tres \u00e1rbitros.<\/p>\n<p>La demanda del club universitario asciende a unos <b>100 millones de pesos mexicanos, unos cinco millones de d\u00f3lares.<\/b> El reclamo se basa en un supuesto incumplimiento de contrato por parte de Alves, quien fue apartado del equipo en enero de 2023.<\/p>\n<p>La audiencia clave ocurri\u00f3 el pasado 25 de marzo. Desde entonces, el expediente permanece en an\u00e1lisis, sin una fecha definida para la decisi\u00f3n final.<\/p>\n<p>\u00abNos conviene que esto se resuelva pronto, pero somos conscientes de que puede tardar varios meses. Lo m\u00e1s importante es que se respete el debido proceso\u00bb, dijo Gonz\u00e1lez.<\/p>\n\n","protected":false},"excerpt":{"rendered":"<p>Curiosidades de f\u00fatbol Caso Dani Alves: presidente de Pumas sostiene la demanda Ramon Eduardo Castro Daza 17 de abril 2025 , 11:27 a.\u00a0m. El club universitario reafirm\u00f3 que el litigio contra Dani Alves sigue activo y en manos del TAS. Pumas rompi\u00f3 el silencio respecto al conflicto legal que mantiene con el exjugador Dani Alves. &hellip;<\/p>\n","protected":false},"author":1,"featured_media":23386,"comment_status":"open","ping_status":"open","sticky":false,"template":"","format":"standard","meta":{"fifu_image_url":"https:\/\/www.futbolred.com\/files\/og_thumbnail\/uploads\/2024\/03\/25\/66019d38a0007.png","fifu_image_alt":"","footnotes":""},"categories":[6],"tags":[],"class_list":["post-23384","post","type-post","status-publish","format-standard","has-post-thumbnail","","category-deportes"],"_links":{"self":[{"href":"https:\/\/noticiasveraces.com\/index.php?rest_route=\/wp\/v2\/posts\/23384","targetHints":{"allow":["GET"]}}],"collection":[{"href":"https:\/\/noticiasveraces.com\/index.php?rest_route=\/wp\/v2\/posts"}],"about":[{"href":"https:\/\/noticiasveraces.com\/index.php?rest_route=\/wp\/v2\/types\/post"}],"author":[{"embeddable":true,"href":"https:\/\/noticiasveraces.com\/index.php?rest_route=\/wp\/v2\/users\/1"}],"replies":[{"embeddable":true,"href":"https:\/\/noticiasveraces.com\/index.php?rest_route=%2Fwp%2Fv2%2Fcomments&post=23384"}],"version-history":[{"count":0,"href":"https:\/\/noticiasveraces.com\/index.php?rest_route=\/wp\/v2\/posts\/23384\/revisions"}],"wp:featuredmedia":[{"embeddable":true,"href":"https:\/\/noticiasveraces.com\/index.php?rest_route=\/wp\/v2\/media\/23386"}],"wp:attachment":[{"href":"https:\/\/noticiasveraces.com\/index.php?rest_route=%2Fwp%2Fv2%2Fmedia&parent=23384"}],"wp:term":[{"taxonomy":"category","embeddable":true,"href":"https:\/\/noticiasveraces.com\/index.php?rest_route=%2Fwp%2Fv2%2Fcategories&post=23384"},{"taxonomy":"post_tag","embeddable":true,"href":"https:\/\/noticiasveraces.com\/index.php?rest_route=%2Fwp%2Fv2%2Ftags&post=23384"}],"curies":[{"name":"wp","href":"https:\/\/api.w.org\/{rel}","templated":true}]}}