{"id":23372,"date":"2025-04-17T18:31:55","date_gmt":"2025-04-17T22:31:55","guid":{"rendered":"https:\/\/noticiasveraces.com\/?p=23372"},"modified":"2025-04-17T18:31:55","modified_gmt":"2025-04-17T22:31:55","slug":"que-ha-sido-del-movimiento-pacifista-aleman-dw-17-04-2025","status":"publish","type":"post","link":"https:\/\/noticiasveraces.com\/?p=23372","title":{"rendered":"\u00bfQu\u00e9 ha sido del movimiento pacifista alem\u00e1n? \u2013 DW \u2013 17\/04\/2025"},"content":{"rendered":"<p> \n<\/p>\n<div>\n<p>Se espera que decenas de miles de personas se unan este fin de semana a unas 120 protestas pacifistas en todo el pa\u00eds, cuando\u00a0el movimiento pacifista alem\u00e1n prepara sus tradicionales marchas de Pascua\u00a0por la paz, mientras el\u00a0pr\u00f3ximo gobierno que probablemente encabezar\u00e1\u00a0Friedrich Merz se propone\u00a0gastar miles de millones en rearmar el pa\u00eds y pretende aumentar el n\u00famero de reclutas de la <em>Bundeswehr<\/em> de los 83.000 actuales a 203.000 para 2031 con un programa\u00a0voluntario.<\/p>\n<p>La opini\u00f3n de los alemanes\u00a0sobre la guerra y la paz es actualmente compleja: las encuestas del instituto de investigaci\u00f3n Forsa (realizadas en marzo y abril para los medios de comunicaci\u00f3n RTL y NTV) revelaron que, si bien la mayor\u00eda de los alemanes (54%) teme ahora que el pa\u00eds pueda verse arrastrado a la guerra de Ucrania, s\u00f3lo uno de cada seis habitantes estar\u00eda dispuesto a luchar por el pa\u00eds.<\/p>\n<p>Las marchas de Semana Santa en s\u00ed son muy ecl\u00e9cticas, ya que cada una de las 120 protestas publica sus propios llamamientos, en los que se plantean distintas reivindicaciones y se llama la atenci\u00f3n sobre diferentes conflictos en todo el mundo. Pero, seg\u00fan Kristian Golla, que ayuda a coordinar las manifestaciones a trav\u00e9s de la organizaci\u00f3n \u00abRed del Movimiento Alem\u00e1n por la Paz\u201d, hay algunas reivindicaciones clave comunes a todas: todas las manifestaciones se oponen a la \u00abexcesiva acumulaci\u00f3n de armas en Alemania y Europa\u201d, piden m\u00e1s esfuerzos diplom\u00e1ticos para poner fin a las guerras \u00abespecialmente en Ucrania y Gaza\u201d, exigen el desmantelamiento de todas\u00a0las armas nucleares y se\u00a0oponen al estacionamiento de misiles bal\u00edsticos de alcance medio en Europa.<\/p>\n<p>\u00abCreo que es importante se\u00f1alar que hay alternativas, que no se trata s\u00f3lo de rearme, rearme, rearme: \u00bfes ese el camino correcto?\u201d, dijo Golla a DW. \u00abCreo que los pol\u00edticos est\u00e1n intentando ofrecer una soluci\u00f3n que no es realmente una soluci\u00f3n. \u00bfEs cierto realmente que una vez que Rusia haya ocupado Ucrania, ocupar\u00e1 la mitad de Europa Occidental? No estoy muy seguro de que eso sea realmente cierto\u201d.<\/p>\n<h2>Tiempos dif\u00edciles para los pacifistas<\/h2>\n<p>Olaf M\u00fcller, pacifista y profesor de filosof\u00eda en la Universidad\u00a0Humboldt de Berl\u00edn, cree que el movimiento pacifista alem\u00e1n se encuentra en uno de sus momentos m\u00e1s bajos en d\u00e9cadas.<\/p>\n<p>\u00abCreo que el movimiento pacifista est\u00e1 desmoralizado\u201d, declar\u00f3 a DW. \u00abY una de las razones es que si ahora sales a la calle contra el militarismo eres sospechoso al instante de hacerle el juego a Putin\u201d.<\/p>\n<p>Es cierto que, a pesar de las protestas de esta semana, el movimiento pacifista alem\u00e1n ha experimentado un dr\u00e1stico declive desde su apogeo en la d\u00e9cada de 1980, cuando la Guerra Fr\u00eda tocaba lentamente a su fin y los movimientos por la libertad se extend\u00edan por la Europa comunista.<\/p>\n<figure class=\"placeholder-image master_landscape big\"><img data-format=\"MASTER_LANDSCAPE\" data-id=\"72033246\" data-url=\"https:\/\/static.dw.com\/image\/72033246_${formatId}.jpg\" data-aspect-ratio=\"16\/9\" alt=\"Friedrich Merz sentado en avi\u00f3n de guerra.\" style=\"padding-bottom: 56.25%; height: 0; max-height: 0;\"\/><figcaption class=\"img-caption\">El pr\u00f3ximo gobierno alem\u00e1n del probable canciller Friedrich Merz se prepara para gastar miles de millones en rearmar el pa\u00eds.<small class=\"copyright\">Imagen: Bernd W\u00fcstneck\/dpa\/picture alliance<\/small><\/figcaption><\/figure>\n<p>Los alemanes tienen cada vez m\u00e1s miedo a la guerra, entre otras cosas por los recientes acontecimientos en la Casa Blanca. \u00abEn estos momentos, los alemanes tienen miedo porque ya no est\u00e1n seguros de que se mantenga la garant\u00eda de seguridad del tratado de la OTAN\u201d, afirma M\u00fcller.<\/p>\n<p>A su juicio, hay alternativas pr\u00e1cticas a la defensa militar, y sostiene que, si Alemania restableciera el servicio militar obligatorio, habr\u00eda que dar a la gente la alternativa de formarse en resistencia civil no violenta y desobediencia civil. Algunas ciudades y pueblos ucranianos han practicado de hecho tales m\u00e9todos contra los invasores rusos.<\/p>\n<p><span data-slot-id=\"Article_InContent-1\" class=\"rich-text-ad\"\/><\/p>\n<h2>\u00bfQu\u00e9 ha sido del movimiento pacifista?<\/h2>\n<p>Annette Ohme-Reinicke, soci\u00f3loga de la Universidad de Stuttgart y autora de un libro sobre la historia de los movimientos sociales, opina que el movimiento pacifista alem\u00e1n se ha visto socavado por otras preocupaciones desde el final de la Guerra Fr\u00eda, cuando la sociedad empez\u00f3 a \u00abmirar hacia otro lado\u201d en relaci\u00f3n con las cuestiones de la guerra y la defensa.<\/p>\n<p>Mientras tanto, argumenta, los alemanes se han preocupado mucho m\u00e1s por asuntos sociales: las dificultades de la inflaci\u00f3n, el aumento de los alquileres y el mero hecho de intentar asegurarse la vida han creado una sensaci\u00f3n de ansiedad en la poblaci\u00f3n, mientras que un sistema econ\u00f3mico m\u00e1s neoliberal, y el individualismo que conlleva, han socavado los movimientos sociales en general.<\/p>\n<p>Los polit\u00f3logos Klaus Schlichte y Stephan Hensell, de la Universidad de Bremen, instan a reflexionar: \u00abPor escandaloso que pueda parecer en este momento, cualquiera que est\u00e9 interesado en la estabilidad de Europa tendr\u00e1 que empezar a pensar ya en iniciar un nuevo proceso de desarme. La carta blanca para el armamento, que se decidi\u00f3 precipitadamente, deber\u00eda ser en realidad un\u00a0motivo para que todos los expertos pensaran en este tipo de soluciones al dilema de la seguridad. Esa ser\u00eda la misi\u00f3n hist\u00f3rica de la investigaci\u00f3n para la paz\u00bb, escribieron en el diario <em>Frankfurter Rundschau.<\/em><\/p>\n<p>(MD\/ER)<\/p>\n<\/div>\n\n","protected":false},"excerpt":{"rendered":"<p>Se espera que decenas de miles de personas se unan este fin de semana a unas 120 protestas pacifistas en todo el pa\u00eds, cuando\u00a0el movimiento pacifista alem\u00e1n prepara sus tradicionales marchas de Pascua\u00a0por la paz, mientras el\u00a0pr\u00f3ximo gobierno que probablemente encabezar\u00e1\u00a0Friedrich Merz se propone\u00a0gastar miles de millones en rearmar el pa\u00eds y pretende aumentar el &hellip;<\/p>\n","protected":false},"author":1,"featured_media":23373,"comment_status":"open","ping_status":"open","sticky":false,"template":"","format":"standard","meta":{"fifu_image_url":"https:\/\/static.dw.com\/image\/72275504_6.jpg","fifu_image_alt":"","footnotes":""},"categories":[13],"tags":[],"class_list":["post-23372","post","type-post","status-publish","format-standard","has-post-thumbnail","","category-mundo"],"_links":{"self":[{"href":"https:\/\/noticiasveraces.com\/index.php?rest_route=\/wp\/v2\/posts\/23372","targetHints":{"allow":["GET"]}}],"collection":[{"href":"https:\/\/noticiasveraces.com\/index.php?rest_route=\/wp\/v2\/posts"}],"about":[{"href":"https:\/\/noticiasveraces.com\/index.php?rest_route=\/wp\/v2\/types\/post"}],"author":[{"embeddable":true,"href":"https:\/\/noticiasveraces.com\/index.php?rest_route=\/wp\/v2\/users\/1"}],"replies":[{"embeddable":true,"href":"https:\/\/noticiasveraces.com\/index.php?rest_route=%2Fwp%2Fv2%2Fcomments&post=23372"}],"version-history":[{"count":0,"href":"https:\/\/noticiasveraces.com\/index.php?rest_route=\/wp\/v2\/posts\/23372\/revisions"}],"wp:featuredmedia":[{"embeddable":true,"href":"https:\/\/noticiasveraces.com\/index.php?rest_route=\/wp\/v2\/media\/23373"}],"wp:attachment":[{"href":"https:\/\/noticiasveraces.com\/index.php?rest_route=%2Fwp%2Fv2%2Fmedia&parent=23372"}],"wp:term":[{"taxonomy":"category","embeddable":true,"href":"https:\/\/noticiasveraces.com\/index.php?rest_route=%2Fwp%2Fv2%2Fcategories&post=23372"},{"taxonomy":"post_tag","embeddable":true,"href":"https:\/\/noticiasveraces.com\/index.php?rest_route=%2Fwp%2Fv2%2Ftags&post=23372"}],"curies":[{"name":"wp","href":"https:\/\/api.w.org\/{rel}","templated":true}]}}