{"id":23368,"date":"2025-04-17T16:28:50","date_gmt":"2025-04-17T20:28:50","guid":{"rendered":"https:\/\/noticiasveraces.com\/?p=23368"},"modified":"2025-04-17T16:28:50","modified_gmt":"2025-04-17T20:28:50","slug":"al-menos-cuatro-personas-mueren-al-caer-teleferico-dw-17-04-2025","status":"publish","type":"post","link":"https:\/\/noticiasveraces.com\/?p=23368","title":{"rendered":"al menos cuatro personas mueren al caer telef\u00e9rico \u2013 DW \u2013 17\/04\/2025"},"content":{"rendered":"<p> \n<\/p>\n<div>\n<p>Al menos cuatro personas murieron este jueves (17.04.2025) y una result\u00f3 herida al caer un telef\u00e9rico en un municipio de la regi\u00f3n de N\u00e1poles, en el sur de Italia, indicaron los bomberos en un balance definitivo.<\/p>\n<p>\u00abCuatro cuerpos sin vida fueron encontrados y una quinta persona herida fue rescatada y llevada al hospital\u00bb, precisaron en la red Telegram. \u00abM\u00e1s de 50\u00bb bomberos participaron en las operaciones de rescate, agregaron.<\/p>\n<p>El telef\u00e9rico conecta Castellammare di Stabia con el monte Faito, en un recorrido de casi 3 kil\u00f3metros y con un desnivel de 1 kil\u00f3metro.<\/p>\n<figure class=\"placeholder-image master_landscape big\"><img data-format=\"MASTER_LANDSCAPE\" data-id=\"72279172\" data-url=\"https:\/\/static.dw.com\/image\/72279172_${formatId}.jpg\" data-aspect-ratio=\"16\/9\" alt=\"Rescatistas trabajan en el lugar del accidente en Castellammare di Stabia (17.04.2025)\" style=\"padding-bottom: 56.25%; height: 0; max-height: 0;\"\/><figcaption class=\"img-caption\">Rescatistas trabajan en el lugar del accidente en Castellammare di Stabia (17.04.2025)<small class=\"copyright\">Imagen: Alessandro Garofalo\/Undefined\/Associated Press\/Picture Alliance <\/small><\/figcaption><\/figure>\n<p>El accidente se produjo por la rotura de un cable del telef\u00e9rico, cuando una cabina con 16 pasajeros se encontraba cerca de la ciudad y una segunda estaba a mayor altura, sobre un precipicio.<\/p>\n<p>Los pasajeros de la primera cabina fueron rescatados r\u00e1pidamente, pero el mal tiempo y la niebla impidieron acceder r\u00e1pidamente a la la segunda cabina.<\/p>\n<p>Este telef\u00e9rico fue inaugurado en 1952 y hasta ahora solo se hab\u00eda registrado un accidente, en 1960, cuando una cabina se estrell\u00f3 y cuatro personas murieron.<\/p>\n<p>RR (AFP\/DPA)<\/p>\n<\/div>\n\n","protected":false},"excerpt":{"rendered":"<p>Al menos cuatro personas murieron este jueves (17.04.2025) y una result\u00f3 herida al caer un telef\u00e9rico en un municipio de la regi\u00f3n de N\u00e1poles, en el sur de Italia, indicaron los bomberos en un balance definitivo. \u00abCuatro cuerpos sin vida fueron encontrados y una quinta persona herida fue rescatada y llevada al hospital\u00bb, precisaron en &hellip;<\/p>\n","protected":false},"author":1,"featured_media":23369,"comment_status":"open","ping_status":"open","sticky":false,"template":"","format":"standard","meta":{"fifu_image_url":"https:\/\/static.dw.com\/image\/72279145_6.jpg","fifu_image_alt":"","footnotes":""},"categories":[13],"tags":[],"class_list":["post-23368","post","type-post","status-publish","format-standard","has-post-thumbnail","","category-mundo"],"_links":{"self":[{"href":"https:\/\/noticiasveraces.com\/index.php?rest_route=\/wp\/v2\/posts\/23368","targetHints":{"allow":["GET"]}}],"collection":[{"href":"https:\/\/noticiasveraces.com\/index.php?rest_route=\/wp\/v2\/posts"}],"about":[{"href":"https:\/\/noticiasveraces.com\/index.php?rest_route=\/wp\/v2\/types\/post"}],"author":[{"embeddable":true,"href":"https:\/\/noticiasveraces.com\/index.php?rest_route=\/wp\/v2\/users\/1"}],"replies":[{"embeddable":true,"href":"https:\/\/noticiasveraces.com\/index.php?rest_route=%2Fwp%2Fv2%2Fcomments&post=23368"}],"version-history":[{"count":0,"href":"https:\/\/noticiasveraces.com\/index.php?rest_route=\/wp\/v2\/posts\/23368\/revisions"}],"wp:featuredmedia":[{"embeddable":true,"href":"https:\/\/noticiasveraces.com\/index.php?rest_route=\/wp\/v2\/media\/23369"}],"wp:attachment":[{"href":"https:\/\/noticiasveraces.com\/index.php?rest_route=%2Fwp%2Fv2%2Fmedia&parent=23368"}],"wp:term":[{"taxonomy":"category","embeddable":true,"href":"https:\/\/noticiasveraces.com\/index.php?rest_route=%2Fwp%2Fv2%2Fcategories&post=23368"},{"taxonomy":"post_tag","embeddable":true,"href":"https:\/\/noticiasveraces.com\/index.php?rest_route=%2Fwp%2Fv2%2Ftags&post=23368"}],"curies":[{"name":"wp","href":"https:\/\/api.w.org\/{rel}","templated":true}]}}