{"id":23363,"date":"2025-04-17T15:12:32","date_gmt":"2025-04-17T19:12:32","guid":{"rendered":"https:\/\/noticiasveraces.com\/?p=23363"},"modified":"2025-04-17T15:12:32","modified_gmt":"2025-04-17T19:12:32","slug":"el-pibe-valderrama-a-vinicius-no-tiene-necesidad-de-llorar","status":"publish","type":"post","link":"https:\/\/noticiasveraces.com\/?p=23363","title":{"rendered":"\u2018El Pibe\u2019 Valderrama a Vinicius: \u2018No tiene necesidad de llorar\u2019"},"content":{"rendered":"<p> \n<br \/><img decoding=\"async\" src=\"https:\/\/www.futbolred.com\/files\/article_graphic\/uploads\/2024\/10\/29\/6720eb2dbbfa8.jpeg\" \/><\/p>\n<header>\n<h3>\n<p>                Curiosidades de f\u00fatbol<br \/>\n            <\/h3>\n<h1>\n<p>            \u2018El Pibe\u2019 Valderrama a Vinicius: \u2018No tiene necesidad de llorar\u2019<br \/>\n        <\/h1>\n<address>\n            <a>Ramon Eduardo Castro Daza<br \/>\n        <\/address>\n<p>            17 de abril 2025 , 12:39 p.\u00a0m.<\/p>\n<\/header>\n<p>Para el \u00eddolo colombiano, el brasile\u00f1o debe centrarse en jugar y no caer en provocaciones.<\/p>\n<p>En medio de las constantes pol\u00e9micas que rodean a Vinicius Jr. por sus reacciones dentro del campo, Carlos \u2018El Pibe\u2019 Valderrama decidi\u00f3 dar su opini\u00f3n sin rodeos.<\/p>\n<p>El colombiano, referente del f\u00fatbol sudamericano, record\u00f3 que en su \u00e9poca se jugaba con m\u00e1s rudeza y menos protecci\u00f3n para los jugadores talentosos.<\/p>\n<p>\u201c\u00c9l no tiene necesidad. Uno aprende de los mejores. Y los mejores que tiene ahora no lloran. Uno ve\u00eda, les pegaban y se paraban, y les pegaban y se paraban, <b>\u00bfqu\u00e9 voy a llorar yo? \u00c9l (Vinicius) no tiene necesidad de llorar, tiene que jugar\u201d<\/b>afirm\u00f3 en di\u00e1logo con F\u00fatbol de Primera.<\/p>\n<p>Valderrama reconoci\u00f3 las cualidades del extremo brasile\u00f1o, pero insisti\u00f3 en que debe enfocarse m\u00e1s en su rendimiento que en las discusiones.<\/p>\n<p>Durante la entrevista, tambi\u00e9n lo incluy\u00f3 entre los extremos que m\u00e1s le gustan actualmente, junto a nombres como Luis D\u00edaz, Mbapp\u00e9, Lamine Yamal y Lionel Messi.<\/p>\n\n","protected":false},"excerpt":{"rendered":"<p>Curiosidades de f\u00fatbol \u2018El Pibe\u2019 Valderrama a Vinicius: \u2018No tiene necesidad de llorar\u2019 Ramon Eduardo Castro Daza 17 de abril 2025 , 12:39 p.\u00a0m. Para el \u00eddolo colombiano, el brasile\u00f1o debe centrarse en jugar y no caer en provocaciones. En medio de las constantes pol\u00e9micas que rodean a Vinicius Jr. por sus reacciones dentro del &hellip;<\/p>\n","protected":false},"author":1,"featured_media":23365,"comment_status":"open","ping_status":"open","sticky":false,"template":"","format":"standard","meta":{"fifu_image_url":"https:\/\/www.futbolred.com\/files\/og_thumbnail\/uploads\/2024\/10\/29\/6720eb2dbbfa8.jpeg","fifu_image_alt":"","footnotes":""},"categories":[6],"tags":[],"class_list":["post-23363","post","type-post","status-publish","format-standard","has-post-thumbnail","","category-deportes"],"_links":{"self":[{"href":"https:\/\/noticiasveraces.com\/index.php?rest_route=\/wp\/v2\/posts\/23363","targetHints":{"allow":["GET"]}}],"collection":[{"href":"https:\/\/noticiasveraces.com\/index.php?rest_route=\/wp\/v2\/posts"}],"about":[{"href":"https:\/\/noticiasveraces.com\/index.php?rest_route=\/wp\/v2\/types\/post"}],"author":[{"embeddable":true,"href":"https:\/\/noticiasveraces.com\/index.php?rest_route=\/wp\/v2\/users\/1"}],"replies":[{"embeddable":true,"href":"https:\/\/noticiasveraces.com\/index.php?rest_route=%2Fwp%2Fv2%2Fcomments&post=23363"}],"version-history":[{"count":0,"href":"https:\/\/noticiasveraces.com\/index.php?rest_route=\/wp\/v2\/posts\/23363\/revisions"}],"wp:featuredmedia":[{"embeddable":true,"href":"https:\/\/noticiasveraces.com\/index.php?rest_route=\/wp\/v2\/media\/23365"}],"wp:attachment":[{"href":"https:\/\/noticiasveraces.com\/index.php?rest_route=%2Fwp%2Fv2%2Fmedia&parent=23363"}],"wp:term":[{"taxonomy":"category","embeddable":true,"href":"https:\/\/noticiasveraces.com\/index.php?rest_route=%2Fwp%2Fv2%2Fcategories&post=23363"},{"taxonomy":"post_tag","embeddable":true,"href":"https:\/\/noticiasveraces.com\/index.php?rest_route=%2Fwp%2Fv2%2Ftags&post=23363"}],"curies":[{"name":"wp","href":"https:\/\/api.w.org\/{rel}","templated":true}]}}