{"id":23349,"date":"2025-04-17T14:27:40","date_gmt":"2025-04-17T18:27:40","guid":{"rendered":"https:\/\/noticiasveraces.com\/?p=23349"},"modified":"2025-04-17T14:27:40","modified_gmt":"2025-04-17T18:27:40","slug":"el-papa-francisco-mantuvo-la-tradicion-de-visitar-a-los-reclusos-durante-la-semana-santa","status":"publish","type":"post","link":"https:\/\/noticiasveraces.com\/?p=23349","title":{"rendered":"El Papa Francisco mantuvo la tradici\u00f3n de visitar a los reclusos durante la Semana Santa"},"content":{"rendered":"<p> \n<\/p>\n<div>\n<p class=\"speakable\">El Papa Francisco pas\u00f3 el Jueves Santo visitando los que cumpl\u00edan tiempo en una prisi\u00f3n de Roma.<\/p>\n<p class=\"speakable\">A pesar de recuperarse de un episodio de neumon\u00eda, Francis se reuni\u00f3 con docenas de reclusos en la prisi\u00f3n de Regina Coeli mientras manten\u00eda una cita de la temporada de Pascua entre los menos afortunados. <\/p>\n<p>Francis ofreci\u00f3 palabras de aliento y reclusos talentados con un rosario y un evangelio de bolsillo, seg\u00fan Vatican News.<\/p>\n<p>\u00abSiempre me ha gustado venir a la prisi\u00f3n el Jueves Santo para lavar los pies como Jes\u00fas\u00bb, dijo el pont\u00edfice. \u00abEste a\u00f1o, no puedo hacerlo, pero quiero estar cerca de ti. Rezo por ti y tus familias\u00bb.<\/p>\n<p><strong>El Papa Francisco aparece despu\u00e9s de la misa del Domingo de Ramos en el Vaticano<\/strong><\/p>\n<div class=\"image-ct inline\">\n<div class=\"m\"><picture><source media=\"(max-width: 767px)\" srcset=\"https:\/\/a57.foxnews.com\/static.foxnews.com\/foxnews.com\/content\/uploads\/2025\/04\/343\/192\/pope-rome-prison-2.jpg?ve=1&amp;tl=1, https:\/\/a57.foxnews.com\/static.foxnews.com\/foxnews.com\/content\/uploads\/2025\/04\/686\/384\/pope-rome-prison-2.jpg?ve=1&amp;tl=1 2x\" height=\"192\" width=\"343\"><source media=\"(min-width: 768px) and (max-width: 1023px)\" srcset=\"https:\/\/a57.foxnews.com\/static.foxnews.com\/foxnews.com\/content\/uploads\/2025\/04\/672\/378\/pope-rome-prison-2.jpg?ve=1&amp;tl=1, https:\/\/a57.foxnews.com\/static.foxnews.com\/foxnews.com\/content\/uploads\/2025\/04\/1344\/756\/pope-rome-prison-2.jpg?ve=1&amp;tl=1 2x\" height=\"378\" width=\"672\"><source media=\"(min-width: 1024px) and (max-width: 1279px)\" srcset=\"https:\/\/a57.foxnews.com\/static.foxnews.com\/foxnews.com\/content\/uploads\/2025\/04\/931\/523\/pope-rome-prison-2.jpg?ve=1&amp;tl=1, https:\/\/a57.foxnews.com\/static.foxnews.com\/foxnews.com\/content\/uploads\/2025\/04\/1862\/1046\/pope-rome-prison-2.jpg?ve=1&amp;tl=1 2x\" height=\"523\" width=\"931\"><source media=\"(min-width: 1280px)\" srcset=\"https:\/\/a57.foxnews.com\/static.foxnews.com\/foxnews.com\/content\/uploads\/2025\/04\/720\/405\/pope-rome-prison-2.jpg?ve=1&amp;tl=1, https:\/\/a57.foxnews.com\/static.foxnews.com\/foxnews.com\/content\/uploads\/2025\/04\/1440\/810\/pope-rome-prison-2.jpg?ve=1&amp;tl=1 2x\" height=\"405\" width=\"720\"><img loading=\"lazy\" decoding=\"async\" src=\"https:\/\/a57.foxnews.com\/static.foxnews.com\/foxnews.com\/content\/uploads\/2025\/04\/1200\/675\/pope-rome-prison-2.jpg?ve=1&amp;tl=1\" alt=\"Papa Francisco en el auto en la prisi\u00f3n de Roma\" width=\"1200\" height=\"675\"\/><\/source><\/source><\/source><\/source><\/picture><\/div>\n<div class=\"info\">\n<div class=\"caption\">\n<p><span>El Papa Francisco habla con los periodistas mientras se va al final de su visita a la Penitenciar\u00eda Regina Coeli en Roma el Jueves Santo, 17 de abril de 2025.<\/span> <span>(Andrew Medichini)<\/span><\/p>\n<\/div>\n<\/div>\n<\/div>\n<p>La visita de Francis dur\u00f3 aproximadamente media hora.<\/p>\n<p>\u00abCada vez que entro en un lugar como este, me pregunto: \u00bfpor qu\u00e9 ellos y no yo?\u00bb Francis dijo a periodistas fuera de la prisi\u00f3n. <\/p>\n<p><strong><u>El Papa Francisco denuncia la guerra en Sud\u00e1n, sugiere que vive la Cuaresma &#8216;como un momento de curaci\u00f3n&#8217;<\/u><\/strong><\/p>\n<div class=\"image-ct inline\">\n<div class=\"m\"><picture><source media=\"(max-width: 767px)\" srcset=\"https:\/\/a57.foxnews.com\/static.foxnews.com\/foxnews.com\/content\/uploads\/2025\/04\/343\/192\/pope-rome-prison-3.jpg?ve=1&amp;tl=1, https:\/\/a57.foxnews.com\/static.foxnews.com\/foxnews.com\/content\/uploads\/2025\/04\/686\/384\/pope-rome-prison-3.jpg?ve=1&amp;tl=1 2x\" height=\"192\" width=\"343\"><source media=\"(min-width: 768px) and (max-width: 1023px)\" srcset=\"https:\/\/a57.foxnews.com\/static.foxnews.com\/foxnews.com\/content\/uploads\/2025\/04\/672\/378\/pope-rome-prison-3.jpg?ve=1&amp;tl=1, https:\/\/a57.foxnews.com\/static.foxnews.com\/foxnews.com\/content\/uploads\/2025\/04\/1344\/756\/pope-rome-prison-3.jpg?ve=1&amp;tl=1 2x\" height=\"378\" width=\"672\"><source media=\"(min-width: 1024px) and (max-width: 1279px)\" srcset=\"https:\/\/a57.foxnews.com\/static.foxnews.com\/foxnews.com\/content\/uploads\/2025\/04\/931\/523\/pope-rome-prison-3.jpg?ve=1&amp;tl=1, https:\/\/a57.foxnews.com\/static.foxnews.com\/foxnews.com\/content\/uploads\/2025\/04\/1862\/1046\/pope-rome-prison-3.jpg?ve=1&amp;tl=1 2x\" height=\"523\" width=\"931\"><source media=\"(min-width: 1280px)\" srcset=\"https:\/\/a57.foxnews.com\/static.foxnews.com\/foxnews.com\/content\/uploads\/2025\/04\/720\/405\/pope-rome-prison-3.jpg?ve=1&amp;tl=1, https:\/\/a57.foxnews.com\/static.foxnews.com\/foxnews.com\/content\/uploads\/2025\/04\/1440\/810\/pope-rome-prison-3.jpg?ve=1&amp;tl=1 2x\" height=\"405\" width=\"720\"><img loading=\"lazy\" decoding=\"async\" src=\"https:\/\/a57.foxnews.com\/static.foxnews.com\/foxnews.com\/content\/uploads\/2025\/04\/1200\/675\/pope-rome-prison-3.jpg?ve=1&amp;tl=1\" alt=\"Papa Francisco en el auto en la prisi\u00f3n de Roma el Jueves Santo\" width=\"1200\" height=\"675\"\/><\/source><\/source><\/source><\/source><\/picture><\/div>\n<div class=\"info\">\n<div class=\"caption\">\n<p><span>El Papa Francisco visit\u00f3 una prisi\u00f3n de Roma el 17 de abril de 2025.<\/span> <span>(Andrew Medichini)<\/span><\/p>\n<\/div>\n<\/div>\n<\/div>\n<p>El hecho de que el Papa de 88 a\u00f1os mantuviera la cita, mientras que bajo las \u00f3rdenes de los m\u00e9dicos de tomarlo con calma y evitar multitudes, fue una clara se\u00f1al de la importancia que le da al ministerio de prisi\u00f3n y la necesidad de que los sacerdotes sirvan a los que m\u00e1s est\u00e1n en los m\u00e1rgenes. Eso es a\u00fan m\u00e1s cierto durante el A\u00f1o Santo 2025, que se abri\u00f3 y cerrar\u00e1 con eventos papales especiales para los reclusos de la prisi\u00f3n.<\/p>\n<p>Se espera que Francis haga al menos otras apariciones en tiempo de Pascua en los pr\u00f3ximos d\u00edas, incluso cuando los Cardenales presidir\u00e1n en su lugar durante los ocupados eventos de la Semana Santa.<\/p>\n<div class=\"image-ct inline\">\n<div class=\"m\"><picture><source media=\"(max-width: 767px)\" srcset=\"https:\/\/a57.foxnews.com\/static.foxnews.com\/foxnews.com\/content\/uploads\/2025\/04\/343\/192\/pope-rome-prison-1.jpg?ve=1&amp;tl=1, https:\/\/a57.foxnews.com\/static.foxnews.com\/foxnews.com\/content\/uploads\/2025\/04\/686\/384\/pope-rome-prison-1.jpg?ve=1&amp;tl=1 2x\" height=\"192\" width=\"343\"><source media=\"(min-width: 768px) and (max-width: 1023px)\" srcset=\"https:\/\/a57.foxnews.com\/static.foxnews.com\/foxnews.com\/content\/uploads\/2025\/04\/672\/378\/pope-rome-prison-1.jpg?ve=1&amp;tl=1, https:\/\/a57.foxnews.com\/static.foxnews.com\/foxnews.com\/content\/uploads\/2025\/04\/1344\/756\/pope-rome-prison-1.jpg?ve=1&amp;tl=1 2x\" height=\"378\" width=\"672\"><source media=\"(min-width: 1024px) and (max-width: 1279px)\" srcset=\"https:\/\/a57.foxnews.com\/static.foxnews.com\/foxnews.com\/content\/uploads\/2025\/04\/931\/523\/pope-rome-prison-1.jpg?ve=1&amp;tl=1, https:\/\/a57.foxnews.com\/static.foxnews.com\/foxnews.com\/content\/uploads\/2025\/04\/1862\/1046\/pope-rome-prison-1.jpg?ve=1&amp;tl=1 2x\" height=\"523\" width=\"931\"><source media=\"(min-width: 1280px)\" srcset=\"https:\/\/a57.foxnews.com\/static.foxnews.com\/foxnews.com\/content\/uploads\/2025\/04\/720\/405\/pope-rome-prison-1.jpg?ve=1&amp;tl=1, https:\/\/a57.foxnews.com\/static.foxnews.com\/foxnews.com\/content\/uploads\/2025\/04\/1440\/810\/pope-rome-prison-1.jpg?ve=1&amp;tl=1 2x\" height=\"405\" width=\"720\"><img loading=\"lazy\" decoding=\"async\" src=\"https:\/\/a57.foxnews.com\/static.foxnews.com\/foxnews.com\/content\/uploads\/2025\/04\/1200\/675\/pope-rome-prison-1.jpg?ve=1&amp;tl=1\" alt=\"Los detalles de seguridad acompa\u00f1an en la prisi\u00f3n del Papa Francisco a la prisi\u00f3n de Roma\" width=\"1200\" height=\"675\"\/><\/source><\/source><\/source><\/source><\/picture><\/div>\n<div class=\"info\">\n<div class=\"caption\">\n<p><span>Detalles de seguridad escolta al Papa Francisco mientras visita una prisi\u00f3n de Roma el Jueves Santo. <\/span> <span>(Andrew Medichini)<\/span><\/p>\n<\/div>\n<\/div>\n<\/div>\n<p><strong><u>Haga clic aqu\u00ed para obtener la aplicaci\u00f3n Fox News<\/u><\/strong><strong> <\/strong><\/p>\n<p>El domingo, Francis dese\u00f3 un \u00abDomingo de la mano feliz y una feliz Semana Santa\u00bb a los fieles reunidos en la Plaza de San Pedro despu\u00e9s de la conclusi\u00f3n de una misa presidida por el cardenal Leonardo Sandri en su nombre. Fue su primera aparici\u00f3n p\u00fablica desde que fue dado de alta de un hospital, donde no estaba recibiendo ox\u00edgeno a trav\u00e9s de una peque\u00f1a manguera debajo de su nariz.<\/p>\n<p><i>Fox News Courtney Walsh y Associated Press contribuyeron a este informe. <\/i><\/p>\n<p> <!----> <\/div>\n\n","protected":false},"excerpt":{"rendered":"<p>El Papa Francisco pas\u00f3 el Jueves Santo visitando los que cumpl\u00edan tiempo en una prisi\u00f3n de Roma. A pesar de recuperarse de un episodio de neumon\u00eda, Francis se reuni\u00f3 con docenas de reclusos en la prisi\u00f3n de Regina Coeli mientras manten\u00eda una cita de la temporada de Pascua entre los menos afortunados. Francis ofreci\u00f3 palabras &hellip;<\/p>\n","protected":false},"author":1,"featured_media":23351,"comment_status":"open","ping_status":"open","sticky":false,"template":"","format":"standard","meta":{"fifu_image_url":"https:\/\/static.foxnews.com\/foxnews.com\/content\/uploads\/2025\/04\/pope-rome-prison-3.jpg","fifu_image_alt":"","footnotes":""},"categories":[13],"tags":[],"class_list":["post-23349","post","type-post","status-publish","format-standard","has-post-thumbnail","","category-mundo"],"_links":{"self":[{"href":"https:\/\/noticiasveraces.com\/index.php?rest_route=\/wp\/v2\/posts\/23349","targetHints":{"allow":["GET"]}}],"collection":[{"href":"https:\/\/noticiasveraces.com\/index.php?rest_route=\/wp\/v2\/posts"}],"about":[{"href":"https:\/\/noticiasveraces.com\/index.php?rest_route=\/wp\/v2\/types\/post"}],"author":[{"embeddable":true,"href":"https:\/\/noticiasveraces.com\/index.php?rest_route=\/wp\/v2\/users\/1"}],"replies":[{"embeddable":true,"href":"https:\/\/noticiasveraces.com\/index.php?rest_route=%2Fwp%2Fv2%2Fcomments&post=23349"}],"version-history":[{"count":0,"href":"https:\/\/noticiasveraces.com\/index.php?rest_route=\/wp\/v2\/posts\/23349\/revisions"}],"wp:featuredmedia":[{"embeddable":true,"href":"https:\/\/noticiasveraces.com\/index.php?rest_route=\/wp\/v2\/media\/23351"}],"wp:attachment":[{"href":"https:\/\/noticiasveraces.com\/index.php?rest_route=%2Fwp%2Fv2%2Fmedia&parent=23349"}],"wp:term":[{"taxonomy":"category","embeddable":true,"href":"https:\/\/noticiasveraces.com\/index.php?rest_route=%2Fwp%2Fv2%2Fcategories&post=23349"},{"taxonomy":"post_tag","embeddable":true,"href":"https:\/\/noticiasveraces.com\/index.php?rest_route=%2Fwp%2Fv2%2Ftags&post=23349"}],"curies":[{"name":"wp","href":"https:\/\/api.w.org\/{rel}","templated":true}]}}