{"id":23335,"date":"2025-04-17T13:27:06","date_gmt":"2025-04-17T17:27:06","guid":{"rendered":"https:\/\/noticiasveraces.com\/?p=23335"},"modified":"2025-04-17T13:27:06","modified_gmt":"2025-04-17T17:27:06","slug":"trump-impulsa-el-debate-en-el-debate-electoral-del-primer-ministro-de-canada-sobre-quien-podria-llevarlo","status":"publish","type":"post","link":"https:\/\/noticiasveraces.com\/?p=23335","title":{"rendered":"Trump impulsa el debate en el debate electoral del primer ministro de Canad\u00e1 sobre qui\u00e9n podr\u00eda llevarlo"},"content":{"rendered":"<p> \n<\/p>\n<div>\n<p class=\"speakable\">El presidente Donald Trump es el mayor desaf\u00edo que enfrenta Canad\u00e1, dijo el primer ministro Mark Carney durante un debate electoral el mi\u00e9rcoles por la noche con el retador conservador Pierre Poilievre.<\/p>\n<p class=\"speakable\">\u00abEsta elecci\u00f3n [is about] La cuesti\u00f3n de qui\u00e9n tendr\u00e1 \u00e9xito y qui\u00e9n se enfrentar\u00e1 a Trump \u00ab, dijo Carney en franc\u00e9s, seg\u00fan una traducci\u00f3n de Reuters.<\/p>\n<p>Sus comentarios llegaron a la respuesta a Poilievre, quien momentos antes, lo acus\u00f3 de ser demasiado similar a Justin Trudeau, quien renunci\u00f3 al trabajo superior a principios de este a\u00f1o despu\u00e9s de una r\u00e1pida disminuci\u00f3n de las calificaciones de aprobaci\u00f3n. <\/p>\n<div class=\"image-ct inline\">\n<div class=\"m\"><picture><source media=\"(max-width: 767px)\" srcset=\"https:\/\/a57.foxnews.com\/static.foxnews.com\/foxnews.com\/content\/uploads\/2025\/03\/343\/192\/gettyimages-2206562069.jpg?ve=1&amp;tl=1, https:\/\/a57.foxnews.com\/static.foxnews.com\/foxnews.com\/content\/uploads\/2025\/03\/686\/384\/gettyimages-2206562069.jpg?ve=1&amp;tl=1 2x\" height=\"192\" width=\"343\"><source media=\"(min-width: 768px) and (max-width: 1023px)\" srcset=\"https:\/\/a57.foxnews.com\/static.foxnews.com\/foxnews.com\/content\/uploads\/2025\/03\/672\/378\/gettyimages-2206562069.jpg?ve=1&amp;tl=1, https:\/\/a57.foxnews.com\/static.foxnews.com\/foxnews.com\/content\/uploads\/2025\/03\/1344\/756\/gettyimages-2206562069.jpg?ve=1&amp;tl=1 2x\" height=\"378\" width=\"672\"><source media=\"(min-width: 1024px) and (max-width: 1279px)\" srcset=\"https:\/\/a57.foxnews.com\/static.foxnews.com\/foxnews.com\/content\/uploads\/2025\/03\/931\/523\/gettyimages-2206562069.jpg?ve=1&amp;tl=1, https:\/\/a57.foxnews.com\/static.foxnews.com\/foxnews.com\/content\/uploads\/2025\/03\/1862\/1046\/gettyimages-2206562069.jpg?ve=1&amp;tl=1 2x\" height=\"523\" width=\"931\"><source media=\"(min-width: 1280px)\" srcset=\"https:\/\/a57.foxnews.com\/static.foxnews.com\/foxnews.com\/content\/uploads\/2025\/03\/720\/405\/gettyimages-2206562069.jpg?ve=1&amp;tl=1, https:\/\/a57.foxnews.com\/static.foxnews.com\/foxnews.com\/content\/uploads\/2025\/03\/1440\/810\/gettyimages-2206562069.jpg?ve=1&amp;tl=1 2x\" height=\"405\" width=\"720\"><img loading=\"lazy\" decoding=\"async\" src=\"https:\/\/a57.foxnews.com\/static.foxnews.com\/foxnews.com\/content\/uploads\/2025\/03\/1200\/675\/gettyimages-2206562069.jpg?ve=1&amp;tl=1\" alt=\"Mark Carney\" width=\"1200\" height=\"675\"\/><\/source><\/source><\/source><\/source><\/picture><\/div>\n<div class=\"info\">\n<div class=\"caption\">\n<p><span>Mark Carney, primer ministro de Canad\u00e1, habla durante una conferencia de prensa en Ottawa, Canad\u00e1, el 27 de marzo de 2025.<\/span> <span>(David Kawai\/Bloomberg a trav\u00e9s de Getty Images)<\/span><\/p>\n<\/div>\n<\/div>\n<\/div>\n<p><strong>El Senado aprueba a Peter Hoekstra como el pr\u00f3ximo embajador de los Estados Unidos en Canad\u00e1<\/strong><\/p>\n<p>\u00abEstamos en una crisis. La crisis m\u00e1s grave de nuestras vidas\u00bb, agreg\u00f3 Carney. \u00abTenemos que reaccionar con fuerza, lo que nos permitir\u00e1 tener \u00e9xito con Trump\u00bb.<\/p>\n<p>Se cree que Carney, quien fue votado por el papel del Partido Liberal Gobierno el mes pasado en una victoria en deslizamiento de tierra, es el candidato favorito para ganar el esca\u00f1o del Primer Ministro en una elecci\u00f3n nacional a finales de este mes, aunque las encuestas recientes sugieren que los m\u00e1rgenes de encuestas podr\u00edan estar reduciendo.<\/p>\n<p>Justo antes de la salida de Trudeau, se esperaba que el Partido Liberal tomara unasis en las elecciones federales contra el Partido Conservador de Poiliervre, pero Trump parece haber cambiado todo eso. <\/p>\n<p>Inmensa preocupaci\u00f3n por una guerra comercial con las amenazas de Estados Unidos y Trump a anexar Canad\u00e1, ya que el estado 51 ha reunido el apoyo una vez m\u00e1s para el Partido Liberal bajo Carney. <\/p>\n<div class=\"image-ct inline\">\n<div class=\"m\"><picture><source media=\"(max-width: 767px)\" srcset=\"https:\/\/a57.foxnews.com\/static.foxnews.com\/foxnews.com\/content\/uploads\/2025\/04\/343\/192\/gettyimages-2209425019-scaled.jpg?ve=1&amp;tl=1, https:\/\/a57.foxnews.com\/static.foxnews.com\/foxnews.com\/content\/uploads\/2025\/04\/686\/384\/gettyimages-2209425019-scaled.jpg?ve=1&amp;tl=1 2x\" height=\"192\" width=\"343\"><source media=\"(min-width: 768px) and (max-width: 1023px)\" srcset=\"https:\/\/a57.foxnews.com\/static.foxnews.com\/foxnews.com\/content\/uploads\/2025\/04\/672\/378\/gettyimages-2209425019-scaled.jpg?ve=1&amp;tl=1, https:\/\/a57.foxnews.com\/static.foxnews.com\/foxnews.com\/content\/uploads\/2025\/04\/1344\/756\/gettyimages-2209425019-scaled.jpg?ve=1&amp;tl=1 2x\" height=\"378\" width=\"672\"><source media=\"(min-width: 1024px) and (max-width: 1279px)\" srcset=\"https:\/\/a57.foxnews.com\/static.foxnews.com\/foxnews.com\/content\/uploads\/2025\/04\/931\/523\/gettyimages-2209425019-scaled.jpg?ve=1&amp;tl=1, https:\/\/a57.foxnews.com\/static.foxnews.com\/foxnews.com\/content\/uploads\/2025\/04\/1862\/1046\/gettyimages-2209425019-scaled.jpg?ve=1&amp;tl=1 2x\" height=\"523\" width=\"931\"><source media=\"(min-width: 1280px)\" srcset=\"https:\/\/a57.foxnews.com\/static.foxnews.com\/foxnews.com\/content\/uploads\/2025\/04\/720\/405\/gettyimages-2209425019-scaled.jpg?ve=1&amp;tl=1, https:\/\/a57.foxnews.com\/static.foxnews.com\/foxnews.com\/content\/uploads\/2025\/04\/1440\/810\/gettyimages-2209425019-scaled.jpg?ve=1&amp;tl=1 2x\" height=\"405\" width=\"720\"><img loading=\"lazy\" decoding=\"async\" src=\"https:\/\/a57.foxnews.com\/static.foxnews.com\/foxnews.com\/content\/uploads\/2025\/04\/1200\/675\/gettyimages-2209425019-scaled.jpg?ve=1&amp;tl=1\" alt=\"Washington, DC - 09 de abril: el presidente de los Estados Unidos, Donald Trump, habla con los periodistas mientras firma \u00f3rdenes ejecutivas en la Oficina Oval de la Casa Blanca el 09 de abril de 2025 en Washington, DC. El presidente Trump firm\u00f3 varias \u00f3rdenes ejecutivas, incluida la direcci\u00f3n del \" width=\"1200\" height=\"675\"\/><\/source><\/source><\/source><\/source><\/picture><\/div>\n<div class=\"info\">\n<div class=\"caption\">\n<p><span>El presidente Donald Trump habla con los periodistas mientras firma \u00f3rdenes ejecutivas en la Oficina Oval de la Casa Blanca el 9 de abril de 2025.<\/span> <span>(Getty Images)<\/span><\/p>\n<\/div>\n<\/div>\n<\/div>\n<p><strong>Aqu\u00ed hay una mirada m\u00e1s cercana al plan de tarifa de Trump: qu\u00e9 saber sobre las nuevas tareas<\/strong><\/p>\n<p>Los informes sugieren que Carney ahora es visto como el candidato m\u00e1s equipado para asumir las dif\u00edciles negociaciones que Canad\u00e1 enfrentar\u00e1 para aliviar las aranceles pronunciadas que Trump implement\u00f3 este a\u00f1o. <\/p>\n<p>Seg\u00fan los informes, Poilievre tambi\u00e9n ha enfrentado una ca\u00edda en el apoyo de su primer mensaje de Canad\u00e1, que algunos informes sugieren que puede ser un mensaje demasiado similar a la primera agenda de Trump en Estados Unidos. <\/p>\n<p>Seg\u00fan los informes, el candidato conservador tambi\u00e9n ha enfrentado cr\u00edticas dentro de su propio partido por no responder lo suficientemente r\u00e1pido a la amenaza planteada por el presidente de los Estados Unidos. <\/p>\n<p>Algunos informes han sugerido que la carrera es el pr\u00f3ximo primer ministro de Canad\u00e1 podr\u00eda estar estrechando entre Poilievre y Carney. <\/p>\n<p>Los canadienses preocupados por el costo de vida tienden a respaldar a Poilievere, seg\u00fan un informe pol\u00edtico, mientras que los votantes preocupados por la econom\u00eda y las relaciones con los Estados Unidos tienden a respaldar a Carney.<\/p>\n<div class=\"image-ct inline\">\n<div class=\"m\"><picture><source media=\"(max-width: 767px)\" srcset=\"https:\/\/a57.foxnews.com\/static.foxnews.com\/foxnews.com\/content\/uploads\/2025\/01\/343\/192\/ap24336609281996-scaled.jpg?ve=1&amp;tl=1, https:\/\/a57.foxnews.com\/static.foxnews.com\/foxnews.com\/content\/uploads\/2025\/01\/686\/384\/ap24336609281996-scaled.jpg?ve=1&amp;tl=1 2x\" height=\"192\" width=\"343\"><source media=\"(min-width: 768px) and (max-width: 1023px)\" srcset=\"https:\/\/a57.foxnews.com\/static.foxnews.com\/foxnews.com\/content\/uploads\/2025\/01\/672\/378\/ap24336609281996-scaled.jpg?ve=1&amp;tl=1, https:\/\/a57.foxnews.com\/static.foxnews.com\/foxnews.com\/content\/uploads\/2025\/01\/1344\/756\/ap24336609281996-scaled.jpg?ve=1&amp;tl=1 2x\" height=\"378\" width=\"672\"><source media=\"(min-width: 1024px) and (max-width: 1279px)\" srcset=\"https:\/\/a57.foxnews.com\/static.foxnews.com\/foxnews.com\/content\/uploads\/2025\/01\/931\/523\/ap24336609281996-scaled.jpg?ve=1&amp;tl=1, https:\/\/a57.foxnews.com\/static.foxnews.com\/foxnews.com\/content\/uploads\/2025\/01\/1862\/1046\/ap24336609281996-scaled.jpg?ve=1&amp;tl=1 2x\" height=\"523\" width=\"931\"><source media=\"(min-width: 1280px)\" srcset=\"https:\/\/a57.foxnews.com\/static.foxnews.com\/foxnews.com\/content\/uploads\/2025\/01\/720\/405\/ap24336609281996-scaled.jpg?ve=1&amp;tl=1, https:\/\/a57.foxnews.com\/static.foxnews.com\/foxnews.com\/content\/uploads\/2025\/01\/1440\/810\/ap24336609281996-scaled.jpg?ve=1&amp;tl=1 2x\" height=\"405\" width=\"720\"><img loading=\"lazy\" decoding=\"async\" src=\"https:\/\/a57.foxnews.com\/static.foxnews.com\/foxnews.com\/content\/uploads\/2025\/01\/1200\/675\/ap24336609281996-scaled.jpg?ve=1&amp;tl=1\" alt=\"Poilievre Canada Prime Ministers Race\" width=\"1200\" height=\"675\"\/><\/source><\/source><\/source><\/source><\/picture><\/div>\n<div class=\"info\">\n<div class=\"caption\">\n<p><span>El l\u00edder conservador de Canad\u00e1, Pierre Poilievre, celebra una conferencia de prensa en Ottawa, el 1 de diciembre de 2024.<\/span> <span>(Justin Tang\/The Canadian Press a trav\u00e9s de AP)<\/span><\/p>\n<\/div>\n<\/div>\n<\/div>\n<p><strong>Haga clic aqu\u00ed para obtener la aplicaci\u00f3n Fox News<\/strong><\/p>\n<p>Poilievere ha estado en la esfera pol\u00edtica desde 2004, cuando ingres\u00f3 al parlamento de Canad\u00e1.<\/p>\n<p>Los antecedentes de Carney est\u00e1n en el primer lugar del Banco de Canad\u00e1 en 2008 y luego en el Banco de Inglaterra en 2013, lo que lleva a algunos a creer que puede ser el m\u00e1s adecuado para asumir la crisis financiera que se avecina sobre Canad\u00e1 en medio de la Guerra Aranceles de Trump. <\/p>\n<p> <!----> <\/p>\n<div class=\"article-meta\">\n<div class=\"author-bio\">\n<p>Caitlin McFall es reportero de Fox News Digital Cubting Politics, US y World News.<\/p>\n<\/div>\n<\/div>\n<\/div>\n\n","protected":false},"excerpt":{"rendered":"<p>El presidente Donald Trump es el mayor desaf\u00edo que enfrenta Canad\u00e1, dijo el primer ministro Mark Carney durante un debate electoral el mi\u00e9rcoles por la noche con el retador conservador Pierre Poilievre. \u00abEsta elecci\u00f3n [is about] La cuesti\u00f3n de qui\u00e9n tendr\u00e1 \u00e9xito y qui\u00e9n se enfrentar\u00e1 a Trump \u00ab, dijo Carney en franc\u00e9s, seg\u00fan una &hellip;<\/p>\n","protected":false},"author":1,"featured_media":23337,"comment_status":"open","ping_status":"open","sticky":false,"template":"","format":"standard","meta":{"fifu_image_url":"https:\/\/static.foxnews.com\/foxnews.com\/content\/uploads\/2025\/04\/trump-carney-polievre3.jpg","fifu_image_alt":"","footnotes":""},"categories":[13],"tags":[],"class_list":["post-23335","post","type-post","status-publish","format-standard","has-post-thumbnail","","category-mundo"],"_links":{"self":[{"href":"https:\/\/noticiasveraces.com\/index.php?rest_route=\/wp\/v2\/posts\/23335","targetHints":{"allow":["GET"]}}],"collection":[{"href":"https:\/\/noticiasveraces.com\/index.php?rest_route=\/wp\/v2\/posts"}],"about":[{"href":"https:\/\/noticiasveraces.com\/index.php?rest_route=\/wp\/v2\/types\/post"}],"author":[{"embeddable":true,"href":"https:\/\/noticiasveraces.com\/index.php?rest_route=\/wp\/v2\/users\/1"}],"replies":[{"embeddable":true,"href":"https:\/\/noticiasveraces.com\/index.php?rest_route=%2Fwp%2Fv2%2Fcomments&post=23335"}],"version-history":[{"count":0,"href":"https:\/\/noticiasveraces.com\/index.php?rest_route=\/wp\/v2\/posts\/23335\/revisions"}],"wp:featuredmedia":[{"embeddable":true,"href":"https:\/\/noticiasveraces.com\/index.php?rest_route=\/wp\/v2\/media\/23337"}],"wp:attachment":[{"href":"https:\/\/noticiasveraces.com\/index.php?rest_route=%2Fwp%2Fv2%2Fmedia&parent=23335"}],"wp:term":[{"taxonomy":"category","embeddable":true,"href":"https:\/\/noticiasveraces.com\/index.php?rest_route=%2Fwp%2Fv2%2Fcategories&post=23335"},{"taxonomy":"post_tag","embeddable":true,"href":"https:\/\/noticiasveraces.com\/index.php?rest_route=%2Fwp%2Fv2%2Ftags&post=23335"}],"curies":[{"name":"wp","href":"https:\/\/api.w.org\/{rel}","templated":true}]}}