{"id":23309,"date":"2025-04-17T07:17:43","date_gmt":"2025-04-17T11:17:43","guid":{"rendered":"https:\/\/noticiasveraces.com\/?p=23309"},"modified":"2025-04-17T07:17:43","modified_gmt":"2025-04-17T11:17:43","slug":"foto-del-ano-del-world-press-photo-dw-17-04-2025","status":"publish","type":"post","link":"https:\/\/noticiasveraces.com\/?p=23309","title":{"rendered":"Foto del A\u00f1o del World Press Photo \u2013 DW \u2013 17\/04\/2025"},"content":{"rendered":"<p> \n<\/p>\n<div>\n<p>Seg\u00fan anunci\u00f3 este jueves (17.04.2025) la fundaci\u00f3n del World Press Photo, con sede en \u00c1msterdam, Abu Elouf, logr\u00f3 capturar para el peri\u00f3dico <em>The New York Times<\/em> la Foto del A\u00f1o, que muestra el costo humano de la guerra y la importancia del periodismo para contar historias como la de Mahmoud Ajjour, el ni\u00f1o que protagoniza la fotograf\u00eda.<\/p>\n<h2>Gaza, con\u00a0m\u00e1s ni\u00f1os amputados &#8216;per c\u00e1pita&#8217; <\/h2>\n<p>La fotograf\u00eda se tom\u00f3 en Doha, capital de Qatar, donde Abu Elouf y Mahmoud comparten el mismo complejo de apartamentos con los pocos gazat\u00edes que han logrado salir para recibir tratamiento m\u00e9dico a heridas causadas por los bombardeos y explosiones.<\/p>\n<p>El peque\u00f1o de 9 a\u00f1os result\u00f3 gravemente herido mientras hu\u00eda de un ataque israel\u00ed en Gaza, lo que llev\u00f3 a la amputaci\u00f3n de sus dos brazos.\u00a0\u00abDespu\u00e9s de regresar para urgir a su familia a seguir adelante, una explosi\u00f3n le arranc\u00f3 un brazo y le mutil\u00f3 el otro\u201d, explic\u00f3 la fundaci\u00f3n, que subray\u00f3 que \u00abel sue\u00f1o de Mahmoud es simple: quiere conseguir pr\u00f3tesis y vivir su vida como cualquier otro ni\u00f1o\u00bb.<\/p>\n<p>Ya en diciembre de 2024, Gaza ten\u00eda el mayor n\u00famero de ni\u00f1os amputados &#8216;per c\u00e1pita&#8217; en el mundo, seg\u00fan la ONU.<\/p>\n<p><span data-slot-id=\"Article_InContent-1\" class=\"rich-text-ad\"\/><\/p>\n<h2>70 aniversario del World Press Photo<\/h2>\n<p>Esta edici\u00f3n del concurso coincide con el 70 aniversario del World Press Photo y su directora ejecutiva, Joumana El Zein Khoury, subray\u00f3 que \u00abal mirar el archivo\u00bb, hay \u00abdemasiadas im\u00e1genes\u00bb\u00a0como la de Mahmoud.<\/p>\n<p>\u00abEstoy eternamente agradecida a los fot\u00f3grafos que, a pesar de los riesgos personales y el costo emocional, registran estas historias para darnos a todos la oportunidad de entender, empatizar e inspirarnos a actuar\u201d, se\u00f1al\u00f3.<\/p>\n<h2>Tres temas: conflicto, migraci\u00f3n y cambio clim\u00e1tico<\/h2>\n<p>Este jueves tambi\u00e9n fueron seleccionados otras dos im\u00e1genes\u00a0finalistas.<\/p>\n<p>Una se titula \u00abCruce nocturno\u00bb, en la que John Moore trata de mostrar c\u00f3mo un grupo de migrantes chinos intentan entrar en calor bajo una fr\u00eda lluvia en Campo, California, tras cruzar la frontera entre Estados Unidos y M\u00e9xico.<\/p>\n<figure class=\"placeholder-image master_landscape big\"><img data-format=\"MASTER_LANDSCAPE\" data-id=\"72251740\" data-url=\"https:\/\/static.dw.com\/image\/72251740_${formatId}.jpg\" data-aspect-ratio=\"16\/9\" alt=\"World Press Photo Awards 2025 | migrantes chinos tras cruce fronterizo entre M\u00e9xico y EE. UU.\" style=\"padding-bottom: 56.25%; height: 0; max-height: 0;\"\/><figcaption class=\"img-caption\">\u00abCruce nocturno\u00bb, de John Moore.<small class=\"copyright\">Imagen: John Moore\/Getty Images<\/small><\/figcaption><\/figure>\n<p>\u00abEsta imagen, \u00edntima y casi de otro mundo, muestra las complejidades de la migraci\u00f3n en la frontera, a menudo simplificada y politizada en el discurso p\u00fablico estadounidense\u201d, se\u00f1al\u00f3 la fundaci\u00f3n.<\/p>\n<p>La segunda imagen finalista es del mexicano Musuk Nolte (Panos Pictures, Fundaci\u00f3n Bertha), autor de \u00abSequ\u00edas en el Amazonas\u00bb, que muestra los efectos del cambio clim\u00e1tico a lo largo de un r\u00edo que sobrevive a niveles de agua extremadamente bajos.<\/p>\n<p>La fotograf\u00eda muestra a un joven que lleva comida a su madre en el pueblo de Manacapuru, antes accesible en bote, pero al que, debido a la sequ\u00eda, ahora accede tras caminar 2 kil\u00f3metros por el lecho seco del r\u00edo. El contraste entre escenas secas, casi des\u00e9rticas, en la selva m\u00e1s grande del mundo hace que la falta de agua se sienta a\u00fan m\u00e1s intensamente.<\/p>\n<figure class=\"placeholder-image master_landscape big\"><img data-format=\"MASTER_LANDSCAPE\" data-id=\"72251501\" data-url=\"https:\/\/static.dw.com\/image\/72251501_${formatId}.jpg\" data-aspect-ratio=\"16\/9\" alt=\"World Press Photo Awards 2025 |  La fotograf\u00eda muestra a un joven descamisado que lleva comida a su madre en el pueblo de Manacapuru, antes accesible en bote, pero al que, debido a la sequ\u00eda, ahora accede tras caminar 2 kil\u00f3metros por el lecho seco del r\u00edo.\" style=\"padding-bottom: 56.25%; height: 0; max-height: 0;\"\/><figcaption class=\"img-caption\">\u00abSequ\u00edas en el Amazonas\u00bb, de Musuk Nolte.<small class=\"copyright\">Imagen: Musuk Nolte\/Panos Pictures\/Bertha Foundation<\/small><\/figcaption><\/figure>\n<p>Los tres temas clave que definen la edici\u00f3n 2025 son conflicto, migraci\u00f3n y cambio clim\u00e1tico. Este a\u00f1o, los ganadores fueron seleccionados entre 59.320 fotos de 3.778 fot\u00f3grafos de 141 pa\u00edses.\u00a0Las fotograf\u00edas premiadas ser\u00e1n expuestas en m\u00e1s de 60 lugares del mundo como parte de la muestra itinerante anual de World Press Photo.<\/p>\n<p>RML (EFE, DPA, AP)<\/p>\n<\/div>\n\n","protected":false},"excerpt":{"rendered":"<p>Seg\u00fan anunci\u00f3 este jueves (17.04.2025) la fundaci\u00f3n del World Press Photo, con sede en \u00c1msterdam, Abu Elouf, logr\u00f3 capturar para el peri\u00f3dico The New York Times la Foto del A\u00f1o, que muestra el costo humano de la guerra y la importancia del periodismo para contar historias como la de Mahmoud Ajjour, el ni\u00f1o que protagoniza &hellip;<\/p>\n","protected":false},"author":1,"featured_media":23310,"comment_status":"open","ping_status":"open","sticky":false,"template":"","format":"standard","meta":{"fifu_image_url":"https:\/\/static.dw.com\/image\/72251658_6.jpg","fifu_image_alt":"","footnotes":""},"categories":[13],"tags":[],"class_list":["post-23309","post","type-post","status-publish","format-standard","has-post-thumbnail","","category-mundo"],"_links":{"self":[{"href":"https:\/\/noticiasveraces.com\/index.php?rest_route=\/wp\/v2\/posts\/23309","targetHints":{"allow":["GET"]}}],"collection":[{"href":"https:\/\/noticiasveraces.com\/index.php?rest_route=\/wp\/v2\/posts"}],"about":[{"href":"https:\/\/noticiasveraces.com\/index.php?rest_route=\/wp\/v2\/types\/post"}],"author":[{"embeddable":true,"href":"https:\/\/noticiasveraces.com\/index.php?rest_route=\/wp\/v2\/users\/1"}],"replies":[{"embeddable":true,"href":"https:\/\/noticiasveraces.com\/index.php?rest_route=%2Fwp%2Fv2%2Fcomments&post=23309"}],"version-history":[{"count":0,"href":"https:\/\/noticiasveraces.com\/index.php?rest_route=\/wp\/v2\/posts\/23309\/revisions"}],"wp:featuredmedia":[{"embeddable":true,"href":"https:\/\/noticiasveraces.com\/index.php?rest_route=\/wp\/v2\/media\/23310"}],"wp:attachment":[{"href":"https:\/\/noticiasveraces.com\/index.php?rest_route=%2Fwp%2Fv2%2Fmedia&parent=23309"}],"wp:term":[{"taxonomy":"category","embeddable":true,"href":"https:\/\/noticiasveraces.com\/index.php?rest_route=%2Fwp%2Fv2%2Fcategories&post=23309"},{"taxonomy":"post_tag","embeddable":true,"href":"https:\/\/noticiasveraces.com\/index.php?rest_route=%2Fwp%2Fv2%2Ftags&post=23309"}],"curies":[{"name":"wp","href":"https:\/\/api.w.org\/{rel}","templated":true}]}}