{"id":23291,"date":"2025-04-17T05:24:06","date_gmt":"2025-04-17T09:24:06","guid":{"rendered":"https:\/\/noticiasveraces.com\/?p=23291"},"modified":"2025-04-17T05:24:06","modified_gmt":"2025-04-17T09:24:06","slug":"1-de-cada-31-ninos-diagnosticados-con-trastorno-del-espectro-autista-dice-los-cdc","status":"publish","type":"post","link":"https:\/\/noticiasveraces.com\/?p=23291","title":{"rendered":"1 de cada 31 ni\u00f1os diagnosticados con trastorno del espectro autista, dice los CDC"},"content":{"rendered":"<p> \n<\/p>\n<div>\n<p class=\"speakable\">Los nuevos datos publicados por los Centros para el Control y la Prevenci\u00f3n de Enfermedades han revelado las tasas de autismo de escalada entre los ni\u00f1os.<\/p>\n<p class=\"speakable\">En 2022, un programa de vigilancia llamado Autism and Development Discapities Monitoring Network comenz\u00f3 a monitorear a los ni\u00f1os de 4 a 8 a\u00f1os en 15 estados de EE. UU., Centr\u00e1ndose en m\u00faltiples puntos de referencia del trastorno del espectro autista (ASD).<\/p>\n<p>Entre los ni\u00f1os de 8 a\u00f1os, los investigadores encontraron que uno de cada 31 ni\u00f1os, m\u00e1s del 3% de los ni\u00f1os de Estados Unidos, ten\u00eda TEA.<\/p>\n<p><strong>Bill Gates probablemente ten\u00eda autismo cuando era ni\u00f1o, revela: \u00abno fue ampliamente entendido\u00bb<\/strong><\/p>\n<p>Se descubri\u00f3 que ASD era 3.4 veces m\u00e1s probable en ni\u00f1os que en ni\u00f1as, y la prevalencia fue menor entre los ni\u00f1os blancos no hispanos.<\/p>\n<div class=\"image-ct inline\">\n<div class=\"m\"><picture><source media=\"(max-width: 767px)\" srcset=\"https:\/\/a57.foxnews.com\/static.foxnews.com\/foxnews.com\/content\/uploads\/2025\/04\/343\/192\/gettyimages-2030029155.jpg?ve=1&amp;tl=1, https:\/\/a57.foxnews.com\/static.foxnews.com\/foxnews.com\/content\/uploads\/2025\/04\/686\/384\/gettyimages-2030029155.jpg?ve=1&amp;tl=1 2x\" height=\"192\" width=\"343\"><source media=\"(min-width: 768px) and (max-width: 1023px)\" srcset=\"https:\/\/a57.foxnews.com\/static.foxnews.com\/foxnews.com\/content\/uploads\/2025\/04\/672\/378\/gettyimages-2030029155.jpg?ve=1&amp;tl=1, https:\/\/a57.foxnews.com\/static.foxnews.com\/foxnews.com\/content\/uploads\/2025\/04\/1344\/756\/gettyimages-2030029155.jpg?ve=1&amp;tl=1 2x\" height=\"378\" width=\"672\"><source media=\"(min-width: 1024px) and (max-width: 1279px)\" srcset=\"https:\/\/a57.foxnews.com\/static.foxnews.com\/foxnews.com\/content\/uploads\/2025\/04\/931\/523\/gettyimages-2030029155.jpg?ve=1&amp;tl=1, https:\/\/a57.foxnews.com\/static.foxnews.com\/foxnews.com\/content\/uploads\/2025\/04\/1862\/1046\/gettyimages-2030029155.jpg?ve=1&amp;tl=1 2x\" height=\"523\" width=\"931\"><source media=\"(min-width: 1280px)\" srcset=\"https:\/\/a57.foxnews.com\/static.foxnews.com\/foxnews.com\/content\/uploads\/2025\/04\/720\/405\/gettyimages-2030029155.jpg?ve=1&amp;tl=1, https:\/\/a57.foxnews.com\/static.foxnews.com\/foxnews.com\/content\/uploads\/2025\/04\/1440\/810\/gettyimages-2030029155.jpg?ve=1&amp;tl=1 2x\" height=\"405\" width=\"720\"><img loading=\"lazy\" decoding=\"async\" src=\"https:\/\/a57.foxnews.com\/static.foxnews.com\/foxnews.com\/content\/uploads\/2025\/04\/1200\/675\/gettyimages-2030029155.jpg?ve=1&amp;tl=1\" alt=\"Ni\u00f1o autista tomando la mano con madre\" width=\"1200\" height=\"675\"\/><\/source><\/source><\/source><\/source><\/picture><\/div>\n<div class=\"info\">\n<div class=\"caption\">\n<p><span>La prevalencia de ASD entre los j\u00f3venes de 8 a\u00f1os fue mayor en 2022 que el a\u00f1o anterior, informaron los CDC.<\/span> <span>(Istock)<\/span><\/p>\n<\/div>\n<\/div>\n<\/div>\n<p>Los CDC confirmaron que la prevalencia de ASD entre los j\u00f3venes de 8 a\u00f1os fue mayor en 2022 que el a\u00f1o anterior, ya que uno de cada 36 ni\u00f1os fue diagnosticado con autismo en 2020.<\/p>\n<p>A los 48 meses de edad, la identificaci\u00f3n de TEA fue mayor entre los ni\u00f1os nacidos en 2018 que entre los nacidos en 2014, lo que sugiere \u00abuna mayor identificaci\u00f3n temprana consistente con patrones hist\u00f3ricos\u00bb.<\/p>\n<p><strong>Ni\u00f1os con autismo respaldado por Dogs de Service, ya que la investigaci\u00f3n y las familias se\u00f1alan &#8216;cambios incre\u00edbles&#8217; &#8216;<\/strong><\/p>\n<p>\u00ab[This] Subraya la mayor demanda y la necesidad continua de una planificaci\u00f3n mejorada para proporcionar servicios de diagn\u00f3stico, tratamiento y apoyo equitativos para todos los ni\u00f1os con TEA \u00ab, coment\u00f3 los CDC en el informe. <\/p>\n<p>\u00abLa variabilidad sustancial en la identificaci\u00f3n de TEA en los sitios sugiere oportunidades para identificar e implementar estrategias y pr\u00e1cticas exitosas en las comunidades para garantizar que todos los ni\u00f1os con TEA alcancen su potencial\u00bb.<\/p>\n<div class=\"image-ct inline\">\n<div class=\"m\"><picture><source media=\"(max-width: 767px)\" srcset=\"https:\/\/a57.foxnews.com\/static.foxnews.com\/foxnews.com\/content\/uploads\/2023\/10\/343\/192\/boy-with-autism.jpg?ve=1&amp;tl=1, https:\/\/a57.foxnews.com\/static.foxnews.com\/foxnews.com\/content\/uploads\/2023\/10\/686\/384\/boy-with-autism.jpg?ve=1&amp;tl=1 2x\" height=\"192\" width=\"343\"><source media=\"(min-width: 768px) and (max-width: 1023px)\" srcset=\"https:\/\/a57.foxnews.com\/static.foxnews.com\/foxnews.com\/content\/uploads\/2023\/10\/672\/378\/boy-with-autism.jpg?ve=1&amp;tl=1, https:\/\/a57.foxnews.com\/static.foxnews.com\/foxnews.com\/content\/uploads\/2023\/10\/1344\/756\/boy-with-autism.jpg?ve=1&amp;tl=1 2x\" height=\"378\" width=\"672\"><source media=\"(min-width: 1024px) and (max-width: 1279px)\" srcset=\"https:\/\/a57.foxnews.com\/static.foxnews.com\/foxnews.com\/content\/uploads\/2023\/10\/931\/523\/boy-with-autism.jpg?ve=1&amp;tl=1, https:\/\/a57.foxnews.com\/static.foxnews.com\/foxnews.com\/content\/uploads\/2023\/10\/1862\/1046\/boy-with-autism.jpg?ve=1&amp;tl=1 2x\" height=\"523\" width=\"931\"><source media=\"(min-width: 1280px)\" srcset=\"https:\/\/a57.foxnews.com\/static.foxnews.com\/foxnews.com\/content\/uploads\/2023\/10\/720\/405\/boy-with-autism.jpg?ve=1&amp;tl=1, https:\/\/a57.foxnews.com\/static.foxnews.com\/foxnews.com\/content\/uploads\/2023\/10\/1440\/810\/boy-with-autism.jpg?ve=1&amp;tl=1 2x\" height=\"405\" width=\"720\"><img loading=\"lazy\" decoding=\"async\" src=\"https:\/\/a57.foxnews.com\/static.foxnews.com\/foxnews.com\/content\/uploads\/2023\/10\/1200\/675\/boy-with-autism.jpg?ve=1&amp;tl=1\" alt=\"Chico con autismo\" width=\"1200\" height=\"675\"\/><\/source><\/source><\/source><\/source><\/picture><\/div>\n<div class=\"info\">\n<div class=\"caption\">\n<p><span>\u00abEstamos viviendo en un momento en que el diagn\u00f3stico se ha convertido en el incumplimiento, no en la excepci\u00f3n\u00bb, coment\u00f3 un psicoterapeuta.<\/span> <span>(Istock)<\/span><\/p>\n<\/div>\n<\/div>\n<\/div>\n<p>Jonathan Alpert, psicoterapeuta y autor con sede en Manhattan, dijo que considera los hallazgos de los CDC \u00abalarmantes pero no sorprendentes\u00bb.<\/p>\n<p>\u00abEstamos viviendo en un momento en que el diagn\u00f3stico se ha convertido en el incumplimiento, no en la excepci\u00f3n\u00bb, comparti\u00f3 con Fox News Digital. \u00abYa se trate de ni\u00f1os en escuelas o adultos en terapia, se les dice cada vez m\u00e1s personas que tienen un trastorno\u00bb.<\/p>\n<p>Alpert sugiri\u00f3 que este aumento en el autismo es parte de una \u00abtendencia mucho mayor\u00bb.<\/p>\n<p><strong>Los CDC lanzar\u00e1n estudio sobre vacunas y autismo, posibles enlaces: informe<\/strong><\/p>\n<p>\u00ab\u00bfRealmente estamos viendo una epidemia de enfermedad, o estamos expandiendo definiciones hasta el punto en que la variaci\u00f3n normal se etiqueta como patolog\u00eda?\u00bb \u00c9l cuestion\u00f3.<\/p>\n<p>\u00abLo veo en mi pr\u00e1ctica cada semana: los pacientes que entran ya est\u00e1n convencidos de que algo est\u00e1 mal con ellos debido a una lista de verificaci\u00f3n que encontraron en l\u00ednea o un terapeuta que se apresur\u00f3 a diagnosticar\u00bb.<\/p>\n<p>\u00abMuchos est\u00e1n luchando, s\u00ed, pero est\u00e1n siendo fallados por un sistema que ofrece etiquetas r\u00e1pidas y planes de tratamiento a largo plazo en lugar de resultados\u00bb.<\/p>\n<div class=\"image-ct inline\">\n<div class=\"m\"><picture><source media=\"(max-width: 767px)\" srcset=\"https:\/\/a57.foxnews.com\/static.foxnews.com\/foxnews.com\/content\/uploads\/2021\/04\/343\/192\/Diverse-Classroom-iStock.jpg?ve=1&amp;tl=1, https:\/\/a57.foxnews.com\/static.foxnews.com\/foxnews.com\/content\/uploads\/2021\/04\/686\/384\/Diverse-Classroom-iStock.jpg?ve=1&amp;tl=1 2x\" height=\"192\" width=\"343\"><source media=\"(min-width: 768px) and (max-width: 1023px)\" srcset=\"https:\/\/a57.foxnews.com\/static.foxnews.com\/foxnews.com\/content\/uploads\/2021\/04\/672\/378\/Diverse-Classroom-iStock.jpg?ve=1&amp;tl=1, https:\/\/a57.foxnews.com\/static.foxnews.com\/foxnews.com\/content\/uploads\/2021\/04\/1344\/756\/Diverse-Classroom-iStock.jpg?ve=1&amp;tl=1 2x\" height=\"378\" width=\"672\"><source media=\"(min-width: 1024px) and (max-width: 1279px)\" srcset=\"https:\/\/a57.foxnews.com\/static.foxnews.com\/foxnews.com\/content\/uploads\/2021\/04\/931\/523\/Diverse-Classroom-iStock.jpg?ve=1&amp;tl=1, https:\/\/a57.foxnews.com\/static.foxnews.com\/foxnews.com\/content\/uploads\/2021\/04\/1862\/1046\/Diverse-Classroom-iStock.jpg?ve=1&amp;tl=1 2x\" height=\"523\" width=\"931\"><source media=\"(min-width: 1280px)\" srcset=\"https:\/\/a57.foxnews.com\/static.foxnews.com\/foxnews.com\/content\/uploads\/2021\/04\/720\/405\/Diverse-Classroom-iStock.jpg?ve=1&amp;tl=1, https:\/\/a57.foxnews.com\/static.foxnews.com\/foxnews.com\/content\/uploads\/2021\/04\/1440\/810\/Diverse-Classroom-iStock.jpg?ve=1&amp;tl=1 2x\" height=\"405\" width=\"720\"><img loading=\"lazy\" decoding=\"async\" src=\"https:\/\/a57.foxnews.com\/static.foxnews.com\/foxnews.com\/content\/uploads\/2021\/04\/1200\/675\/Diverse-Classroom-iStock.jpg?ve=1&amp;tl=1\" alt=\"Grupo de ni\u00f1os en la escuela\" width=\"1200\" height=\"675\"\/><\/source><\/source><\/source><\/source><\/picture><\/div>\n<div class=\"info\">\n<div class=\"caption\">\n<p><span>El autismo se encontr\u00f3 en uno de cada 31 ni\u00f1os, lo que equivale a aproximadamente un tama\u00f1o de aula en algunas \u00e1reas de los EE. UU.<\/span> <span>(Istock)<\/span><\/p>\n<\/div>\n<\/div>\n<\/div>\n<p>El experto llam\u00f3 a comportamientos como la timidez, la incomodidad y la sensibilidad emocional, que fueron \u00abuna vez vistos como parte de la experiencia humana\u00bb, pero ahora est\u00e1n siendo tratados como \u00abs\u00edntomas de un trastorno\u00bb.<\/p>\n<p>\u00abLa gente merece honestidad, no confusi\u00f3n\u00bb, coment\u00f3. \u00abMerecen saber si un diagn\u00f3stico se basa en una necesidad cl\u00ednica real o en las normas culturales cambiantes y la conveniencia profesional\u00bb.<\/p>\n<p><strong><u>Haga clic aqu\u00ed para registrarse en nuestro bolet\u00edn de salud<\/u><\/strong><\/p>\n<p>Con respecto al posible v\u00ednculo entre las vacunas y el autismo, Alpert dijo que esto podr\u00eda estar vinculado a un problema m\u00e1s amplio de confianza en las instituciones, incluida la salud mental.<\/p>\n<p>\u00abCuando el campo se centra m\u00e1s en la imagen y la ideolog\u00eda que los resultados, la gente se afirma\u00bb, dijo. \u00abY esa es la crisis en la que realmente deber\u00edamos centrarnos\u00bb.<\/p>\n<div class=\"image-ct inline\">\n<div class=\"m\"><picture><source media=\"(max-width: 767px)\" srcset=\"https:\/\/a57.foxnews.com\/static.foxnews.com\/foxnews.com\/content\/uploads\/2023\/09\/343\/192\/parent-child.jpg?ve=1&amp;tl=1, https:\/\/a57.foxnews.com\/static.foxnews.com\/foxnews.com\/content\/uploads\/2023\/09\/686\/384\/parent-child.jpg?ve=1&amp;tl=1 2x\" height=\"192\" width=\"343\"><source media=\"(min-width: 768px) and (max-width: 1023px)\" srcset=\"https:\/\/a57.foxnews.com\/static.foxnews.com\/foxnews.com\/content\/uploads\/2023\/09\/672\/378\/parent-child.jpg?ve=1&amp;tl=1, https:\/\/a57.foxnews.com\/static.foxnews.com\/foxnews.com\/content\/uploads\/2023\/09\/1344\/756\/parent-child.jpg?ve=1&amp;tl=1 2x\" height=\"378\" width=\"672\"><source media=\"(min-width: 1024px) and (max-width: 1279px)\" srcset=\"https:\/\/a57.foxnews.com\/static.foxnews.com\/foxnews.com\/content\/uploads\/2023\/09\/931\/523\/parent-child.jpg?ve=1&amp;tl=1, https:\/\/a57.foxnews.com\/static.foxnews.com\/foxnews.com\/content\/uploads\/2023\/09\/1862\/1046\/parent-child.jpg?ve=1&amp;tl=1 2x\" height=\"523\" width=\"931\"><source media=\"(min-width: 1280px)\" srcset=\"https:\/\/a57.foxnews.com\/static.foxnews.com\/foxnews.com\/content\/uploads\/2023\/09\/720\/405\/parent-child.jpg?ve=1&amp;tl=1, https:\/\/a57.foxnews.com\/static.foxnews.com\/foxnews.com\/content\/uploads\/2023\/09\/1440\/810\/parent-child.jpg?ve=1&amp;tl=1 2x\" height=\"405\" width=\"720\"><img loading=\"lazy\" decoding=\"async\" src=\"https:\/\/a57.foxnews.com\/static.foxnews.com\/foxnews.com\/content\/uploads\/2023\/09\/1200\/675\/parent-child.jpg?ve=1&amp;tl=1\" alt=\"Ni\u00f1o con especialista pedi\u00e1trico \" width=\"1200\" height=\"675\"\/><\/source><\/source><\/source><\/source><\/picture><\/div>\n<div class=\"info\">\n<div class=\"caption\">\n<p><span>\u00abEstamos viviendo en un momento en que el diagn\u00f3stico se ha convertido en el incumplimiento, no en la excepci\u00f3n\u00bb, dijo un psicoterapeuta (no en la foto) a Fox News Digital.<\/span> <span>(Istock)<\/span><\/p>\n<\/div>\n<\/div>\n<\/div>\n<p>Un portavoz de la organizaci\u00f3n sin fines de lucro con sede en Nueva York, Speaks, coment\u00f3 que estos hallazgos reflejan \u00abprogreso real\u00bb en los ni\u00f1os que se identifican con mayor precisi\u00f3n a trav\u00e9s de una mayor conciencia, criterios de diagn\u00f3stico m\u00e1s amplios y \u00abherramientas de detecci\u00f3n estandarizadas m\u00e1s consistentes\u00bb.<\/p>\n<p><strong><u>Haga clic aqu\u00ed para obtener la aplicaci\u00f3n Fox News<\/u><\/strong><\/p>\n<p>\u00abSi bien hay muchos factores que impulsan estos n\u00fameros, la investigaci\u00f3n muestra que del 60% al 90% del riesgo de autismo se basan en la gen\u00e9tica\u00bb, dijeron en un comunicado a Fox News Digital. <\/p>\n<p>\u00abA\u00fan as\u00ed, una cosa est\u00e1 clara, este aumento constante en la prevalencia requiere una inversi\u00f3n m\u00e1s profunda y sostenida en la investigaci\u00f3n del autismo, no solo para comprender sus causas, sino tambi\u00e9n para apoyar el creciente n\u00famero de personas diagnosticadas hoy en d\u00eda\u00bb.<\/p>\n<blockquote class=\"pull-quote\">\n<p class=\"quote-text\">\u00abEste aumento constante en la prevalencia requiere una inversi\u00f3n m\u00e1s profunda y sostenida en la investigaci\u00f3n del autismo\u00bb.<\/p>\n<p> <!----><\/p><\/blockquote>\n<p>El portavoz pidi\u00f3 cambios en las pol\u00edticas y los presupuestos para reflejar esta \u00abnueva realidad\u00bb.<\/p>\n<p>\u00abEso significa expandir el acceso a la intervenci\u00f3n temprana, fortalecer los sistemas educativos y de atenci\u00f3n m\u00e9dica y proporcionar soportes que abarcan toda la vida. Estos datos no son solo un n\u00famero, es un llamado a la acci\u00f3n\u00bb.<\/p>\n<div class=\"image-ct inline\">\n<div class=\"m\"><picture><source media=\"(max-width: 767px)\" srcset=\"https:\/\/a57.foxnews.com\/static.foxnews.com\/foxnews.com\/content\/uploads\/2019\/03\/343\/192\/unvaccinated.jpg?ve=1&amp;tl=1, https:\/\/a57.foxnews.com\/static.foxnews.com\/foxnews.com\/content\/uploads\/2019\/03\/686\/384\/unvaccinated.jpg?ve=1&amp;tl=1 2x\" height=\"192\" width=\"343\"><source media=\"(min-width: 768px) and (max-width: 1023px)\" srcset=\"https:\/\/a57.foxnews.com\/static.foxnews.com\/foxnews.com\/content\/uploads\/2019\/03\/672\/378\/unvaccinated.jpg?ve=1&amp;tl=1, https:\/\/a57.foxnews.com\/static.foxnews.com\/foxnews.com\/content\/uploads\/2019\/03\/1344\/756\/unvaccinated.jpg?ve=1&amp;tl=1 2x\" height=\"378\" width=\"672\"><source media=\"(min-width: 1024px) and (max-width: 1279px)\" srcset=\"https:\/\/a57.foxnews.com\/static.foxnews.com\/foxnews.com\/content\/uploads\/2019\/03\/931\/523\/unvaccinated.jpg?ve=1&amp;tl=1, https:\/\/a57.foxnews.com\/static.foxnews.com\/foxnews.com\/content\/uploads\/2019\/03\/1862\/1046\/unvaccinated.jpg?ve=1&amp;tl=1 2x\" height=\"523\" width=\"931\"><source media=\"(min-width: 1280px)\" srcset=\"https:\/\/a57.foxnews.com\/static.foxnews.com\/foxnews.com\/content\/uploads\/2019\/03\/720\/405\/unvaccinated.jpg?ve=1&amp;tl=1, https:\/\/a57.foxnews.com\/static.foxnews.com\/foxnews.com\/content\/uploads\/2019\/03\/1440\/810\/unvaccinated.jpg?ve=1&amp;tl=1 2x\" height=\"405\" width=\"720\"><img loading=\"lazy\" decoding=\"async\" src=\"https:\/\/a57.foxnews.com\/static.foxnews.com\/foxnews.com\/content\/uploads\/2019\/03\/1200\/675\/unvaccinated.jpg?ve=1&amp;tl=1\" alt=\"Ni\u00f1o que se vacunan\" width=\"1200\" height=\"675\"\/><\/source><\/source><\/source><\/source><\/picture><\/div>\n<div class=\"info\">\n<div class=\"caption\">\n<p><span>Autism Speaks reiter\u00f3 su alineaci\u00f3n con la investigaci\u00f3n que confirma que las vacunas \u00abno causan autismo\u00bb y abogaron por que la informaci\u00f3n de la vacuna sea \u00abbasada en evidencia cient\u00edfica\u00bb.<\/span> <span>(Istock)<\/span><\/p>\n<\/div>\n<\/div>\n<\/div>\n<p>Autism Speaks reiter\u00f3 que la investigaci\u00f3n confirma que las vacunas \u00abno causan autismo\u00bb y abogan por que la informaci\u00f3n de la vacuna sea \u00abbasada en evidencia cient\u00edfica\u00bb.<\/p>\n<p>\u00abReconocemos el inter\u00e9s de la administraci\u00f3n en la investigaci\u00f3n del autismo y reiteramos nuestra posici\u00f3n de larga data de que las inversiones federales deben aumentar y centrarnos en los avances basados \u200b\u200ben evidencia que benefician a las personas autistas y sus familias\u00bb, dijeron.<\/p>\n<p><i><strong><u>Para m\u00e1s art\u00edculos de salud, visite <\/u><\/strong><\/i><i><strong><u>Foxnews.com\/Health<\/u><\/strong><\/i><\/p>\n<p>\u00abAvanzar la investigaci\u00f3n significativa y significativa debe basarse en m\u00e9todos rigurosos y basados \u200b\u200ben evidencia y llevarse a cabo en asociaci\u00f3n con la comunidad de autismo, incluidos cient\u00edficos, m\u00e9dicos, individuos autistas y familias\u00bb.<\/p>\n<p> <!----> <\/p>\n<div class=\"article-meta\">\n<div class=\"author-bio\">\n<p>Angelica Stabile es una reportera de estilo de vida para Fox News Digital.<\/p>\n<\/div>\n<\/div>\n<\/div>\n\n","protected":false},"excerpt":{"rendered":"<p>Los nuevos datos publicados por los Centros para el Control y la Prevenci\u00f3n de Enfermedades han revelado las tasas de autismo de escalada entre los ni\u00f1os. En 2022, un programa de vigilancia llamado Autism and Development Discapities Monitoring Network comenz\u00f3 a monitorear a los ni\u00f1os de 4 a 8 a\u00f1os en 15 estados de EE. &hellip;<\/p>\n","protected":false},"author":1,"featured_media":23293,"comment_status":"open","ping_status":"open","sticky":false,"template":"","format":"standard","meta":{"fifu_image_url":"https:\/\/a57.foxnews.com\/static.foxnews.com\/foxnews.com\/content\/uploads\/2025\/04\/1200\/675\/gettyimages-2030029155.jpg?ve=1&tl=1","fifu_image_alt":"","footnotes":""},"categories":[8],"tags":[],"class_list":["post-23291","post","type-post","status-publish","format-standard","has-post-thumbnail","","category-salud"],"_links":{"self":[{"href":"https:\/\/noticiasveraces.com\/index.php?rest_route=\/wp\/v2\/posts\/23291","targetHints":{"allow":["GET"]}}],"collection":[{"href":"https:\/\/noticiasveraces.com\/index.php?rest_route=\/wp\/v2\/posts"}],"about":[{"href":"https:\/\/noticiasveraces.com\/index.php?rest_route=\/wp\/v2\/types\/post"}],"author":[{"embeddable":true,"href":"https:\/\/noticiasveraces.com\/index.php?rest_route=\/wp\/v2\/users\/1"}],"replies":[{"embeddable":true,"href":"https:\/\/noticiasveraces.com\/index.php?rest_route=%2Fwp%2Fv2%2Fcomments&post=23291"}],"version-history":[{"count":0,"href":"https:\/\/noticiasveraces.com\/index.php?rest_route=\/wp\/v2\/posts\/23291\/revisions"}],"wp:featuredmedia":[{"embeddable":true,"href":"https:\/\/noticiasveraces.com\/index.php?rest_route=\/wp\/v2\/media\/23293"}],"wp:attachment":[{"href":"https:\/\/noticiasveraces.com\/index.php?rest_route=%2Fwp%2Fv2%2Fmedia&parent=23291"}],"wp:term":[{"taxonomy":"category","embeddable":true,"href":"https:\/\/noticiasveraces.com\/index.php?rest_route=%2Fwp%2Fv2%2Fcategories&post=23291"},{"taxonomy":"post_tag","embeddable":true,"href":"https:\/\/noticiasveraces.com\/index.php?rest_route=%2Fwp%2Fv2%2Ftags&post=23291"}],"curies":[{"name":"wp","href":"https:\/\/api.w.org\/{rel}","templated":true}]}}