{"id":23270,"date":"2025-04-17T01:39:13","date_gmt":"2025-04-17T05:39:13","guid":{"rendered":"https:\/\/noticiasveraces.com\/?p=23270"},"modified":"2025-04-17T01:39:13","modified_gmt":"2025-04-17T05:39:13","slug":"la-asimetria-del-insulto-sociedad","status":"publish","type":"post","link":"https:\/\/noticiasveraces.com\/?p=23270","title":{"rendered":"La asimetr\u00eda del insulto | Sociedad"},"content":{"rendered":"<p> \n<br \/><img decoding=\"async\" src=\"https:\/\/imagenes.elpais.com\/resizer\/v2\/HKOQ53Z4QJC33NN2WN3XE6SAWQ.jpg?auth=75ef95b076610a345fb9b4e8ee7b1087e16070c0537c504b77e3e1877eca78bb\" \/><\/p>\n<div data-dtm-region=\"articulo_cuerpo\">\n<p class=\"\">Ninguno de los insultos lanzados contra la ministra Pilar Alegr\u00eda tendr\u00eda efecto sobre un pol\u00edtico hombre. Si a un hombre le dijeran \u201cputo\u201d, \u201ccada vez que veo tus labios pienso lo mismo\u201d, \u201ctienes llagas de chup\u00e1rselo a una compa\u00f1era\u201d, \u201chist\u00e9rico\u201d, \u201cbrujo\u201d, \u201ccomeco\u00f1os\u201d, \u201ceres ministro por callar y ponerte de rodillas\u201d\u2026 No solo no se ver\u00eda cuestionado del modo que lo hace una mujer, sino que podr\u00eda presumir de macho ante s\u00ed y ante muchos otros hombres que lo ver\u00edan como un \u201cputo amo\u201d que va por la vida de conquista en conquista. <\/p>\n<p class=\"\">Y por supuesto, nadie recoger\u00eda esos insultos para hacer campa\u00f1a con la cr\u00edtica y las circunstancias que dan lugar a los insultos, aunque no los mencione directamente, como s\u00ed ha hecho el PP y muchos medios con la ministra Pilar Alegr\u00eda.<\/p>\n<p class=\"\">A las mujeres se las insulta con el sexo por dos motivos. En primer lugar, por estar en el lugar que les corresponde a los hombres. Es la idea de que si estuvieran en su casa haciendo lo que como mujeres deber\u00edan hacer, no les pasar\u00edan estas cosas. De manera que cada insulto es una forma de decirle, \u201cvete de aqu\u00ed y regresa a tu sitio\u201d. <\/p>\n<p class=\"\">Y en segundo lugar, porque el insulto sexual sit\u00faa el ataque en su condici\u00f3n de mujer, no en su trabajo ni en sus decisiones. De ese modo la cr\u00edtica se dirige tanto a lo que ha hecho por lo que ha sucedido, como en lo que puede pasar. No es un ataque a lo ocurrido, sino una advertencia a lo que puede volver a pasar y un anticipo de que llegar\u00e1n nuevos insultos, actuando como una forma de intimidaci\u00f3n para facilitar esa \u201csalida y regreso a sus espacios\u201d del primer mensaje.<\/p>\n<p class=\"\">Por esa raz\u00f3n, el insulto construido en el sexo o en la sexualidad no es tan eficaz con los hombres, porque los hombres pueden utilizar el sexo y lo que conlleva, y porque la intimidaci\u00f3n hacia los hombres con el sexo no genera advertencia. La \u00fanica posibilidad de utilizar esta estrategia es desposeerlos de su condici\u00f3n masculina para atacarlos por su \u201cpoca hombr\u00eda\u201d, como ocurri\u00f3 con el ministro Grande Marlaska cuando unos estudiantes lo llamaron \u201cmaric\u00f3n\u201d en la Universidad de Navarra.<\/p>\n<p class=\"\">La situaci\u00f3n es tan terrible y tan gr\u00e1fica que cuando se cuestionan a los hombres que lanzan los insultos contra las mujeres y se les llama machistas, r\u00e1pidamente reaccionan present\u00e1ndose como v\u00edctimas y exigiendo que se rectifique. Es lo que explic\u00f3 muy bien Isabel Vald\u00e9s en El Pa\u00eds Fem \u2015la newsletter de feminismo del peri\u00f3dico\u2015 del pasado 25 de marzo, sobre los insultos que lanz\u00f3 Rafael Hernando, diputado del PP, contra Irene Montero, que r\u00e1pidamente se movieron hilos para que se retiraran las cr\u00edticas contra \u00e9l por los insultos que hab\u00eda vertido, sin que \u00e9l rectificara ni nadie pidiera que retirara los insultos. <\/p>\n<p class=\"\">La asimetr\u00eda es evidente: ni los insultos que se utilizan contra las mujeres son v\u00e1lidos para los hombres, ni se permite criticar a los hombres que insultan a las mujeres.<\/p>\n<p class=\"\">Nada es casualidad, todo obedece a la estrategia que busca recuperar el espacio pol\u00edtico y el escenario p\u00fablico para los hombres y lo masculino, y eso exige dejar a las mujeres independientes fuera, e imponerle a las que est\u00e9n que se comporten como hombres para ser validadas, de lo contrario ser\u00e1n sustituidas por otras que acepten esa condici\u00f3n, pues la valoraci\u00f3n de las mujeres se hace por su presencia, por si superan el 40% o no, no tanto por lo que puedan aportar, de ah\u00ed lo f\u00e1cil que resulta sustituirlas.<\/p>\n<p class=\"\">Y no nos confundamos ni caigamos en la trampa de aceptar que no se puede hacer gran cosa porque quienes insultan mayoritariamente lo hacen en las redes sociales y con perfiles an\u00f3nimos. No es esa la clave, ese es un tema esencial que debe resolverse para evitar que el anonimato de los \u201cvalientes\u201d que se ocultan y no dan la cara se traduzca en impunidad, pero la estrategia de atacar a las mujeres y al feminismo no se centra en \u201cnombres y apellidos\u201d, sino en \u201chombres y adjetivos\u201d, es decir, en el insulto que los hombres lanzan contra las mujeres usando calificativos de todo tipo. Y esas personas est\u00e1n todas identificadas: son hombres.<\/p>\n<p class=\"\">El nombre y los apellidos son necesarios para exigir responsabilidad a quienes usan la violencia verbal e incitan a cualquier otro tipo de violencia, pero lo importante de esta estrategia son los \u201chombres y los adjetivos\u201d, puesto que no se trata de acciones individuales repetidas por un n\u00famero mayor o menor de personas, sino de una respuesta grupal en defensa de los valores androc\u00e9ntricos que definen la sociedad y la cultura. <\/p>\n<p class=\"\">No es nada nuevo, siempre lo han hecho con otro tipo de iniciativas, ahora solo se trata de recuperarlas para poder seguir diciendo lo de \u201cestas no son horas para una mujer\u201d o \u201cestos no son sitios para una mujer\u201d. Ellos establecen los l\u00edmites y si las mujeres los sobrepasan deben asumir las consecuencias de su decisi\u00f3n. Es la \u201casimetr\u00eda\u201d de una vida definida por la desigualdad.<\/p>\n<\/div>\n\n","protected":false},"excerpt":{"rendered":"<p>Ninguno de los insultos lanzados contra la ministra Pilar Alegr\u00eda tendr\u00eda efecto sobre un pol\u00edtico hombre. Si a un hombre le dijeran \u201cputo\u201d, \u201ccada vez que veo tus labios pienso lo mismo\u201d, \u201ctienes llagas de chup\u00e1rselo a una compa\u00f1era\u201d, \u201chist\u00e9rico\u201d, \u201cbrujo\u201d, \u201ccomeco\u00f1os\u201d, \u201ceres ministro por callar y ponerte de rodillas\u201d\u2026 No solo no se ver\u00eda &hellip;<\/p>\n","protected":false},"author":1,"featured_media":23272,"comment_status":"open","ping_status":"open","sticky":false,"template":"","format":"standard","meta":{"fifu_image_url":"https:\/\/imagenes.elpais.com\/resizer\/v2\/HKOQ53Z4QJC33NN2WN3XE6SAWQ.jpg?auth=75ef95b076610a345fb9b4e8ee7b1087e16070c0537c504b77e3e1877eca78bb&width=1200","fifu_image_alt":"","footnotes":""},"categories":[11],"tags":[],"class_list":["post-23270","post","type-post","status-publish","format-standard","has-post-thumbnail","","category-viaje"],"_links":{"self":[{"href":"https:\/\/noticiasveraces.com\/index.php?rest_route=\/wp\/v2\/posts\/23270","targetHints":{"allow":["GET"]}}],"collection":[{"href":"https:\/\/noticiasveraces.com\/index.php?rest_route=\/wp\/v2\/posts"}],"about":[{"href":"https:\/\/noticiasveraces.com\/index.php?rest_route=\/wp\/v2\/types\/post"}],"author":[{"embeddable":true,"href":"https:\/\/noticiasveraces.com\/index.php?rest_route=\/wp\/v2\/users\/1"}],"replies":[{"embeddable":true,"href":"https:\/\/noticiasveraces.com\/index.php?rest_route=%2Fwp%2Fv2%2Fcomments&post=23270"}],"version-history":[{"count":0,"href":"https:\/\/noticiasveraces.com\/index.php?rest_route=\/wp\/v2\/posts\/23270\/revisions"}],"wp:featuredmedia":[{"embeddable":true,"href":"https:\/\/noticiasveraces.com\/index.php?rest_route=\/wp\/v2\/media\/23272"}],"wp:attachment":[{"href":"https:\/\/noticiasveraces.com\/index.php?rest_route=%2Fwp%2Fv2%2Fmedia&parent=23270"}],"wp:term":[{"taxonomy":"category","embeddable":true,"href":"https:\/\/noticiasveraces.com\/index.php?rest_route=%2Fwp%2Fv2%2Fcategories&post=23270"},{"taxonomy":"post_tag","embeddable":true,"href":"https:\/\/noticiasveraces.com\/index.php?rest_route=%2Fwp%2Fv2%2Ftags&post=23270"}],"curies":[{"name":"wp","href":"https:\/\/api.w.org\/{rel}","templated":true}]}}