{"id":23268,"date":"2025-04-17T01:07:13","date_gmt":"2025-04-17T05:07:13","guid":{"rendered":"https:\/\/noticiasveraces.com\/?p=23268"},"modified":"2025-04-17T01:07:13","modified_gmt":"2025-04-17T05:07:13","slug":"gobierno-de-trump-pudo-incurrir-en-desacato-por-expulsiones-dw-17-04-2025","status":"publish","type":"post","link":"https:\/\/noticiasveraces.com\/?p=23268","title":{"rendered":"Gobierno de Trump pudo incurrir en desacato por expulsiones \u2013 DW \u2013 17\/04\/2025"},"content":{"rendered":"<p> \n<\/p>\n<div>\n<p>Un juez dictamin\u00f3 este mi\u00e9rcoles (16.04.2025) que el gobierno del presidente Donald Trump pudo incurrir en \u00abdesacato\u00bb al haber ignorado \u00abdeliberadamente\u00bb su prohibici\u00f3n de deportar migrantes bajo una ley de 1798.<\/p>\n<p>Este magistrado suspendi\u00f3 las deportaciones basadas exclusivamente en la Ley sobre Enemigos Extranjeros de 1798 cuando m\u00e1s de 200 personas, en su mayor\u00eda venezolanos acusados de ser miembros de la banda criminal Tren de Aragua, estaban siendo deportadas a El Salvador.<\/p>\n<p>\u00abEl tribunal determina en \u00faltima instancia que con sus acciones ese d\u00eda el gobierno ignor\u00f3 deliberadamente su orden\u00bb, escribi\u00f3 el juez federal James Boasberg.<\/p>\n<p>\u00abEn lugar de acatar la decisi\u00f3n de la Corte, el gobierno continu\u00f3 la operaci\u00f3n de deportaci\u00f3n a toda prisa\u00bb, dijo Boasberg.<\/p>\n<p>Esto es \u00absuficiente para que el tribunal concluya que existe una causa probable para declarar al gobierno en desacato\u00bb, a\u00f1adi\u00f3.<\/p>\n<p>No obstante, el juez concedi\u00f3 de plazo al Ejecutivo hasta el 23 de abril para evitar un procedimiento de \u00abdesacato\u00bb y cumplir con su decisi\u00f3n del 15 de marzo.<\/p>\n<p>En su defecto, le pide que le facilite la identidad de la persona o personas que han decidido ignorarlo.<\/p>\n<p>La Casa Blanca reaccion\u00f3 diciendo que recurrir\u00e1 \u00abinmediatamente\u00bb las conclusiones del magistrado.<\/p>\n<p>Trump, que ha prometido poner fin a lo que considera una \u00abinvasi\u00f3n\u00bb de \u00abcriminales procedentes del extranjero\u00bb y lleva semanas de forcejeo con los tribunales, despotric\u00f3 contra el magistrado en su plataforma Truth Social.<\/p>\n<p>\u00abUn juez fall\u00f3 en contra nuestra por 530.000 migrantes ilegales (&#8230;) diciendo que no pueden ser vistos como un grupo, sino que cada caso debe ser juzgado individualmente\u00bb, escribi\u00f3, dando a entender que todos ellos son delincuentes.<\/p>\n<p>\u00abEso tomar\u00eda aproximadamente 100 a\u00f1os. \u00bfQu\u00e9 est\u00e1 pasando con nuestros tribunales? Est\u00e1n totalmente FUERA DE CONTROL\u00bb, a\u00f1adi\u00f3 en may\u00fasculas.<\/p>\n<p>El 8 de abril la Corte Suprema levant\u00f3 la prohibici\u00f3n de expulsar migrantes invocando la ley del siglo XVIII, pero principalmente por razones t\u00e9cnicas: los migrantes que pusieron demandas para evitar la deportaci\u00f3n se encuentran en Texas, mientras que el caso ante Boasberg se tramit\u00f3 en Washington.<\/p>\n<p>El m\u00e1ximo tribunal consider\u00f3 no obstante que deben de poder impugnar su expulsi\u00f3n en los tribunales del estado desde donde son expulsados.<\/p>\n<p>Pese a una serie de vistas judiciales los funcionarios de la administraci\u00f3n Trump \u00abno han proporcionado ninguna raz\u00f3n convincente\u00bb para evitar llegar a la conclusi\u00f3n de que \u00abdesobedecieron deliberadamente la decisi\u00f3n del tribunal\u00bb, insisti\u00f3 el magistrado. <\/p>\n<p><span data-slot-id=\"Article_InContent-1\" class=\"rich-text-ad\"\/><\/p>\n<h2>Caso de Kilmar \u00c1brego Garc\u00eda<\/h2>\n<p>Entre los deportados el 15 de marzo en virtud de esta ley usada hasta entonces solo en tiempos de guerra figura el migrante salvadore\u00f1o Kilmar \u00c1brego Garc\u00eda, pese a que en 2019 una corte revoc\u00f3 permanentemente la posibilidad de expulsarlo a El Salvador. <\/p>\n<p>El gobierno reconoci\u00f3 posteriormente que se debi\u00f3 a un \u00aberror administrativo\u00bb, pero insiste en su derecho a invocar la Ley de Enemigos Extranjeros.<\/p>\n<p>Cuenta con el respaldo del presidente salvadore\u00f1o, Nayib Bukele, que ha puesto a su disposici\u00f3n una megac\u00e1rcel para recluir a los deportados. A cambio, ha recibido ya seis millones de d\u00f3lares de Washington.<\/p>\n<p>Trump dice que no est\u00e1 en sus manos traer de vuelta a \u00c1brego Garc\u00eda y Bukele se aline\u00f3 con \u00e9l al afirmar el lunes en la Casa Blanca que tampoco tiene \u00abel poder\u00bb de hacerlo.<\/p>\n<p>El presidente republicano firm\u00f3 un decreto que permite usar la ley de 1798 contra los miembros del Tren de Aragua, declarada organizaci\u00f3n \u00abterrorista\u00bb global por Washington.<\/p>\n<p>La portavoz de la Casa Blanca, Karoline Leavitt, acus\u00f3 nuevamente a \u00c1brego Garc\u00eda de ser \u00abun inmigrante ilegal, miembro de la pandilla MS-13 terrorista extranjera\u00bb.<\/p>\n<p>Cuando fue detenido \u00abvest\u00eda una sudadera con fajos de billetes que cubr\u00edan las orejas, la boca y los ojos de presidentes\u00bb, es decir \u00abun conocido s\u00edmbolo de la pandilla MS-13\u00bb, dijo en un acto con periodistas al que invit\u00f3 a la madre de Rachel Morin, una joven asesinada en 2023. <\/p>\n<p>Un jurado popular declar\u00f3 culpable del asesinato y violaci\u00f3n de la joven a otro migrante salvadore\u00f1o que hab\u00eda sido deportado tres veces. Los dem\u00f3cratas se han solidarizado con \u00c1brego Garc\u00eda. <\/p>\n<p>El senador Chris Van Hollen viaj\u00f3 este mi\u00e9rcoles a El Salvador, pero las autoridades no le dejaron reunirse ni hablar por tel\u00e9fono con \u00e9l.<\/p>\n<p>Leavitt critic\u00f3 el viaje y advirti\u00f3: \u00abSi alguna vez acaba de regreso en Estados Unidos, ser\u00eda deportado nuevamente de inmediato\u00bb.<\/p>\n<p>En X el Departamento de Seguridad Interior (DHS) afirma que la esposa del salvadore\u00f1o, Jennifer V\u00e1squez Sura, \u00absolicit\u00f3 una orden de alejamiento por violencia dom\u00e9stica contra \u00e9l\u00bb, junto a un documento para demostrarlo.<\/p>\n<p>mg (afp, El Diario de Hoy)<\/p>\n<\/p>\n<\/div>\n\n","protected":false},"excerpt":{"rendered":"<p>Un juez dictamin\u00f3 este mi\u00e9rcoles (16.04.2025) que el gobierno del presidente Donald Trump pudo incurrir en \u00abdesacato\u00bb al haber ignorado \u00abdeliberadamente\u00bb su prohibici\u00f3n de deportar migrantes bajo una ley de 1798. Este magistrado suspendi\u00f3 las deportaciones basadas exclusivamente en la Ley sobre Enemigos Extranjeros de 1798 cuando m\u00e1s de 200 personas, en su mayor\u00eda venezolanos &hellip;<\/p>\n","protected":false},"author":1,"featured_media":23269,"comment_status":"open","ping_status":"open","sticky":false,"template":"","format":"standard","meta":{"fifu_image_url":"https:\/\/static.dw.com\/image\/72108033_6.jpg","fifu_image_alt":"","footnotes":""},"categories":[13],"tags":[],"class_list":["post-23268","post","type-post","status-publish","format-standard","has-post-thumbnail","","category-mundo"],"_links":{"self":[{"href":"https:\/\/noticiasveraces.com\/index.php?rest_route=\/wp\/v2\/posts\/23268","targetHints":{"allow":["GET"]}}],"collection":[{"href":"https:\/\/noticiasveraces.com\/index.php?rest_route=\/wp\/v2\/posts"}],"about":[{"href":"https:\/\/noticiasveraces.com\/index.php?rest_route=\/wp\/v2\/types\/post"}],"author":[{"embeddable":true,"href":"https:\/\/noticiasveraces.com\/index.php?rest_route=\/wp\/v2\/users\/1"}],"replies":[{"embeddable":true,"href":"https:\/\/noticiasveraces.com\/index.php?rest_route=%2Fwp%2Fv2%2Fcomments&post=23268"}],"version-history":[{"count":0,"href":"https:\/\/noticiasveraces.com\/index.php?rest_route=\/wp\/v2\/posts\/23268\/revisions"}],"wp:featuredmedia":[{"embeddable":true,"href":"https:\/\/noticiasveraces.com\/index.php?rest_route=\/wp\/v2\/media\/23269"}],"wp:attachment":[{"href":"https:\/\/noticiasveraces.com\/index.php?rest_route=%2Fwp%2Fv2%2Fmedia&parent=23268"}],"wp:term":[{"taxonomy":"category","embeddable":true,"href":"https:\/\/noticiasveraces.com\/index.php?rest_route=%2Fwp%2Fv2%2Fcategories&post=23268"},{"taxonomy":"post_tag","embeddable":true,"href":"https:\/\/noticiasveraces.com\/index.php?rest_route=%2Fwp%2Fv2%2Ftags&post=23268"}],"curies":[{"name":"wp","href":"https:\/\/api.w.org\/{rel}","templated":true}]}}