{"id":23266,"date":"2025-04-17T00:06:20","date_gmt":"2025-04-17T04:06:20","guid":{"rendered":"https:\/\/noticiasveraces.com\/?p=23266"},"modified":"2025-04-17T00:06:20","modified_gmt":"2025-04-17T04:06:20","slug":"junta-militar-de-birmania-anuncia-amnistia-para-4-893-presos-dw-17-04-2025","status":"publish","type":"post","link":"https:\/\/noticiasveraces.com\/?p=23266","title":{"rendered":"Junta militar de Birmania anuncia amnist\u00eda para 4.893 presos \u2013 DW \u2013 17\/04\/2025"},"content":{"rendered":"<p> \n<\/p>\n<div>\n<p>La junta militar que detenta el poder en Birmania (Myanmar) anunci\u00f3 este jueves (17.04.2025) una amnist\u00eda para 4.893 presos, en conmemoraci\u00f3n del A\u00f1o Nuevo budista, que coincide con la visita del general golpista, Min Aung Hlaing, a Bangkok.<\/p>\n<p>El r\u00e9gimen castrense inform\u00f3 de la medida en un breve comunicado donde no aporta m\u00e1s detalles de los reos que se beneficien.<\/p>\n<p>De momento se desconoce si la amnist\u00eda ser\u00e1 concedida para alguno de los 22.197 presos pol\u00edticos que se encuentran en prisi\u00f3n, incluida la premio Nobel de la Paz y l\u00edder de facto del gobierno democr\u00e1tico derrocado, Aung San Suu Kyi, conforme a los \u00faltimos datos de la Asociaci\u00f3n de Presos Pol\u00edticos de Birmania (AAPP).<\/p>\n<p>La amnist\u00eda de prisioneros, una iniciativa com\u00fan en Birmania en fechas se\u00f1aladas, coincide este jueves con la visita del l\u00edder de la junta militar a la capital tailandesa donde espera reunirse con el primer ministro malasio, Anwar Ibrahim. <\/p>\n<h2>Ampliaci\u00f3n del alto el fuego temporal<\/h2>\n<p>El dirigente de Malasia, pa\u00eds que acoge este a\u00f1o la presidencia rotatoria de la Asociaci\u00f3n de Naciones del Sudeste Asi\u00e1tico (ASEAN) avanz\u00f3 el lunes que pedir\u00e1 al general birmano que ampl\u00ede el alto el fuego temporal que declar\u00f3 el 2 de abril para facilitar el reparto de ayuda humanitaria a ra\u00edz del terremoto que sacudi\u00f3 a finales de marzo su pa\u00eds, con m\u00e1s de 3.600 muertos.<\/p>\n<p>El alto el fuego, que fue precedido por propuestas similares de guerrillas opositoras, concluye el pr\u00f3ximo martes.<\/p>\n<p>A pesar del cese de hostilidades declarado por el Ej\u00e9rcito birmano, Naciones Unidas contabiliza m\u00e1s de 120 ataques perpetrados por los militares tras el se\u00edsmo, la mayor\u00eda ocurridos tras el alto el fuego.<\/p>\n<p>El golpe militar del 1 de febrero de 2021 sumi\u00f3 a Birmania en una profunda crisis pol\u00edtica, social y econ\u00f3mica y ha abierto una espiral de violencia con nuevas milicias civiles que han exacerbado la guerra de guerrillas que vive el pa\u00eds desde hace d\u00e9cadas.<\/p>\n<p>MG (EFE, AP)<\/p>\n<\/p>\n<\/div>\n\n","protected":false},"excerpt":{"rendered":"<p>La junta militar que detenta el poder en Birmania (Myanmar) anunci\u00f3 este jueves (17.04.2025) una amnist\u00eda para 4.893 presos, en conmemoraci\u00f3n del A\u00f1o Nuevo budista, que coincide con la visita del general golpista, Min Aung Hlaing, a Bangkok. El r\u00e9gimen castrense inform\u00f3 de la medida en un breve comunicado donde no aporta m\u00e1s detalles de &hellip;<\/p>\n","protected":false},"author":1,"featured_media":23267,"comment_status":"open","ping_status":"open","sticky":false,"template":"","format":"standard","meta":{"fifu_image_url":"https:\/\/static.dw.com\/image\/72074346_6.jpg","fifu_image_alt":"","footnotes":""},"categories":[13],"tags":[],"class_list":["post-23266","post","type-post","status-publish","format-standard","has-post-thumbnail","","category-mundo"],"_links":{"self":[{"href":"https:\/\/noticiasveraces.com\/index.php?rest_route=\/wp\/v2\/posts\/23266","targetHints":{"allow":["GET"]}}],"collection":[{"href":"https:\/\/noticiasveraces.com\/index.php?rest_route=\/wp\/v2\/posts"}],"about":[{"href":"https:\/\/noticiasveraces.com\/index.php?rest_route=\/wp\/v2\/types\/post"}],"author":[{"embeddable":true,"href":"https:\/\/noticiasveraces.com\/index.php?rest_route=\/wp\/v2\/users\/1"}],"replies":[{"embeddable":true,"href":"https:\/\/noticiasveraces.com\/index.php?rest_route=%2Fwp%2Fv2%2Fcomments&post=23266"}],"version-history":[{"count":0,"href":"https:\/\/noticiasveraces.com\/index.php?rest_route=\/wp\/v2\/posts\/23266\/revisions"}],"wp:featuredmedia":[{"embeddable":true,"href":"https:\/\/noticiasveraces.com\/index.php?rest_route=\/wp\/v2\/media\/23267"}],"wp:attachment":[{"href":"https:\/\/noticiasveraces.com\/index.php?rest_route=%2Fwp%2Fv2%2Fmedia&parent=23266"}],"wp:term":[{"taxonomy":"category","embeddable":true,"href":"https:\/\/noticiasveraces.com\/index.php?rest_route=%2Fwp%2Fv2%2Fcategories&post=23266"},{"taxonomy":"post_tag","embeddable":true,"href":"https:\/\/noticiasveraces.com\/index.php?rest_route=%2Fwp%2Fv2%2Ftags&post=23266"}],"curies":[{"name":"wp","href":"https:\/\/api.w.org\/{rel}","templated":true}]}}