{"id":23241,"date":"2025-04-16T21:10:12","date_gmt":"2025-04-17T01:10:12","guid":{"rendered":"https:\/\/noticiasveraces.com\/?p=23241"},"modified":"2025-04-16T21:10:12","modified_gmt":"2025-04-17T01:10:12","slug":"y-la-mistica-a-donde-se-fue-memes-de-real-madrid-vs-arsenal","status":"publish","type":"post","link":"https:\/\/noticiasveraces.com\/?p=23241","title":{"rendered":"\u00bfY la m\u00edstica a d\u00f3nde se fue? Memes de Real Madrid vs. Arsenal"},"content":{"rendered":"<p> \n<br \/><img decoding=\"async\" src=\"https:\/\/www.futbolred.com\/files\/article_graphic\/uploads\/2025\/04\/16\/6800209e8c9f2.jpeg\" \/><\/p>\n<header>\n<h3>\n<p>                Curiosidades de f\u00fatbol<br \/>\n            <\/h3>\n<h1>\n<p>            \u00bfY la m\u00edstica a d\u00f3nde se fue? Memes de Real Madrid vs. Arsenal<br \/>\n        <\/h1>\n<address>\n            <a>Andres Julian Abril Gomez<br \/>\n        <\/address>\n<p>            16 de abril 2025 , 04:54 p.\u00a0m.<\/p>\n<\/header>\n<p>Los blancos cayeron en el Bernab\u00e9u y se despidieron de la Champions League.<\/p>\n<p><b>Real Madrid<\/b> se despidi\u00f3 este mi\u00e9rcoles de la<b> Liga de Campeones<\/b> luego de caer ampliamente en su llave de cuartos de final con <b>Arsenal<\/b> que gan\u00f3 tanto el partido de ida como el juego de vuelta disputado en el estadio Santiago Bernab\u00e9u.&nbsp;<\/p>\n<p>El cuadro blanco no tuvo chances claras y se vio superado por los londinenses en gran parte del juego por lo que se qued\u00f3 afuera en esta instancia.&nbsp;<\/p>\n<p>Pues bien, tras el juego los memes y los comentarios por la eliminaci\u00f3n del equipo espa\u00f1ol no tardaron en llegar y en varios se\u00f1alan a Carlo Ancelotti, Kylian Mbapp\u00e9, entre otros.&nbsp;<\/p>\n<p><b>Mejores memes de Real Madrid 1-2 Arsenal por Champions League<\/b><\/p>\n\n","protected":false},"excerpt":{"rendered":"<p>Curiosidades de f\u00fatbol \u00bfY la m\u00edstica a d\u00f3nde se fue? Memes de Real Madrid vs. Arsenal Andres Julian Abril Gomez 16 de abril 2025 , 04:54 p.\u00a0m. Los blancos cayeron en el Bernab\u00e9u y se despidieron de la Champions League. Real Madrid se despidi\u00f3 este mi\u00e9rcoles de la Liga de Campeones luego de caer ampliamente &hellip;<\/p>\n","protected":false},"author":1,"featured_media":23243,"comment_status":"open","ping_status":"open","sticky":false,"template":"","format":"standard","meta":{"fifu_image_url":"https:\/\/www.futbolred.com\/files\/og_thumbnail\/uploads\/2025\/04\/16\/6800209e8c9f2.jpeg","fifu_image_alt":"","footnotes":""},"categories":[6],"tags":[],"class_list":["post-23241","post","type-post","status-publish","format-standard","has-post-thumbnail","","category-deportes"],"_links":{"self":[{"href":"https:\/\/noticiasveraces.com\/index.php?rest_route=\/wp\/v2\/posts\/23241","targetHints":{"allow":["GET"]}}],"collection":[{"href":"https:\/\/noticiasveraces.com\/index.php?rest_route=\/wp\/v2\/posts"}],"about":[{"href":"https:\/\/noticiasveraces.com\/index.php?rest_route=\/wp\/v2\/types\/post"}],"author":[{"embeddable":true,"href":"https:\/\/noticiasveraces.com\/index.php?rest_route=\/wp\/v2\/users\/1"}],"replies":[{"embeddable":true,"href":"https:\/\/noticiasveraces.com\/index.php?rest_route=%2Fwp%2Fv2%2Fcomments&post=23241"}],"version-history":[{"count":0,"href":"https:\/\/noticiasveraces.com\/index.php?rest_route=\/wp\/v2\/posts\/23241\/revisions"}],"wp:featuredmedia":[{"embeddable":true,"href":"https:\/\/noticiasveraces.com\/index.php?rest_route=\/wp\/v2\/media\/23243"}],"wp:attachment":[{"href":"https:\/\/noticiasveraces.com\/index.php?rest_route=%2Fwp%2Fv2%2Fmedia&parent=23241"}],"wp:term":[{"taxonomy":"category","embeddable":true,"href":"https:\/\/noticiasveraces.com\/index.php?rest_route=%2Fwp%2Fv2%2Fcategories&post=23241"},{"taxonomy":"post_tag","embeddable":true,"href":"https:\/\/noticiasveraces.com\/index.php?rest_route=%2Fwp%2Fv2%2Ftags&post=23241"}],"curies":[{"name":"wp","href":"https:\/\/api.w.org\/{rel}","templated":true}]}}