{"id":23225,"date":"2025-04-16T16:55:16","date_gmt":"2025-04-16T20:55:16","guid":{"rendered":"https:\/\/noticiasveraces.com\/?p=23225"},"modified":"2025-04-16T16:55:16","modified_gmt":"2025-04-16T20:55:16","slug":"un-medico-de-berlin-ha-sido-acusado-de-asesinatos-de-15-pacientes-bajo-cuidados-paliativos","status":"publish","type":"post","link":"https:\/\/noticiasveraces.com\/?p=23225","title":{"rendered":"Un m\u00e9dico de Berl\u00edn ha sido acusado de asesinatos de 15 pacientes bajo cuidados paliativos"},"content":{"rendered":"<p> \n<\/p>\n<div>\n<div class=\"article-gating gated-overlay show-gate\">\n<div class=\"article-gating-wrapper\">\n<p>\u00danase a Fox News para acceder a este contenido<\/p>\n<p>Has alcanzado su n\u00famero m\u00e1ximo de art\u00edculos. Inicie sesi\u00f3n o cree una cuenta de forma gratuita para continuar leyendo.<\/p>\n<div class=\"article-gating-legal tablet-desktop\">Al ingresar su correo electr\u00f3nico y presionar continuar, usted acepta los t\u00e9rminos de uso y la pol\u00edtica de privacidad de Fox News, que incluye nuestro aviso de incentivo financiero.\n    <\/div>\n<p><span>Por favor, introduce una direcci\u00f3n de correo electr\u00f3nico v\u00e1lida.<\/span><\/p>\n<footer class=\"article-gating-footer\">\u00bfTiene problemas? Haga clic aqu\u00ed.<\/footer>\n<\/div>\n<\/div>\n<p class=\"speakable\">Un m\u00e9dico en Berl\u00edn ha sido acusado de asesinato por la muerte de 15 pacientes bajo cuidados paliativos, dijeron los fiscales el mi\u00e9rcoles. Tambi\u00e9n se le acusa de tratar de encubrir la evidencia comenzando incendios en sus hogares.<\/p>\n<p class=\"speakable\">El m\u00e9dico form\u00f3 parte del equipo de atenci\u00f3n al final de la vida de un servicio de enfermer\u00eda y inicialmente se sospechaba en la muerte de solo cuatro pacientes. Ese n\u00famero ha aumentado m\u00e1s desde el verano pasado, y los investigadores ahora dicen que han encontrado evidencia que lo vincula con la muerte de 15 personas entre el 22 de septiembre de 2021 y el 24 de julio del a\u00f1o pasado.<\/p>\n<p><strong>2 personas son asesinadas en un ataque de cuchillo en Alemania; Scholz dice que debe haber consecuencias<\/strong><\/p>\n<p>Las edades de las v\u00edctimas oscilaron entre 25 y 94 a\u00f1os. La mayor\u00eda muri\u00f3 en sus propios hogares.<\/p>\n<div class=\"image-ct inline\">\n<div class=\"m\"><picture><source media=\"(max-width: 767px)\" srcset=\"https:\/\/a57.foxnews.com\/static.foxnews.com\/foxnews.com\/content\/uploads\/2018\/09\/343\/192\/germanyflag.jpg?ve=1&amp;tl=1, https:\/\/a57.foxnews.com\/static.foxnews.com\/foxnews.com\/content\/uploads\/2018\/09\/686\/384\/germanyflag.jpg?ve=1&amp;tl=1 2x\" height=\"192\" width=\"343\"><source media=\"(min-width: 768px) and (max-width: 1023px)\" srcset=\"https:\/\/a57.foxnews.com\/static.foxnews.com\/foxnews.com\/content\/uploads\/2018\/09\/672\/378\/germanyflag.jpg?ve=1&amp;tl=1, https:\/\/a57.foxnews.com\/static.foxnews.com\/foxnews.com\/content\/uploads\/2018\/09\/1344\/756\/germanyflag.jpg?ve=1&amp;tl=1 2x\" height=\"378\" width=\"672\"><source media=\"(min-width: 1024px) and (max-width: 1279px)\" srcset=\"https:\/\/a57.foxnews.com\/static.foxnews.com\/foxnews.com\/content\/uploads\/2018\/09\/931\/523\/germanyflag.jpg?ve=1&amp;tl=1, https:\/\/a57.foxnews.com\/static.foxnews.com\/foxnews.com\/content\/uploads\/2018\/09\/1862\/1046\/germanyflag.jpg?ve=1&amp;tl=1 2x\" height=\"523\" width=\"931\"><source media=\"(min-width: 1280px)\" srcset=\"https:\/\/a57.foxnews.com\/static.foxnews.com\/foxnews.com\/content\/uploads\/2018\/09\/720\/405\/germanyflag.jpg?ve=1&amp;tl=1, https:\/\/a57.foxnews.com\/static.foxnews.com\/foxnews.com\/content\/uploads\/2018\/09\/1440\/810\/germanyflag.jpg?ve=1&amp;tl=1 2x\" height=\"405\" width=\"720\"><img loading=\"lazy\" decoding=\"async\" src=\"https:\/\/a57.foxnews.com\/static.foxnews.com\/foxnews.com\/content\/uploads\/2018\/09\/1200\/675\/germanyflag.jpg?ve=1&amp;tl=1\" alt=\"La bandera nacional alemana se ve en un d\u00eda soleado rodeado de algunas nubes en la Cancillery en Berl\u00edn, Alemania, el 29 de abril de 2016. Reuters\/Fabrizio Bensch - RTX2C625\" width=\"1200\" height=\"675\"\/><\/source><\/source><\/source><\/source><\/picture><\/div>\n<div class=\"info\">\n<div class=\"caption\">\n<p><span>Un m\u00e9dico en Berl\u00edn ha sido acusado de asesinato por la muerte de 15 pacientes.<\/span> <span>(Reuters\/Fabrizio Bensch)<\/span><\/p>\n<\/div>\n<\/div>\n<\/div>\n<p>Supuestamente administr\u00f3 un anest\u00e9sico y un relajante muscular a los pacientes sin su conocimiento o consentimiento. El c\u00f3ctel de drogas supuestamente paraliz\u00f3 los m\u00fasculos respiratorios. El arresto respiratorio y la muerte siguieron en cuesti\u00f3n de minutos, dijeron los fiscales.<\/p>\n<p>El m\u00e9dico, un hombre de 40 a\u00f1os cuyo nombre no ha sido liberado, en l\u00ednea con las reglas de privacidad alemana, ha estado bajo custodia desde el 6 de agosto. Los fiscales dijeron el mi\u00e9rcoles que a\u00fan no ha respondido al caso en su contra.<\/p>\n<p><strong><u>Haga clic aqu\u00ed para obtener la aplicaci\u00f3n Fox News<\/u><\/strong><\/p>\n<p>Los cargos se presentaron ante el Tribunal Estatal de Berl\u00edn, que ahora tendr\u00e1 que decidir si llevar el caso a juicio y, de ser as\u00ed, cu\u00e1ndo.<\/p>\n<p>Los cargos de asesinato llevan una sentencia m\u00e1xima de cadena perpetua. Los fiscales dijeron que su objetivo es pedirle a la corte que establece que el sospechoso tiene una culpa particularmente severa, lo que significa que no ser\u00eda elegible para la liberaci\u00f3n despu\u00e9s de 15 a\u00f1os, como suele ser el caso en Alemania. Tambi\u00e9n quieren que sea expulsado de su profesi\u00f3n de por vida.<\/p>\n<\/div>\n\n","protected":false},"excerpt":{"rendered":"<p>\u00danase a Fox News para acceder a este contenido Has alcanzado su n\u00famero m\u00e1ximo de art\u00edculos. Inicie sesi\u00f3n o cree una cuenta de forma gratuita para continuar leyendo. Al ingresar su correo electr\u00f3nico y presionar continuar, usted acepta los t\u00e9rminos de uso y la pol\u00edtica de privacidad de Fox News, que incluye nuestro aviso de &hellip;<\/p>\n","protected":false},"author":1,"featured_media":23227,"comment_status":"open","ping_status":"open","sticky":false,"template":"","format":"standard","meta":{"fifu_image_url":"https:\/\/static.foxnews.com\/foxnews.com\/content\/uploads\/2018\/09\/germanyflag.jpg","fifu_image_alt":"","footnotes":""},"categories":[13],"tags":[],"class_list":["post-23225","post","type-post","status-publish","format-standard","has-post-thumbnail","","category-mundo"],"_links":{"self":[{"href":"https:\/\/noticiasveraces.com\/index.php?rest_route=\/wp\/v2\/posts\/23225","targetHints":{"allow":["GET"]}}],"collection":[{"href":"https:\/\/noticiasveraces.com\/index.php?rest_route=\/wp\/v2\/posts"}],"about":[{"href":"https:\/\/noticiasveraces.com\/index.php?rest_route=\/wp\/v2\/types\/post"}],"author":[{"embeddable":true,"href":"https:\/\/noticiasveraces.com\/index.php?rest_route=\/wp\/v2\/users\/1"}],"replies":[{"embeddable":true,"href":"https:\/\/noticiasveraces.com\/index.php?rest_route=%2Fwp%2Fv2%2Fcomments&post=23225"}],"version-history":[{"count":0,"href":"https:\/\/noticiasveraces.com\/index.php?rest_route=\/wp\/v2\/posts\/23225\/revisions"}],"wp:featuredmedia":[{"embeddable":true,"href":"https:\/\/noticiasveraces.com\/index.php?rest_route=\/wp\/v2\/media\/23227"}],"wp:attachment":[{"href":"https:\/\/noticiasveraces.com\/index.php?rest_route=%2Fwp%2Fv2%2Fmedia&parent=23225"}],"wp:term":[{"taxonomy":"category","embeddable":true,"href":"https:\/\/noticiasveraces.com\/index.php?rest_route=%2Fwp%2Fv2%2Fcategories&post=23225"},{"taxonomy":"post_tag","embeddable":true,"href":"https:\/\/noticiasveraces.com\/index.php?rest_route=%2Fwp%2Fv2%2Ftags&post=23225"}],"curies":[{"name":"wp","href":"https:\/\/api.w.org\/{rel}","templated":true}]}}