{"id":23223,"date":"2025-04-16T15:54:15","date_gmt":"2025-04-16T19:54:15","guid":{"rendered":"https:\/\/noticiasveraces.com\/?p=23223"},"modified":"2025-04-16T15:54:15","modified_gmt":"2025-04-16T19:54:15","slug":"rubio-viaja-a-paris-para-conversaciones-sobre-ucrania-dw-16-04-2025","status":"publish","type":"post","link":"https:\/\/noticiasveraces.com\/?p=23223","title":{"rendered":"Rubio viaja a Par\u00eds para conversaciones sobre Ucrania \u2013 DW \u2013 16\/04\/2025"},"content":{"rendered":"<p> \n<\/p>\n<div>\n<p>El secretario de Estado Marco Rubio participar\u00e1 este mi\u00e9rcoles (17.04.2025) en Par\u00eds de conversaciones con representantes europeos sobre el fin de la guerra en Ucrania, en momentos de tensi\u00f3n en las relaciones de Europa y Estados Unidos.<\/p>\n<p>Rubio viaja junto con el enviado especial de Estados Unidos Steve Witkoff para unas negociaciones que buscan \u00abponer fin a la guerra entre Ucrania y Rusia y detener la carnicer\u00eda\u00bb, seg\u00fan un comunicado del Departamento de Estado.<\/p>\n<p>Rubio y Witkoff ser\u00e1n recibidos el jueves por el presidente franc\u00e9s, Emmanuel Macron, anunci\u00f3 el El\u00edseo. El secretario de Estado tambi\u00e9n se encontrar\u00e1 con su hom\u00f3logo franc\u00e9s Jean-No\u00ebl Barrot para abordar \u00abvarias de las crisis internacionales: la guerra en Ucrania, la situaci\u00f3n en Medio Oriente, la pol\u00edtica nuclear de Ir\u00e1n\u00bb, refiri\u00f3 una fuente diplom\u00e1tica.<\/p>\n<p>Los di\u00e1logos sobre el conflicto en Ucrania, una iniciativa del presidente estadounidense Donald Trump para lograr un cese el fuego general entre Kiev y Mosc\u00fa, por ahora no han tenido \u00e9xito.<\/p>\n<p>Rusia atac\u00f3 el domingo Sumi, en el norte de Ucrania, causando la muerte de al menos 35 civiles.<\/p>\n<p>Witkoff, no obstante, afirm\u00f3 el lunes, tres d\u00edas despu\u00e9s de un nuevo encuentro con el presidente ruso Vladimir Putin, que las conversaciones est\u00e1n a punto de lograr avances.<\/p>\n<p>CT (AFP, Efe)<\/p>\n<\/div>\n\n","protected":false},"excerpt":{"rendered":"<p>El secretario de Estado Marco Rubio participar\u00e1 este mi\u00e9rcoles (17.04.2025) en Par\u00eds de conversaciones con representantes europeos sobre el fin de la guerra en Ucrania, en momentos de tensi\u00f3n en las relaciones de Europa y Estados Unidos. Rubio viaja junto con el enviado especial de Estados Unidos Steve Witkoff para unas negociaciones que buscan \u00abponer &hellip;<\/p>\n","protected":false},"author":1,"featured_media":23224,"comment_status":"open","ping_status":"open","sticky":false,"template":"","format":"standard","meta":{"fifu_image_url":"https:\/\/static.dw.com\/image\/71939959_6.jpg","fifu_image_alt":"","footnotes":""},"categories":[13],"tags":[],"class_list":["post-23223","post","type-post","status-publish","format-standard","has-post-thumbnail","","category-mundo"],"_links":{"self":[{"href":"https:\/\/noticiasveraces.com\/index.php?rest_route=\/wp\/v2\/posts\/23223","targetHints":{"allow":["GET"]}}],"collection":[{"href":"https:\/\/noticiasveraces.com\/index.php?rest_route=\/wp\/v2\/posts"}],"about":[{"href":"https:\/\/noticiasveraces.com\/index.php?rest_route=\/wp\/v2\/types\/post"}],"author":[{"embeddable":true,"href":"https:\/\/noticiasveraces.com\/index.php?rest_route=\/wp\/v2\/users\/1"}],"replies":[{"embeddable":true,"href":"https:\/\/noticiasveraces.com\/index.php?rest_route=%2Fwp%2Fv2%2Fcomments&post=23223"}],"version-history":[{"count":0,"href":"https:\/\/noticiasveraces.com\/index.php?rest_route=\/wp\/v2\/posts\/23223\/revisions"}],"wp:featuredmedia":[{"embeddable":true,"href":"https:\/\/noticiasveraces.com\/index.php?rest_route=\/wp\/v2\/media\/23224"}],"wp:attachment":[{"href":"https:\/\/noticiasveraces.com\/index.php?rest_route=%2Fwp%2Fv2%2Fmedia&parent=23223"}],"wp:term":[{"taxonomy":"category","embeddable":true,"href":"https:\/\/noticiasveraces.com\/index.php?rest_route=%2Fwp%2Fv2%2Fcategories&post=23223"},{"taxonomy":"post_tag","embeddable":true,"href":"https:\/\/noticiasveraces.com\/index.php?rest_route=%2Fwp%2Fv2%2Ftags&post=23223"}],"curies":[{"name":"wp","href":"https:\/\/api.w.org\/{rel}","templated":true}]}}