{"id":23220,"date":"2025-04-16T15:08:47","date_gmt":"2025-04-16T19:08:47","guid":{"rendered":"https:\/\/noticiasveraces.com\/?p=23220"},"modified":"2025-04-16T15:08:47","modified_gmt":"2025-04-16T19:08:47","slug":"falcao-garcia-tuvo-gran-encuentro-con-la-aficion-de-millonarios","status":"publish","type":"post","link":"https:\/\/noticiasveraces.com\/?p=23220","title":{"rendered":"Falcao Garc\u00eda tuvo gran encuentro con la afici\u00f3n de Millonarios"},"content":{"rendered":"<p> \n<br \/><img decoding=\"async\" src=\"https:\/\/www.futbolred.com\/files\/article_graphic\/uploads\/2025\/04\/15\/67fec3bb31f7c.jpeg\" \/><\/p>\n<header>\n<h3>\n<p>                Curiosidades de f\u00fatbol<br \/>\n            <\/h3>\n<h1>\n<p>            Falcao Garc\u00eda tuvo gran encuentro con la afici\u00f3n de Millonarios<br \/>\n        <\/h1>\n<address>\n            <a>Andres Julian Abril Gomez<br \/>\n        <\/address>\n<p>            15 de abril 2025 , 03:38 p.\u00a0m.<\/p>\n<\/header>\n<p>El Tigre comparti\u00f3 con varios hinchas mientras se recupera de su lesi\u00f3n.<\/p>\n<p><b>Radamel Falcao Garc\u00eda<\/b> cumple con sus compromisos fuera del campo de juego mientras se recupera de su lesi\u00f3n que sufri\u00f3 con <b>Millonarios<\/b> y que lo mantiene al margen del equipo al menos por unas semanas m\u00e1s.  <\/p>\n<p>Ante esto, el delantero ha podido compartir con la afici\u00f3n embajadora y recientemente tuvo un Meet &#038; Greet en el Hotel Bogot\u00e1 Plaza que se dio de la mano de Cerveza Andina.  <\/p>\n<p>La experiencia se dio gracias a la iniciativa \u2018Puntos Azules\u2019, la plataforma de fidelizaci\u00f3n de los hinchas de Millonarios, que reconoce la compra de productos de la marca y el apoyo al equipo.<\/p>\n<p>Durante aproximadamente una hora, los hinchas pudieron compartir con el samario que escucharon historias sobre su carrera, momentos memorables en el f\u00fatbol y su cari\u00f1o hacia la camiseta de Millonarios. Adem\u00e1s, pudieron llevarse un aut\u00f3grafo para recordar el gran momento.  <\/p>\n<p>\u201cCompartir estos momentos con los hinchas es algo que me llena el coraz\u00f3n. Ellos son el alma del f\u00fatbol y poder devolverles un poco del cari\u00f1o que me dan es un privilegio que valoro profundamente\u201d, dijo Falcao para Andina.  <\/p>\n<p>Por su parte, Stephan Ram\u00edrez, Gerente de Marca Senior de Andina resalt\u00f3 el encuentro como un compromiso para premiar al hincha azul. <\/p>\n<p>\u201cTodos sabemos el esfuerzo y la pasi\u00f3n que los hinchas invierten por su equipo, ya sea para ir al estadio, tener la camiseta oficial o vivir momentos como un Meet &#038; Greet. Este evento fue una forma de premiar esa dedicaci\u00f3n y brindar experiencias inolvidables que combinan el amor por el f\u00fatbol y nuestra cerveza Andina\u201d, concluy\u00f3.<\/p>\n\n","protected":false},"excerpt":{"rendered":"<p>Curiosidades de f\u00fatbol Falcao Garc\u00eda tuvo gran encuentro con la afici\u00f3n de Millonarios Andres Julian Abril Gomez 15 de abril 2025 , 03:38 p.\u00a0m. El Tigre comparti\u00f3 con varios hinchas mientras se recupera de su lesi\u00f3n. Radamel Falcao Garc\u00eda cumple con sus compromisos fuera del campo de juego mientras se recupera de su lesi\u00f3n que &hellip;<\/p>\n","protected":false},"author":1,"featured_media":23222,"comment_status":"open","ping_status":"open","sticky":false,"template":"","format":"standard","meta":{"fifu_image_url":"https:\/\/www.futbolred.com\/files\/og_thumbnail\/uploads\/2025\/04\/15\/67fec3bb31f7c.jpeg","fifu_image_alt":"","footnotes":""},"categories":[6],"tags":[],"class_list":["post-23220","post","type-post","status-publish","format-standard","has-post-thumbnail","","category-deportes"],"_links":{"self":[{"href":"https:\/\/noticiasveraces.com\/index.php?rest_route=\/wp\/v2\/posts\/23220","targetHints":{"allow":["GET"]}}],"collection":[{"href":"https:\/\/noticiasveraces.com\/index.php?rest_route=\/wp\/v2\/posts"}],"about":[{"href":"https:\/\/noticiasveraces.com\/index.php?rest_route=\/wp\/v2\/types\/post"}],"author":[{"embeddable":true,"href":"https:\/\/noticiasveraces.com\/index.php?rest_route=\/wp\/v2\/users\/1"}],"replies":[{"embeddable":true,"href":"https:\/\/noticiasveraces.com\/index.php?rest_route=%2Fwp%2Fv2%2Fcomments&post=23220"}],"version-history":[{"count":0,"href":"https:\/\/noticiasveraces.com\/index.php?rest_route=\/wp\/v2\/posts\/23220\/revisions"}],"wp:featuredmedia":[{"embeddable":true,"href":"https:\/\/noticiasveraces.com\/index.php?rest_route=\/wp\/v2\/media\/23222"}],"wp:attachment":[{"href":"https:\/\/noticiasveraces.com\/index.php?rest_route=%2Fwp%2Fv2%2Fmedia&parent=23220"}],"wp:term":[{"taxonomy":"category","embeddable":true,"href":"https:\/\/noticiasveraces.com\/index.php?rest_route=%2Fwp%2Fv2%2Fcategories&post=23220"},{"taxonomy":"post_tag","embeddable":true,"href":"https:\/\/noticiasveraces.com\/index.php?rest_route=%2Fwp%2Fv2%2Ftags&post=23220"}],"curies":[{"name":"wp","href":"https:\/\/api.w.org\/{rel}","templated":true}]}}