{"id":23195,"date":"2025-04-16T13:38:11","date_gmt":"2025-04-16T17:38:11","guid":{"rendered":"https:\/\/noticiasveraces.com\/?p=23195"},"modified":"2025-04-16T13:38:11","modified_gmt":"2025-04-16T17:38:11","slug":"condenado-a-nueve-anos-de-carcel-un-profesor-particular-que-violo-a-una-alumna-de-15-sociedad","status":"publish","type":"post","link":"https:\/\/noticiasveraces.com\/?p=23195","title":{"rendered":"Condenado a nueve a\u00f1os de c\u00e1rcel un profesor particular que viol\u00f3 a una alumna de 15 | Sociedad"},"content":{"rendered":"<p> \n<br \/><img decoding=\"async\" src=\"https:\/\/imagenes.elpais.com\/resizer\/v2\/C2ZU2JPK4NF25HPOLWXQEULIDA.png?auth=5ce6f15a62c279adb61608704ed2c2b79da2aa7ba9e6e07281506f8c502e2f46\" \/><\/p>\n<div data-dtm-region=\"articulo_cuerpo\">\n<p class=\"\">Un profesor ha sido condenado a nueve a\u00f1os de c\u00e1rcel por agredir sexualmente a una alumna de 15 a la que impart\u00eda clases particulares de matem\u00e1ticas. El hombre, de 52 a\u00f1os cuando sucedieron estos hechos, en 2020, viol\u00f3 a la adolescente en la vivienda donde le daba las lecciones. La v\u00edctima necesit\u00f3 m\u00e1s de un a\u00f1o para contarle lo sucedido a sus padres, y se apoy\u00f3 en una orientadora escolar con la que ten\u00eda confianza para explic\u00e1rselo a su familia y poner una denuncia. La Audiencia Provincial de Valladolid ha destacado en su sentencia que el docente era plenamente consciente de la edad de la estudiante. La edad m\u00ednima de consentimiento sexual se encuentra en los 16 a\u00f1os.<\/p>\n<p class=\"\">La sentencia recoge que el adulto, que daba clases particulares de refuerzo a la menor, comenz\u00f3 a aproximarse a la chica en octubre de 2020. Esta relat\u00f3 ante el juez que \u201cnotaba un acercamiento del profesor\u201d con actuaciones como estas: \u201cCon la mano me tocaba por debajo la pierna, me cog\u00eda la mano con la que yo escrib\u00eda, me dibujaba cosas, la primera vez me puso RH en el cuaderno de actividades, eso significaba \u2014seg\u00fan le dijo \u00e9l\u2014 <i>coraz\u00f3n rojo<\/i>coraz\u00f3n rojo; tambi\u00e9n en una pintura me puso TQ de \u2018te quiero\u2019 y me dijo: \u2018as\u00ed llevas esta pintura y te acuerdas siempre de m\u00ed; yo me sent\u00ed muy adorada, muy apoyada\u201d. El individuo le pidi\u00f3 que se abriera cuentas en la red social Instagram y en la plataforma de mensajer\u00eda instant\u00e1nea Telegram, por donde le mandaba mensajes cari\u00f1osos y le ped\u00eda que los borrara para mantenerlos en secreto. \u201cNunca tuvo gestos afectivos hacia m\u00ed cuando hab\u00eda m\u00e1s gente. Los s\u00edmbolos de corazones en Instagram parec\u00edan muestras de amor o cari\u00f1o, pero yo ten\u00eda reci\u00e9n cumplidos los 15 a\u00f1os y me met\u00ed en un juego del que no supe salir\u201d, describi\u00f3 la adolescente, quien empez\u00f3 a recibir regalos y m\u00faltiples mensajes cari\u00f1osos del agresor sexual.<\/p>\n<p class=\"\">Este, en diciembre de 2020, la cit\u00f3 en su vivienda para un supuesto taller de matem\u00e1ticas y all\u00ed, \u201caprovech\u00e1ndose de la ascendencia e influencia que ten\u00eda sobre la menor\u201d, la viol\u00f3. \u201cEl procesado era consciente en todo momento que no hab\u00eda cumplido a\u00fan los 16 a\u00f1os\u201d, insiste la resoluci\u00f3n judicial. El padre de la alumna comenz\u00f3 a detectar la relaci\u00f3n an\u00f3mala cuando pill\u00f3 a su hija escondiendo el m\u00f3vil y encontr\u00f3 los mensajes de redes sociales, si bien entonces decidieron solamente cancelar las clases particulares porque no sab\u00edan qu\u00e9 m\u00e1s hab\u00eda ocurrido. La v\u00edctima apenas se lo cont\u00f3 a nadie durante meses: en agosto de 2021 se lo confes\u00f3 a un novio, aunque no le dio detalles, y solo en enero de 2022, m\u00e1s de un a\u00f1o despu\u00e9s, detall\u00f3 la agresi\u00f3n sexual a una orientadora escolar con quien ten\u00eda confianza. Esta le inst\u00f3 a avisar a sus padres. La v\u00edctima se lo hizo saber a sus progenitores y estos denunciaron. El tribunal concluye que la agresi\u00f3n ha da\u00f1ado el \u201cdesarrollo personal y emocional\u201d de la chica, que ha \u201crequerido tratamiento psicol\u00f3gico\u201d.<\/p>\n<p class=\"\">El acusado, durante el juicio, aleg\u00f3 que \u00e9l no envi\u00f3 los mensajes en los chats en redes sociales, y se\u00f1al\u00f3 a la alumna por un presunto comportamiento disruptivo que su orientadora escolar y su expediente acad\u00e9mico negaron. Tambi\u00e9n neg\u00f3 haberla violado y forzado a mantener un encuentro sexual en su casa. El testimonio de la adolescente mostr\u00f3 plena credibilidad y ha conducido a la condena sobre el docente, quien puede recurrirla al Tribunal Superior de Justicia de Castilla y Le\u00f3n.<\/p>\n<\/div>\n\n","protected":false},"excerpt":{"rendered":"<p>Un profesor ha sido condenado a nueve a\u00f1os de c\u00e1rcel por agredir sexualmente a una alumna de 15 a la que impart\u00eda clases particulares de matem\u00e1ticas. El hombre, de 52 a\u00f1os cuando sucedieron estos hechos, en 2020, viol\u00f3 a la adolescente en la vivienda donde le daba las lecciones. La v\u00edctima necesit\u00f3 m\u00e1s de un &hellip;<\/p>\n","protected":false},"author":1,"featured_media":23197,"comment_status":"open","ping_status":"open","sticky":false,"template":"","format":"standard","meta":{"fifu_image_url":"https:\/\/imagenes.elpais.com\/resizer\/v2\/C2ZU2JPK4NF25HPOLWXQEULIDA.png?auth=5ce6f15a62c279adb61608704ed2c2b79da2aa7ba9e6e07281506f8c502e2f46&width=1200","fifu_image_alt":"","footnotes":""},"categories":[11],"tags":[],"class_list":["post-23195","post","type-post","status-publish","format-standard","has-post-thumbnail","","category-viaje"],"_links":{"self":[{"href":"https:\/\/noticiasveraces.com\/index.php?rest_route=\/wp\/v2\/posts\/23195","targetHints":{"allow":["GET"]}}],"collection":[{"href":"https:\/\/noticiasveraces.com\/index.php?rest_route=\/wp\/v2\/posts"}],"about":[{"href":"https:\/\/noticiasveraces.com\/index.php?rest_route=\/wp\/v2\/types\/post"}],"author":[{"embeddable":true,"href":"https:\/\/noticiasveraces.com\/index.php?rest_route=\/wp\/v2\/users\/1"}],"replies":[{"embeddable":true,"href":"https:\/\/noticiasveraces.com\/index.php?rest_route=%2Fwp%2Fv2%2Fcomments&post=23195"}],"version-history":[{"count":0,"href":"https:\/\/noticiasveraces.com\/index.php?rest_route=\/wp\/v2\/posts\/23195\/revisions"}],"wp:featuredmedia":[{"embeddable":true,"href":"https:\/\/noticiasveraces.com\/index.php?rest_route=\/wp\/v2\/media\/23197"}],"wp:attachment":[{"href":"https:\/\/noticiasveraces.com\/index.php?rest_route=%2Fwp%2Fv2%2Fmedia&parent=23195"}],"wp:term":[{"taxonomy":"category","embeddable":true,"href":"https:\/\/noticiasveraces.com\/index.php?rest_route=%2Fwp%2Fv2%2Fcategories&post=23195"},{"taxonomy":"post_tag","embeddable":true,"href":"https:\/\/noticiasveraces.com\/index.php?rest_route=%2Fwp%2Fv2%2Ftags&post=23195"}],"curies":[{"name":"wp","href":"https:\/\/api.w.org\/{rel}","templated":true}]}}