{"id":23185,"date":"2025-04-16T11:49:01","date_gmt":"2025-04-16T15:49:01","guid":{"rendered":"https:\/\/noticiasveraces.com\/?p=23185"},"modified":"2025-04-16T11:49:01","modified_gmt":"2025-04-16T15:49:01","slug":"las-acusaciones-de-la-ley-en-albania-se-preocupan-por-las-proximas-elecciones-como-los-conservadores-atacados","status":"publish","type":"post","link":"https:\/\/noticiasveraces.com\/?p=23185","title":{"rendered":"Las acusaciones de la ley en Albania se preocupan por las pr\u00f3ximas elecciones como los conservadores atacados"},"content":{"rendered":"<p> \n<\/p>\n<div>\n<p class=\"speakable\">Un ex embajador alban\u00e9s en los Estados Unidos dice que las pr\u00f3ximas elecciones del pa\u00eds ser\u00e1n m\u00e1s como una escorrent\u00eda entre las pol\u00edticas del presidente Trump y George y Alex Soros, ya que los partidos de oposici\u00f3n llaman a la falta por corrupci\u00f3n por parte de los socialistas gobernantes. <\/p>\n<p class=\"speakable\">\u00abAlbania ahora es efectivamente un sistema de un solo partido que finge celebrar elecciones\u00bb, dijo a Fox News Digital a Agim Nesho, ex embajador alban\u00e9s en los Estados Unidos y las Naciones Unidas. Nesho dijo que la elecci\u00f3n de May \u00abes un choque entre &#8216;Trump-NoS&#8217; y &#8216;Soros-iSS&#8217;, con este \u00faltimo luchando para mantener su control sobre la corrupci\u00f3n y el estado en Albania\u00bb.<\/p>\n<p>En medio de acusaciones de corrupci\u00f3n y los recientes arrestos de los principales candidatos pol\u00edticos albaneses, algunos cr\u00edticos expresan preocupaci\u00f3n por la integridad de las pr\u00f3ximas elecciones para el Parlamento de 140 miembros del pa\u00eds, ahora programado para el 11 de mayo. <\/p>\n<p>Nesho afirm\u00f3 que los socialistas gobernantes del pa\u00eds \u00abdirigidos por el primer ministro Edi Rama, es antidemocr\u00e1tico y profundamente arraigado &#8230; durante m\u00e1s de 12 a\u00f1os, ha sido apoyado por ricos donantes de izquierda como Alex Soros, el amigo cercano de Rama, y \u200b\u200bpor proyectos como la Sociedad de Usaid y Abierto [Foundations] La reforma judicial, que Rama coopt\u00f3 y retorci\u00f3 para atacar a la oposici\u00f3n conservadora y la derecha. \u00abAfirm\u00f3 que el primer ministro\u00bb tambi\u00e9n supervisa un poderoso estatal de narco que difunde el miedo y ejerce los controles sobre las elecciones \u00ab.<\/p>\n<p><strong>Los albaneses se unen por miles en contra del gobierno socialista gobernante<\/strong><\/p>\n<div class=\"image-ct inline\">\n<div class=\"m\"><picture><source media=\"(max-width: 767px)\" srcset=\"https:\/\/a57.foxnews.com\/static.foxnews.com\/foxnews.com\/content\/uploads\/2025\/04\/343\/192\/beresha-trump-albania-scaled.jpg?ve=1&amp;tl=1, https:\/\/a57.foxnews.com\/static.foxnews.com\/foxnews.com\/content\/uploads\/2025\/04\/686\/384\/beresha-trump-albania-scaled.jpg?ve=1&amp;tl=1 2x\" height=\"192\" width=\"343\"><source media=\"(min-width: 768px) and (max-width: 1023px)\" srcset=\"https:\/\/a57.foxnews.com\/static.foxnews.com\/foxnews.com\/content\/uploads\/2025\/04\/672\/378\/beresha-trump-albania-scaled.jpg?ve=1&amp;tl=1, https:\/\/a57.foxnews.com\/static.foxnews.com\/foxnews.com\/content\/uploads\/2025\/04\/1344\/756\/beresha-trump-albania-scaled.jpg?ve=1&amp;tl=1 2x\" height=\"378\" width=\"672\"><source media=\"(min-width: 1024px) and (max-width: 1279px)\" srcset=\"https:\/\/a57.foxnews.com\/static.foxnews.com\/foxnews.com\/content\/uploads\/2025\/04\/931\/523\/beresha-trump-albania-scaled.jpg?ve=1&amp;tl=1, https:\/\/a57.foxnews.com\/static.foxnews.com\/foxnews.com\/content\/uploads\/2025\/04\/1862\/1046\/beresha-trump-albania-scaled.jpg?ve=1&amp;tl=1 2x\" height=\"523\" width=\"931\"><source media=\"(min-width: 1280px)\" srcset=\"https:\/\/a57.foxnews.com\/static.foxnews.com\/foxnews.com\/content\/uploads\/2025\/04\/720\/405\/beresha-trump-albania-scaled.jpg?ve=1&amp;tl=1, https:\/\/a57.foxnews.com\/static.foxnews.com\/foxnews.com\/content\/uploads\/2025\/04\/1440\/810\/beresha-trump-albania-scaled.jpg?ve=1&amp;tl=1 2x\" height=\"405\" width=\"720\"><img loading=\"lazy\" decoding=\"async\" src=\"https:\/\/a57.foxnews.com\/static.foxnews.com\/foxnews.com\/content\/uploads\/2025\/04\/1200\/675\/beresha-trump-albania-scaled.jpg?ve=1&amp;tl=1\" alt=\"Berisha Trump\" width=\"1200\" height=\"675\"\/><\/source><\/source><\/source><\/source><\/picture><\/div>\n<div class=\"info\">\n<div class=\"caption\">\n<p><span>Los partidarios de la oposici\u00f3n alban\u00e9s tienen un cartel que muestra al presidente Donald Trump y al l\u00edder de la oposici\u00f3n alban\u00e9s Sali Berisha durante una protesta antigubernamental en Tirana el 8 de febrero de 2025.<\/span> <span>(Adna Beci\/AFP a trav\u00e9s de Getty Images)<\/span><\/p>\n<\/div>\n<\/div>\n<\/div>\n<p>El ex gerente de campa\u00f1a del presidente Trump, Chris Lacivita, se uni\u00f3 a la campa\u00f1a de Sali Berisha, el l\u00edder del Partido Dem\u00f3crata de la derecha de Albania en febrero, <u>Seg\u00fan Politico<\/u>. Lacivita le dijo a la publicaci\u00f3n que Berisha ser\u00eda \u00abun verdadero amigo de los Estados Unidos y &#8230; trabajar\u00e1 con \u00e9xito con el presidente Trump y los Estados Unidos\u00bb. Llam\u00f3 a Rama un \u00abt\u00edtere de George Soros\u00bb. <\/p>\n<p>Berisha, ex presidente y primer ministro de Albania, dijo a Fox News Digital que el gobierno de Rama \u00abprohibi\u00f3 mi nombre y el nombre del partido en la lista de votaciones\u00bb durante las elecciones de mayo de 2023. \u00abCuando fallaron con estas medidas\u00bb, dijo que fueron m\u00e1s all\u00e1. <\/p>\n<p>El Parlamento despoj\u00f3 la inmunidad legal de Berisha en diciembre de 2023 y lo coloc\u00f3 en el arresto domiciliario bajo la acusaci\u00f3n de que hab\u00eda usado su posici\u00f3n para ayudar a su yerno a adquirir tierras privadas. Berisha dice que \u00ablos documentos oficiales demostraron\u00bb la tierra pertenec\u00eda al abuelo de su yerno, y hab\u00eda sido confiscado por el antiguo r\u00e9gimen comunista. <\/p>\n<p>El pasado noviembre Berisha fue liberado del arresto domiciliario. Fue acusado formalmente de corrupci\u00f3n en septiembre, inform\u00f3 Associated Press.<\/p>\n<p>El portavoz de Berisha, Alfred Lela, le dijo a Fox News Digital que Berisha ahora est\u00e1 esperando el juicio.<\/p>\n<p>Adem\u00e1s de Berisha, el l\u00edder del Partido de la Libertad del Centrista y ex presidente de Albania, Ilir Meta, fue arrestado por cargos de corrupci\u00f3n en octubre de 2024 en lo que una fuente dijo a Fox News Digital fue una \u00abarma de las agencias judiciales y de aplicaci\u00f3n de la ley\u00bb. Una vez que un aliado de Rama, Meta ha notado con frecuencia la creciente corrupci\u00f3n y el autoritarismo del gobierno de Rama. <\/p>\n<p><strong>6 l\u00edderes populistas que enfrentan la ley en todo el mundo<\/strong><\/p>\n<div class=\"image-ct inline\">\n<div class=\"m\"><picture><source media=\"(max-width: 767px)\" srcset=\"https:\/\/a57.foxnews.com\/static.foxnews.com\/foxnews.com\/content\/uploads\/2023\/09\/343\/192\/Rama.jpg?ve=1&amp;tl=1, https:\/\/a57.foxnews.com\/static.foxnews.com\/foxnews.com\/content\/uploads\/2023\/09\/686\/384\/Rama.jpg?ve=1&amp;tl=1 2x\" height=\"192\" width=\"343\"><source media=\"(min-width: 768px) and (max-width: 1023px)\" srcset=\"https:\/\/a57.foxnews.com\/static.foxnews.com\/foxnews.com\/content\/uploads\/2023\/09\/672\/378\/Rama.jpg?ve=1&amp;tl=1, https:\/\/a57.foxnews.com\/static.foxnews.com\/foxnews.com\/content\/uploads\/2023\/09\/1344\/756\/Rama.jpg?ve=1&amp;tl=1 2x\" height=\"378\" width=\"672\"><source media=\"(min-width: 1024px) and (max-width: 1279px)\" srcset=\"https:\/\/a57.foxnews.com\/static.foxnews.com\/foxnews.com\/content\/uploads\/2023\/09\/931\/523\/Rama.jpg?ve=1&amp;tl=1, https:\/\/a57.foxnews.com\/static.foxnews.com\/foxnews.com\/content\/uploads\/2023\/09\/1862\/1046\/Rama.jpg?ve=1&amp;tl=1 2x\" height=\"523\" width=\"931\"><source media=\"(min-width: 1280px)\" srcset=\"https:\/\/a57.foxnews.com\/static.foxnews.com\/foxnews.com\/content\/uploads\/2023\/09\/720\/405\/Rama.jpg?ve=1&amp;tl=1, https:\/\/a57.foxnews.com\/static.foxnews.com\/foxnews.com\/content\/uploads\/2023\/09\/1440\/810\/Rama.jpg?ve=1&amp;tl=1 2x\" height=\"405\" width=\"720\"><img loading=\"lazy\" decoding=\"async\" src=\"https:\/\/a57.foxnews.com\/static.foxnews.com\/foxnews.com\/content\/uploads\/2023\/09\/1200\/675\/Rama.jpg?ve=1&amp;tl=1\" alt=\"El primer ministro alban\u00e9s, Edi Rama, habla en Nueva York en el Consejo de Seguridad de las Naciones Unidas\" width=\"1200\" height=\"675\"\/><\/source><\/source><\/source><\/source><\/picture><\/div>\n<div class=\"info\">\n<div class=\"caption\">\n<p><span>El primer ministro de Albania Edi Rama habla durante una reuni\u00f3n del Consejo de Seguridad sobre Ucrania, el 20 de septiembre de 2023, en la sede de las Naciones Unidas.<\/span> <span>(Photo AP\/Craig Ruttle)<\/span><\/p>\n<\/div>\n<\/div>\n<\/div>\n<p>George Soros&#8217; Open Society Foundations (OSF) has invested more than $131 million in Albania between 1992 and 2020, effectively \u00absupporting Mr. Rama&#8217;s rise to power,\u00bb the European Center for Law &#038; Justice reported in 2023. The center alleges that OSF helped to allocate some of the $60 million that USAID spent on judicial reform in Albania between 2000 and 2015, explaining that Rama&#8217;s opposition has \u00abdenounced this reform as aimed at permitiendo al gobierno tomar el control del poder judicial \u00ab.<\/p>\n<p>Las oficinas de OSF en Albania y los Estados Unidos no respondieron a numerosas consultas de Fox News Digital sobre las acusaciones colocadas por sus oponentes contra \u00e9l. <\/p>\n<p>Seg\u00fan un sitio web de OSF, el grupo ha \u00abdestinado $ 600,000 para apoyar el proceso para revisar el sistema judicial de Albania\u00bb en 2015 como parte de los preparativos de Albania para unirse a la Uni\u00f3n Europea. OSF afirma que \u00abel dinero se utiliz\u00f3 para financiar un panel de expertos de 20 personas, realizar encuestas de divulgaci\u00f3n p\u00fablica y opini\u00f3n, establecer un sitio web dedicado y organizar conferencias\u00bb.<\/p>\n<div class=\"image-ct inline\">\n<div class=\"m\"><picture><source media=\"(max-width: 767px)\" srcset=\"https:\/\/a57.foxnews.com\/static.foxnews.com\/foxnews.com\/content\/uploads\/2025\/04\/343\/192\/albania-protests-scaled.jpg?ve=1&amp;tl=1, https:\/\/a57.foxnews.com\/static.foxnews.com\/foxnews.com\/content\/uploads\/2025\/04\/686\/384\/albania-protests-scaled.jpg?ve=1&amp;tl=1 2x\" height=\"192\" width=\"343\"><source media=\"(min-width: 768px) and (max-width: 1023px)\" srcset=\"https:\/\/a57.foxnews.com\/static.foxnews.com\/foxnews.com\/content\/uploads\/2025\/04\/672\/378\/albania-protests-scaled.jpg?ve=1&amp;tl=1, https:\/\/a57.foxnews.com\/static.foxnews.com\/foxnews.com\/content\/uploads\/2025\/04\/1344\/756\/albania-protests-scaled.jpg?ve=1&amp;tl=1 2x\" height=\"378\" width=\"672\"><source media=\"(min-width: 1024px) and (max-width: 1279px)\" srcset=\"https:\/\/a57.foxnews.com\/static.foxnews.com\/foxnews.com\/content\/uploads\/2025\/04\/931\/523\/albania-protests-scaled.jpg?ve=1&amp;tl=1, https:\/\/a57.foxnews.com\/static.foxnews.com\/foxnews.com\/content\/uploads\/2025\/04\/1862\/1046\/albania-protests-scaled.jpg?ve=1&amp;tl=1 2x\" height=\"523\" width=\"931\"><source media=\"(min-width: 1280px)\" srcset=\"https:\/\/a57.foxnews.com\/static.foxnews.com\/foxnews.com\/content\/uploads\/2025\/04\/720\/405\/albania-protests-scaled.jpg?ve=1&amp;tl=1, https:\/\/a57.foxnews.com\/static.foxnews.com\/foxnews.com\/content\/uploads\/2025\/04\/1440\/810\/albania-protests-scaled.jpg?ve=1&amp;tl=1 2x\" height=\"405\" width=\"720\"><img loading=\"lazy\" decoding=\"async\" src=\"https:\/\/a57.foxnews.com\/static.foxnews.com\/foxnews.com\/content\/uploads\/2025\/04\/1200\/675\/albania-protests-scaled.jpg?ve=1&amp;tl=1\" alt=\"Protestas anticorrupci\u00f3n de Albania\" width=\"1200\" height=\"675\"\/><\/source><\/source><\/source><\/source><\/picture><\/div>\n<div class=\"info\">\n<div class=\"caption\">\n<p><span>Los manifestantes se re\u00fanen frente a la oficina del primer ministro Edi Rama en Tirana, Albania, exigiendo su renuncia el 11 de febrero de 2025.<\/span> <span>(Olsi Shehu\/Anadolu a trav\u00e9s de Getty Images)<\/span><\/p>\n<\/div>\n<\/div>\n<\/div>\n<p>Newsnation inform\u00f3 que Alex Soros a menudo viaja a Tirana y lo llama su \u00absegundo hogar\u00bb. En julio de 2021, Soros public\u00f3 una selfie con Rama en Instagram, identificando al primer ministro como su \u00abbuen amigo\u00bb.<\/p>\n<p>Berisha dice que pidi\u00f3 hace ocho a\u00f1os para que el Congreso de los Estados Unidos y el Parlamento Europeo \u00abprohibieran [George] La actividad pol\u00edtica de Soros en Europa porque es un enemigo de la democracia \u00ab.<\/p>\n<p>En un discurso de diciembre, Berisha dijo que prohibir\u00eda el OSF de Albania, llamando al grupo una \u00abamenaza nacional real\u00bb, seg\u00fan Euronews Albania. Berisha dijo que la mala gesti\u00f3n del gobierno de Rama de los recursos y el fracaso para mitigar la pobreza hab\u00eda forzado la emigraci\u00f3n del 45% de los albaneses. <\/p>\n<p><strong>El ex presidente alban\u00e9s arrestado por cargos de corrupci\u00f3n, los cargos de reclamos de oposici\u00f3n est\u00e1n motivados pol\u00edticamente<\/strong><\/p>\n<div class=\"image-ct inline\">\n<div class=\"m\"><picture><source media=\"(max-width: 767px)\" srcset=\"https:\/\/a57.foxnews.com\/static.foxnews.com\/foxnews.com\/content\/uploads\/2023\/12\/343\/192\/sali_berisha.jpg?ve=1&amp;tl=1, https:\/\/a57.foxnews.com\/static.foxnews.com\/foxnews.com\/content\/uploads\/2023\/12\/686\/384\/sali_berisha.jpg?ve=1&amp;tl=1 2x\" height=\"192\" width=\"343\"><source media=\"(min-width: 768px) and (max-width: 1023px)\" srcset=\"https:\/\/a57.foxnews.com\/static.foxnews.com\/foxnews.com\/content\/uploads\/2023\/12\/672\/378\/sali_berisha.jpg?ve=1&amp;tl=1, https:\/\/a57.foxnews.com\/static.foxnews.com\/foxnews.com\/content\/uploads\/2023\/12\/1344\/756\/sali_berisha.jpg?ve=1&amp;tl=1 2x\" height=\"378\" width=\"672\"><source media=\"(min-width: 1024px) and (max-width: 1279px)\" srcset=\"https:\/\/a57.foxnews.com\/static.foxnews.com\/foxnews.com\/content\/uploads\/2023\/12\/931\/523\/sali_berisha.jpg?ve=1&amp;tl=1, https:\/\/a57.foxnews.com\/static.foxnews.com\/foxnews.com\/content\/uploads\/2023\/12\/1862\/1046\/sali_berisha.jpg?ve=1&amp;tl=1 2x\" height=\"523\" width=\"931\"><source media=\"(min-width: 1280px)\" srcset=\"https:\/\/a57.foxnews.com\/static.foxnews.com\/foxnews.com\/content\/uploads\/2023\/12\/720\/405\/sali_berisha.jpg?ve=1&amp;tl=1, https:\/\/a57.foxnews.com\/static.foxnews.com\/foxnews.com\/content\/uploads\/2023\/12\/1440\/810\/sali_berisha.jpg?ve=1&amp;tl=1 2x\" height=\"405\" width=\"720\"><img loading=\"lazy\" decoding=\"async\" src=\"https:\/\/a57.foxnews.com\/static.foxnews.com\/foxnews.com\/content\/uploads\/2023\/12\/1200\/675\/sali_berisha.jpg?ve=1&amp;tl=1\" alt=\"Sali Berisha\" width=\"1200\" height=\"675\"\/><\/source><\/source><\/source><\/source><\/picture><\/div>\n<div class=\"info\">\n<div class=\"caption\">\n<p><span>El l\u00edder de la oposici\u00f3n, Sali Berisha, deja el Parlamento en Tirana, Albania, el 21 de diciembre de 2023.<\/span> <span>(Photo AP\/Armando Babani)<\/span><\/p>\n<\/div>\n<\/div>\n<\/div>\n<p>Otro impedimento para la carrera de Berisha son las sanciones que el exsecretario de Estado Antony Blinken anunci\u00f3 contra Berisha, su esposa y sus hijos en mayo de 2021. Blinken dijo que Berisha hab\u00eda \u00abinvolucrado en actos corruptos, como la apropiaci\u00f3n err\u00f3nea de los fondos p\u00fablicos e interfieren con los procesos p\u00fablicos, incluido el uso de su poder para su propio beneficio y en su propio beneficio y sus familiares y sus familiares de la familia en la expensas de la expensas de la expensas de la expensas de los ingresos de la Albania, incluido el poder de su propio beneficio. y funcionarios p\u00fablicos \u00ab.<\/p>\n<p>Berisha afirm\u00f3 que las sanciones contra \u00e9l estaban \u00abcompletamente basadas en el cabildeo corrupto\u00bb por George Soros y Rama. Tambi\u00e9n dijo que los miembros de la administraci\u00f3n Biden \u00abse volvieron [the] Embajada de los Estados Unidos en Tirana en una gran oficina de fiscal\u00eda, \u00abinstando a los partidarios, periodistas y empresarios a dejar de apoyar a Berisha y su partido, y que el Departamento de Estado\u00bb pidi\u00f3 a otros pa\u00edses que se sancionen y que me aislaran \u00ab.<\/p>\n<p>Berisha dijo que las sanciones han obstaculizado su campa\u00f1a. \u00abPor supuesto, me duele, porque no puedo reunirme con los estadounidenses albaneses, que son tan numerosos, y en esta elecci\u00f3n, por primera vez, tienen derecho a votar por el partido y el candidato que prefieren en su pa\u00eds de origen\u00bb. <\/p>\n<div class=\"image-ct inline\">\n<div class=\"m\"><picture><source media=\"(max-width: 767px)\" srcset=\"https:\/\/a57.foxnews.com\/static.foxnews.com\/foxnews.com\/content\/uploads\/2024\/05\/343\/192\/GettyImages-1204807739.jpg?ve=1&amp;tl=1, https:\/\/a57.foxnews.com\/static.foxnews.com\/foxnews.com\/content\/uploads\/2024\/05\/686\/384\/GettyImages-1204807739.jpg?ve=1&amp;tl=1 2x\" height=\"192\" width=\"343\"><source media=\"(min-width: 768px) and (max-width: 1023px)\" srcset=\"https:\/\/a57.foxnews.com\/static.foxnews.com\/foxnews.com\/content\/uploads\/2024\/05\/672\/378\/GettyImages-1204807739.jpg?ve=1&amp;tl=1, https:\/\/a57.foxnews.com\/static.foxnews.com\/foxnews.com\/content\/uploads\/2024\/05\/1344\/756\/GettyImages-1204807739.jpg?ve=1&amp;tl=1 2x\" height=\"378\" width=\"672\"><source media=\"(min-width: 1024px) and (max-width: 1279px)\" srcset=\"https:\/\/a57.foxnews.com\/static.foxnews.com\/foxnews.com\/content\/uploads\/2024\/05\/931\/523\/GettyImages-1204807739.jpg?ve=1&amp;tl=1, https:\/\/a57.foxnews.com\/static.foxnews.com\/foxnews.com\/content\/uploads\/2024\/05\/1862\/1046\/GettyImages-1204807739.jpg?ve=1&amp;tl=1 2x\" height=\"523\" width=\"931\"><source media=\"(min-width: 1280px)\" srcset=\"https:\/\/a57.foxnews.com\/static.foxnews.com\/foxnews.com\/content\/uploads\/2024\/05\/720\/405\/GettyImages-1204807739.jpg?ve=1&amp;tl=1, https:\/\/a57.foxnews.com\/static.foxnews.com\/foxnews.com\/content\/uploads\/2024\/05\/1440\/810\/GettyImages-1204807739.jpg?ve=1&amp;tl=1 2x\" height=\"405\" width=\"720\"><img loading=\"lazy\" decoding=\"async\" src=\"https:\/\/a57.foxnews.com\/static.foxnews.com\/foxnews.com\/content\/uploads\/2024\/05\/1200\/675\/GettyImages-1204807739.jpg?ve=1&amp;tl=1\" alt=\"El ex presidente alban\u00e9s Ilir Meta en una protesta en Tirana.\" width=\"1200\" height=\"675\"\/><\/source><\/source><\/source><\/source><\/picture><\/div>\n<div class=\"info\">\n<div class=\"caption\">\n<p><span>El entonces presidente de Albania, Ilir Meta tiene una bandera estadounidense mientras pronuncia un discurso durante un mitin en Tirana, el 2 de marzo de 2020.<\/span> <span>(Gent Shkullaku\/AFP a trav\u00e9s de Getty Images)<\/span><\/p>\n<\/div>\n<\/div>\n<\/div>\n<p>Un portavoz del Departamento de Estado dijo que no ten\u00eda comentarios sobre las afirmaciones de Berisha de que las entidades estadounidenses se volvieron partidarios contra \u00e9l. El Departamento de Estado no respondi\u00f3 a las preguntas de Fox News Digital sobre si las sanciones contra Berisha deber\u00edan ser confirmadas, o si impiden elecciones libres y justas en Albania. <\/p>\n<p>Un portavoz del ex presidente Joe Biden no respondi\u00f3 a las preguntas sobre si su administraci\u00f3n ten\u00eda un papel en convertir a los partidarios contra Berisha.<\/p>\n<p>Nesho se\u00f1al\u00f3 que las sanciones \u00abcarecen &#8230; evidencia y hab\u00edan sido rechazadas por la opini\u00f3n p\u00fablica albanesa. Parece un movimiento pol\u00edtico, impulsado por los grandes aliados de Rama como Alex Soros, quien se beneficia comercialmente e influyendo en mantener a Rama en el poder\u00bb. Nesho pidi\u00f3 a la administraci\u00f3n Trump que \u00abelevara esta prohibici\u00f3n de inmediato. Es conmovedor sentimientos antiamericanos y choca con los valores de democracia y justicia\u00bb, agreg\u00f3. <\/p>\n<p><strong>Haga clic aqu\u00ed para obtener la aplicaci\u00f3n Fox News<\/strong><\/p>\n<p>Nesho afirm\u00f3 que \u00ablas \u00faltimas tres elecciones fueron injustas, llenas de intimidaci\u00f3n y robo. El pr\u00f3ximo 11 de mayo de 2025, las elecciones no solo deber\u00edan ser un espect\u00e1culo falso: debe ser realmente libre y justa. Los Estados Unidos y la UE deben impulsar esto o pedir que la votaci\u00f3n se retrase hasta que pueda cumplir con los est\u00e1ndares adecuados\u00bb.<\/p>\n<p>Fox News Digital tambi\u00e9n contact\u00f3 varias veces al primer ministro alban\u00e9s Rama, el OSF, miembro del Ministerio de Relaciones Exteriores de Albania, y la Embajada Albaniana en Washington, DC, para comentarios sobre acusaciones de corrupci\u00f3n e interferencia electoral de OSF, pero no recibi\u00f3 respuesta. <\/p>\n<p> <!----> <\/p>\n<div class=\"article-meta\">\n<div class=\"author-bio\">\n<p>Beth Bailey es una reportera que cubre Afganist\u00e1n, Oriente Medio, Asia y Am\u00e9rica Central. Anteriormente fue analista de inteligencia civil del Departamento del Ej\u00e9rcito. Puedes seguir a Beth en Twitter @bwbailey85<\/p>\n<\/div>\n<\/div>\n<\/div>\n\n","protected":false},"excerpt":{"rendered":"<p>Un ex embajador alban\u00e9s en los Estados Unidos dice que las pr\u00f3ximas elecciones del pa\u00eds ser\u00e1n m\u00e1s como una escorrent\u00eda entre las pol\u00edticas del presidente Trump y George y Alex Soros, ya que los partidos de oposici\u00f3n llaman a la falta por corrupci\u00f3n por parte de los socialistas gobernantes. \u00abAlbania ahora es efectivamente un sistema &hellip;<\/p>\n","protected":false},"author":1,"featured_media":23187,"comment_status":"open","ping_status":"open","sticky":false,"template":"","format":"standard","meta":{"fifu_image_url":"https:\/\/static.foxnews.com\/foxnews.com\/content\/uploads\/2025\/04\/trump-soros-flag-3.jpg","fifu_image_alt":"","footnotes":""},"categories":[13],"tags":[],"class_list":["post-23185","post","type-post","status-publish","format-standard","has-post-thumbnail","","category-mundo"],"_links":{"self":[{"href":"https:\/\/noticiasveraces.com\/index.php?rest_route=\/wp\/v2\/posts\/23185","targetHints":{"allow":["GET"]}}],"collection":[{"href":"https:\/\/noticiasveraces.com\/index.php?rest_route=\/wp\/v2\/posts"}],"about":[{"href":"https:\/\/noticiasveraces.com\/index.php?rest_route=\/wp\/v2\/types\/post"}],"author":[{"embeddable":true,"href":"https:\/\/noticiasveraces.com\/index.php?rest_route=\/wp\/v2\/users\/1"}],"replies":[{"embeddable":true,"href":"https:\/\/noticiasveraces.com\/index.php?rest_route=%2Fwp%2Fv2%2Fcomments&post=23185"}],"version-history":[{"count":0,"href":"https:\/\/noticiasveraces.com\/index.php?rest_route=\/wp\/v2\/posts\/23185\/revisions"}],"wp:featuredmedia":[{"embeddable":true,"href":"https:\/\/noticiasveraces.com\/index.php?rest_route=\/wp\/v2\/media\/23187"}],"wp:attachment":[{"href":"https:\/\/noticiasveraces.com\/index.php?rest_route=%2Fwp%2Fv2%2Fmedia&parent=23185"}],"wp:term":[{"taxonomy":"category","embeddable":true,"href":"https:\/\/noticiasveraces.com\/index.php?rest_route=%2Fwp%2Fv2%2Fcategories&post=23185"},{"taxonomy":"post_tag","embeddable":true,"href":"https:\/\/noticiasveraces.com\/index.php?rest_route=%2Fwp%2Fv2%2Ftags&post=23185"}],"curies":[{"name":"wp","href":"https:\/\/api.w.org\/{rel}","templated":true}]}}