{"id":23180,"date":"2025-04-16T09:45:35","date_gmt":"2025-04-16T13:45:35","guid":{"rendered":"https:\/\/noticiasveraces.com\/?p=23180"},"modified":"2025-04-16T09:45:35","modified_gmt":"2025-04-16T13:45:35","slug":"serie-de-ataques-a-carceles-en-francia-dw-16-04-2025","status":"publish","type":"post","link":"https:\/\/noticiasveraces.com\/?p=23180","title":{"rendered":"Serie de ataques a c\u00e1rceles en Francia \u2013 DW \u2013 16\/04\/2025"},"content":{"rendered":"<p> \n<\/p>\n<div>\n<p>Tres veh\u00edculos fueron incendiados frente a la prisi\u00f3n de Tarascon, en el\u00a0sureste de Francia, al amanecer de este mi\u00e9rcoles (16.04.2025), en un \u00abaparcamiento aislado, reservado al personal y vallado, con acceso protegido por un c\u00f3digo digital\u00bb, declar\u00f3 a la AFP el fiscal de la ciudad, Laurent Gumbau.<\/p>\n<p>Uno de los veh\u00edculos pertenec\u00eda a un funcionario de prisiones en servicio, otro a una empresa que trabaja en el centro de detenci\u00f3n y el tercero, que qued\u00f3 completamente destruido, a\u00fan no hab\u00eda sido identificado, seg\u00fan el fiscal, quien dijo que no se encontraron inscripciones en el lugar.<\/p>\n<p>En una entrevista con la emisora <em>Europa 1<\/em>el ministro de Justicia, G\u00e9rald Darmanin, confirm\u00f3 los hechos y subray\u00f3 que detr\u00e1s\u00a0\u00abhay gente que intenta desestabilizar al Estado intimid\u00e1ndolo\u00bb, en reacci\u00f3n a las medidas que \u00e9l ha tomado \u00abcontra el laxismo en las prisiones\u00bb.<\/p>\n<p><span data-slot-id=\"Article_InContent-1\" class=\"rich-text-ad\"\/><\/p>\n<h2>Ataques coordinados contra varias c\u00e1rceles del pa\u00eds<\/h2>\n<p>\u00abNo vamos a retroceder porque al Estado no se le amenaza\u00bb, subray\u00f3 el titular de Justicia, que puso el acento en que en las c\u00e1rceles hay 17.000 prisioneros por narcotr\u00e1fico.<\/p>\n<p>Desde el domingo, una serie de atentados\u00a0han tenido como objetivo establecimientos penitenciarios en Francia, con veh\u00edculos incendiados e incluso Kalashnikovs disparando contra\u00a0la puerta de la prisi\u00f3n de Toulon (sureste), sin causar v\u00edctimas. Al menos 21 veh\u00edculos fueron baleados y\/o incendiados, seg\u00fan una fuente policial.<\/p>\n<p>Las acciones van acompa\u00f1adas a veces por pintadas de las siglas \u00abDDPF\u00bb,\u00a0por Defensa de los Derechos de los Prisioneros Franceses, que es un grupo creado en las redes sociales la semana pasada.<\/p>\n<h2>Ministro de Justicia: \u00abSon actos de terror\u00bb<\/h2>\n<p>La Fiscal\u00eda Nacional Antiterrorista (PNAT) ha asumido la investigaci\u00f3n de todos estos hechos, algo que seg\u00fan Darmanin se justifica porque \u00abson actos de terror\u00bb. Adem\u00e1s, se mostr\u00f3 convencido de que las investigaciones en marcha van a dar resultados porque \u00abla polic\u00eda gana siempre\u00bb y \u00abse encontrar\u00e1 a esas personas\u00bb.<\/p>\n<p>Tambi\u00e9n en el sureste, un veh\u00edculo de un guardia penitenciario de Aix-Luynes fue incendiado durante la noche del martes al mi\u00e9rcoles frente a su domicilio, indic\u00f3 a la AFP Jessy Zagari, delegado regional del sindicato FO P\u00e9nitentiaire. \u00abEste grupo terrorista, el DDPF, est\u00e1 identificando y atacando al personal penitenciario\u00bb, dijo indignado, denunciando \u00abactos de amenazas e intimidaci\u00f3n\u00bb.<\/p>\n<figure class=\"placeholder-image master_landscape big\"><img data-format=\"MASTER_LANDSCAPE\" data-id=\"68665049\" data-url=\"https:\/\/static.dw.com\/image\/68665049_${formatId}.jpg\" data-aspect-ratio=\"16\/9\" alt=\"Fuerzas francesas del orden en operaci\u00f3n contra el narcotr\u00e1fico.\" style=\"padding-bottom: 56.25%; height: 0; max-height: 0;\"\/><figcaption class=\"img-caption\">\u00abNo vamos a retroceder porque al Estado no se le amenaza\u00bb, subray\u00f3 el titular de Justicia franc\u00e9s.<small class=\"copyright\">Imagen: Denis Charlet\/AFP<\/small><\/figcaption><\/figure>\n<h2>Contra \u00abmedidas sin precedentes\u00bb del Gobierno franc\u00e9s<\/h2>\n<p>Para el ministro de Justicia franc\u00e9s estos ataques pretenden \u00abver si retrocede\u00bb el Gobierno con las \u00abmedidas sin precedentes\u00bb que ha puesto en marcha para evitar que los narcotraficantes puedan continuar con su actividad entre rejas.<\/p>\n<p>Entre otras cosas, algunas c\u00e1rceles se van a convertir en prisiones de alta seguridad con un r\u00e9gimen mucho m\u00e1s severo y van a concentrar a los internos considerados m\u00e1s peligrosos para tratar de impedirles, en particular, que tengan acceso a tel\u00e9fonos m\u00f3viles, con los que se mantienen en contacto con los miembros de sus bandas en el exterior.<\/p>\n<p>El ministro insisti\u00f3 en que \u00abla lucha que mantenemos es contra las narcobandas\u00bb y justific\u00f3 su pol\u00edtica de endurecimiento del r\u00e9gimen penitenciario para no llegar a la situaci\u00f3n de otros pa\u00edses donde las redes de tr\u00e1fico de droga intimidan y atentan directamente con frecuencia contra funcionarios de prisiones, polic\u00edas o magistrados.<\/p>\n<p>RML (EFE, AFP)<\/p>\n<\/div>\n\n","protected":false},"excerpt":{"rendered":"<p>Tres veh\u00edculos fueron incendiados frente a la prisi\u00f3n de Tarascon, en el\u00a0sureste de Francia, al amanecer de este mi\u00e9rcoles (16.04.2025), en un \u00abaparcamiento aislado, reservado al personal y vallado, con acceso protegido por un c\u00f3digo digital\u00bb, declar\u00f3 a la AFP el fiscal de la ciudad, Laurent Gumbau. Uno de los veh\u00edculos pertenec\u00eda a un funcionario &hellip;<\/p>\n","protected":false},"author":1,"featured_media":23181,"comment_status":"open","ping_status":"open","sticky":false,"template":"","format":"standard","meta":{"fifu_image_url":"https:\/\/static.dw.com\/image\/68665033_6.jpg","fifu_image_alt":"","footnotes":""},"categories":[13],"tags":[],"class_list":["post-23180","post","type-post","status-publish","format-standard","has-post-thumbnail","","category-mundo"],"_links":{"self":[{"href":"https:\/\/noticiasveraces.com\/index.php?rest_route=\/wp\/v2\/posts\/23180","targetHints":{"allow":["GET"]}}],"collection":[{"href":"https:\/\/noticiasveraces.com\/index.php?rest_route=\/wp\/v2\/posts"}],"about":[{"href":"https:\/\/noticiasveraces.com\/index.php?rest_route=\/wp\/v2\/types\/post"}],"author":[{"embeddable":true,"href":"https:\/\/noticiasveraces.com\/index.php?rest_route=\/wp\/v2\/users\/1"}],"replies":[{"embeddable":true,"href":"https:\/\/noticiasveraces.com\/index.php?rest_route=%2Fwp%2Fv2%2Fcomments&post=23180"}],"version-history":[{"count":0,"href":"https:\/\/noticiasveraces.com\/index.php?rest_route=\/wp\/v2\/posts\/23180\/revisions"}],"wp:featuredmedia":[{"embeddable":true,"href":"https:\/\/noticiasveraces.com\/index.php?rest_route=\/wp\/v2\/media\/23181"}],"wp:attachment":[{"href":"https:\/\/noticiasveraces.com\/index.php?rest_route=%2Fwp%2Fv2%2Fmedia&parent=23180"}],"wp:term":[{"taxonomy":"category","embeddable":true,"href":"https:\/\/noticiasveraces.com\/index.php?rest_route=%2Fwp%2Fv2%2Fcategories&post=23180"},{"taxonomy":"post_tag","embeddable":true,"href":"https:\/\/noticiasveraces.com\/index.php?rest_route=%2Fwp%2Fv2%2Ftags&post=23180"}],"curies":[{"name":"wp","href":"https:\/\/api.w.org\/{rel}","templated":true}]}}