{"id":23103,"date":"2025-04-15T21:29:41","date_gmt":"2025-04-16T01:29:41","guid":{"rendered":"https:\/\/noticiasveraces.com\/?p=23103"},"modified":"2025-04-15T21:29:41","modified_gmt":"2025-04-16T01:29:41","slug":"oms-anuncia-tratado-global-de-combate-a-pandemias-futuras-dw-16-04-2025","status":"publish","type":"post","link":"https:\/\/noticiasveraces.com\/?p=23103","title":{"rendered":"OMS anuncia tratado global de combate a pandemias futuras \u2013 DW \u2013 16\/04\/2025"},"content":{"rendered":"<p> \n<\/p>\n<div>\n<p>M\u00e1s de 190 pa\u00edses consiguieron este martes (15.04.2025) aprobar el texto del primertratado global sobre pandemias de la historia en el marco de negociaciones en la Organizaci\u00f3n Mundial de la Salud (OMS) tras tres a\u00f1os de dif\u00edciles deliberaciones.<\/p>\n<p>Este tratado ayudar\u00e1 a una mejor coordinaci\u00f3n entre los pa\u00edses y a un reparto m\u00e1s equitativo de los recursos disponibles para enfrentar la pr\u00f3xima pandemia, que los cient\u00edficos han advertido que ocurrir\u00e1 tarde o temprano con alg\u00fan nuevo pat\u00f3geno.<\/p>\n<p>\u00abDespu\u00e9s de tres a\u00f1os de intensas negociaciones, los miembros de la OMS ha dado un gran paso adelante en los esfuerzos por hacer el mundo m\u00e1s seguro ante pandemias al forjar un borrador de acuerdo para ponerlo a consideraci\u00f3n en la Asamblea Mundial de la Salud de mayo\u00bb, dijo la organizaci\u00f3n en una primera reacci\u00f3n.<\/p>\n<p>El director general de la Organizaci\u00f3n Mundial de la Salud, Tedros Adhanom Ghebreyesus, celebr\u00f3 este mi\u00e9rcoles que los pa\u00edses miembros del organismo hayan acordado despu\u00e9s de m\u00e1s de tres a\u00f1os de negociaciones un tratado que preparar\u00e1 al mundo para futuras pandemias, subrayando que \u00abse ha hecho historia en Ginebra\u00bb.<\/p>\n<p>\u00abEra necesario lograr un consenso multilateral en un mundo crecientemente dividido\u00bb, indic\u00f3 Tedros a los periodistas en los m\u00e1rgenes del d\u00eda final de negociaciones.<\/p>\n<p>Tedros opin\u00f3 que se ha conseguido un texto \u00abequilibrado\u00bb en temas especialmente complicados durante las negociaciones, como el de la transferencia de tecnolog\u00eda relacionada con los productos para combatir una pandemia.<\/p>\n<p>MG (EFE, AFP)<\/p>\n<\/p>\n<\/div>\n\n","protected":false},"excerpt":{"rendered":"<p>M\u00e1s de 190 pa\u00edses consiguieron este martes (15.04.2025) aprobar el texto del primertratado global sobre pandemias de la historia en el marco de negociaciones en la Organizaci\u00f3n Mundial de la Salud (OMS) tras tres a\u00f1os de dif\u00edciles deliberaciones. Este tratado ayudar\u00e1 a una mejor coordinaci\u00f3n entre los pa\u00edses y a un reparto m\u00e1s equitativo de &hellip;<\/p>\n","protected":false},"author":1,"featured_media":23104,"comment_status":"open","ping_status":"open","sticky":false,"template":"","format":"standard","meta":{"fifu_image_url":"https:\/\/static.dw.com\/image\/69958464_6.jpg","fifu_image_alt":"","footnotes":""},"categories":[13],"tags":[],"class_list":["post-23103","post","type-post","status-publish","format-standard","has-post-thumbnail","","category-mundo"],"_links":{"self":[{"href":"https:\/\/noticiasveraces.com\/index.php?rest_route=\/wp\/v2\/posts\/23103","targetHints":{"allow":["GET"]}}],"collection":[{"href":"https:\/\/noticiasveraces.com\/index.php?rest_route=\/wp\/v2\/posts"}],"about":[{"href":"https:\/\/noticiasveraces.com\/index.php?rest_route=\/wp\/v2\/types\/post"}],"author":[{"embeddable":true,"href":"https:\/\/noticiasveraces.com\/index.php?rest_route=\/wp\/v2\/users\/1"}],"replies":[{"embeddable":true,"href":"https:\/\/noticiasveraces.com\/index.php?rest_route=%2Fwp%2Fv2%2Fcomments&post=23103"}],"version-history":[{"count":0,"href":"https:\/\/noticiasveraces.com\/index.php?rest_route=\/wp\/v2\/posts\/23103\/revisions"}],"wp:featuredmedia":[{"embeddable":true,"href":"https:\/\/noticiasveraces.com\/index.php?rest_route=\/wp\/v2\/media\/23104"}],"wp:attachment":[{"href":"https:\/\/noticiasveraces.com\/index.php?rest_route=%2Fwp%2Fv2%2Fmedia&parent=23103"}],"wp:term":[{"taxonomy":"category","embeddable":true,"href":"https:\/\/noticiasveraces.com\/index.php?rest_route=%2Fwp%2Fv2%2Fcategories&post=23103"},{"taxonomy":"post_tag","embeddable":true,"href":"https:\/\/noticiasveraces.com\/index.php?rest_route=%2Fwp%2Fv2%2Ftags&post=23103"}],"curies":[{"name":"wp","href":"https:\/\/api.w.org\/{rel}","templated":true}]}}