{"id":23089,"date":"2025-04-15T20:28:35","date_gmt":"2025-04-16T00:28:35","guid":{"rendered":"https:\/\/noticiasveraces.com\/?p=23089"},"modified":"2025-04-15T20:28:35","modified_gmt":"2025-04-16T00:28:35","slug":"netanyahu-responde-a-macron-por-creacion-de-estado-palestino-dw-15-04-2025","status":"publish","type":"post","link":"https:\/\/noticiasveraces.com\/?p=23089","title":{"rendered":"Netanyahu responde a Macron por creaci\u00f3n de Estado palestino \u2013 DW \u2013 15\/04\/2025"},"content":{"rendered":"<p> \n<\/p>\n<div>\n<p>El primer ministro israel\u00ed, Benjamin Netanyahu, declar\u00f3 el martes (15.04.2025) durante una llamada al presidente franc\u00e9s, Emmanuel Macron, que la creaci\u00f3n de un Estado palestino ser\u00eda \u00abuna enorme recompensa al terrorismo\u00bb, indicaron sus servicios.<\/p>\n<p>En un mensaje en la red social X, el dirigente franc\u00e9s afirm\u00f3 por su parte que hab\u00eda pedido a Netanyahu que reabra una \u00abperspectiva de soluci\u00f3n pol\u00edtica de dos Estados\u00bb.<\/p>\n<p>En los \u00faltimos d\u00edas, Macron mencion\u00f3 en varias ocasiones la posibilidad de que Francia reconozca un Estado palestino en junio.<\/p>\n<p>\u00abEl primer ministro dijo al presidente franc\u00e9s que un Estado palestino establecido a pocos minutos de ciudades israel\u00edes se convertir\u00eda en un basti\u00f3n del terrorismo iran\u00ed\u00bb, dice el informe israel\u00ed.<\/p>\n<h2><strong>Otros puntos de discusi\u00f3n en la conversaci\u00f3n<\/strong><\/h2>\n<p>El comunicado tambi\u00e9n se\u00f1al\u00f3 que \u00abninguna entidad palestina\u00bb conden\u00f3 el ataque de la organizaci\u00f3n terrorista de Ham\u00e1s contra Israel el 7 de octubre de 2023, que desencaden\u00f3 la guerra en la Franja de Gaza.<\/p>\n<p>Por su parte, Macron dijo haberle transmitido a Netanyahu que el \u00abcalvario\u00bb de los civiles en Gaza debe \u00abterminar\u00bb y pidi\u00f3 un alto el fuego, la liberaci\u00f3n de todos los rehenes y \u00abla apertura de todos los puntos de paso para la ayuda humanitaria\u00bb.<\/p>\n<p>\u00abEs en este contexto en el que planteo la Conferencia de junio\u00bb que Francia copresidir\u00e1 en la ONU con Arabia Saudita, \u00abteniendo en cuenta los intereses de seguridad de Israel y de todos en la regi\u00f3n\u00bb, a\u00f1adi\u00f3.<\/p>\n<h2><strong>Otras naciones que reconocen un Estado palestino<\/strong><\/h2>\n<p>Esta conferencia debe \u00abdesencadenar una serie de reconocimientos\u00bb de un Estado palestino, as\u00ed como del Estado de Israel por parte de varios pa\u00edses \u00e1rabes, con el fin de iniciar una din\u00e1mica de paz en la regi\u00f3n, explic\u00f3 el lunes.<\/p>\n<p>Casi 150 pa\u00edses reconocen el Estado palestino. En mayo de 2024, Irlanda, Noruega y Espa\u00f1a dieron el paso, seguidos de Eslovenia en junio.<\/p>\n<p>Ju (AFP, DPA)<\/p>\n<\/div>\n\n","protected":false},"excerpt":{"rendered":"<p>El primer ministro israel\u00ed, Benjamin Netanyahu, declar\u00f3 el martes (15.04.2025) durante una llamada al presidente franc\u00e9s, Emmanuel Macron, que la creaci\u00f3n de un Estado palestino ser\u00eda \u00abuna enorme recompensa al terrorismo\u00bb, indicaron sus servicios. En un mensaje en la red social X, el dirigente franc\u00e9s afirm\u00f3 por su parte que hab\u00eda pedido a Netanyahu que &hellip;<\/p>\n","protected":false},"author":1,"featured_media":23090,"comment_status":"open","ping_status":"open","sticky":false,"template":"","format":"standard","meta":{"fifu_image_url":"https:\/\/static.dw.com\/image\/67839220_6.jpg","fifu_image_alt":"","footnotes":""},"categories":[13],"tags":[],"class_list":["post-23089","post","type-post","status-publish","format-standard","has-post-thumbnail","","category-mundo"],"_links":{"self":[{"href":"https:\/\/noticiasveraces.com\/index.php?rest_route=\/wp\/v2\/posts\/23089","targetHints":{"allow":["GET"]}}],"collection":[{"href":"https:\/\/noticiasveraces.com\/index.php?rest_route=\/wp\/v2\/posts"}],"about":[{"href":"https:\/\/noticiasveraces.com\/index.php?rest_route=\/wp\/v2\/types\/post"}],"author":[{"embeddable":true,"href":"https:\/\/noticiasveraces.com\/index.php?rest_route=\/wp\/v2\/users\/1"}],"replies":[{"embeddable":true,"href":"https:\/\/noticiasveraces.com\/index.php?rest_route=%2Fwp%2Fv2%2Fcomments&post=23089"}],"version-history":[{"count":0,"href":"https:\/\/noticiasveraces.com\/index.php?rest_route=\/wp\/v2\/posts\/23089\/revisions"}],"wp:featuredmedia":[{"embeddable":true,"href":"https:\/\/noticiasveraces.com\/index.php?rest_route=\/wp\/v2\/media\/23090"}],"wp:attachment":[{"href":"https:\/\/noticiasveraces.com\/index.php?rest_route=%2Fwp%2Fv2%2Fmedia&parent=23089"}],"wp:term":[{"taxonomy":"category","embeddable":true,"href":"https:\/\/noticiasveraces.com\/index.php?rest_route=%2Fwp%2Fv2%2Fcategories&post=23089"},{"taxonomy":"post_tag","embeddable":true,"href":"https:\/\/noticiasveraces.com\/index.php?rest_route=%2Fwp%2Fv2%2Ftags&post=23089"}],"curies":[{"name":"wp","href":"https:\/\/api.w.org\/{rel}","templated":true}]}}