{"id":23066,"date":"2025-04-15T14:35:12","date_gmt":"2025-04-15T18:35:12","guid":{"rendered":"https:\/\/noticiasveraces.com\/?p=23066"},"modified":"2025-04-15T14:35:12","modified_gmt":"2025-04-15T18:35:12","slug":"funeral-que-se-celebrara-para-el-adolescente-de-idaho-con-autismo-disparado-9-veces-por-la-policia-en-su-patio","status":"publish","type":"post","link":"https:\/\/noticiasveraces.com\/?p=23066","title":{"rendered":"Funeral que se celebrar\u00e1 para el adolescente de Idaho con autismo disparado 9 veces por la polic\u00eda en su patio"},"content":{"rendered":"<p> \n<\/p>\n<div>\n<p class=\"body-graf\">Un funeral se llevar\u00e1 a cabo el martes por la tarde para un ni\u00f1o de Idaho de 17 a\u00f1os con autismo que fue asesinado a tiros por la polic\u00eda a principios de este mes. <\/p>\n<p class=\"body-graf\">El servicio para Victor P\u00e9rez se llevar\u00e1 a cabo a las 3 pm hora local en Cornelison Funeral Home &#038; Cremation Services en Pocatello, dijo su t\u00eda, Ana V\u00e1zquez, en una publicaci\u00f3n de Facebook. El funeral est\u00e1 abierto al p\u00fablico. <\/p>\n<p class=\"body-graf\">P\u00e9rez, cuya familia dijo que era autista y que ten\u00eda par\u00e1lisis cerebral, la polic\u00eda le dispar\u00f3 nueve veces en el patio de la casa de Pocatello de su familia despu\u00e9s de que un vecino llam\u00f3 a informar a alguien con un cuchillo, seg\u00fan los funcionarios. <\/p>\n<figure class=\"styles_inlineImage__FvnTh styles_medium__MEKii styles_portrait__NEQhG\"><picture class=\"styles_image__i32F7\" data-testid=\"picture\"><source media=\"(min-width: 1000px)\" srcset=\"https:\/\/media-cldnry.s-nbcnews.com\/image\/upload\/t_fit-560w,f_avif,q_auto:eco,dpr_2\/rockcms\/2025-04\/250415-victor-perez-mn-1305-dda988.jpg 2x, https:\/\/media-cldnry.s-nbcnews.com\/image\/upload\/t_fit-560w,f_auto,q_auto:best\/rockcms\/2025-04\/250415-victor-perez-mn-1305-dda988.jpg 1x\"\/><source media=\"(min-width: 320px)\" srcset=\"https:\/\/media-cldnry.s-nbcnews.com\/image\/upload\/t_fit-760w,f_avif,q_auto:eco,dpr_2\/rockcms\/2025-04\/250415-victor-perez-mn-1305-dda988.jpg 2x, https:\/\/media-cldnry.s-nbcnews.com\/image\/upload\/t_fit-760w,f_auto,q_auto:best\/rockcms\/2025-04\/250415-victor-perez-mn-1305-dda988.jpg 1x\"\/><img decoding=\"async\" loading=\"lazy\" src=\"https:\/\/media-cldnry.s-nbcnews.com\/image\/upload\/t_fit-760w,f_auto,q_auto:best\/rockcms\/2025-04\/250415-victor-perez-mn-1305-dda988.jpg\" alt=\"Victor P\u00e9rez.\" height=\"536\" width=\"447\"\/><\/picture><figcaption class=\"caption styles_caption__TCewG\" data-testid=\"caption\"><span class=\"caption__container\" data-testid=\"caption__container\">Victor P\u00e9rez.<\/span><span class=\"caption__source\" data-testid=\"caption__source\">  Ana V\u00e1squez a trav\u00e9s de AP<\/span><\/figcaption><\/figure>\n<p class=\"body-graf\">La persona que llam\u00f3 dijo que otras personas parec\u00edan estar tratando de obtener el cuchillo de P\u00e9rez. <\/p>\n<p class=\"body-graf\">V\u00e1zquez le dijo previamente a NBC News que la familia estaba teniendo una barbacoa y P\u00e9rez encontr\u00f3 un cuchillo que los miembros de la familia hab\u00edan escondido. La hermana de P\u00e9rez estaba tratando de obtener el cuchillo de \u00e9l, seg\u00fan V\u00e1zquez. <\/p>\n<p class=\"body-graf\">Ella dijo que la familia no estaba en peligro y que P\u00e9rez no era una amenaza para ellos. <\/p>\n<p class=\"body-graf\">El jefe de polic\u00eda Roger Schei dijo que los oficiales hab\u00edan ordenado repetidamente al adolescente que soltara el cuchillo. Dijo que P\u00e9rez se puso de pie y avanz\u00f3 hacia los oficiales mientras sosten\u00eda el arma.<\/p>\n<p class=\"body-graf\">\u00abEn este caso, dos individuos estaban a pocos pies de un individuo armado y no conforme\u00bb, dijo Schei en una conferencia de prensa el lunes. \u00abEl riesgo fue inmediato y la situaci\u00f3n evolucion\u00f3 r\u00e1pidamente\u00bb.<\/p>\n<p class=\"body-graf\">El video grabado por un espectador mostr\u00f3 a los oficiales corriendo a la casa y abriendo fuego. Hab\u00eda una valla de enlace de cadena entre P\u00e9rez y los oficiales, mostr\u00f3 el video. <\/p>\n<p class=\"body-graf\">V\u00e1zquez dijo que los oficiales no se tomaron el tiempo para averiguar qu\u00e9 estaba pasando antes de que le dispararan. Ella dijo que P\u00e9rez estaba teniendo una crisis de salud mental en ese momento. <\/p>\n<p class=\"body-graf\">P\u00e9rez fue llevado al hospital en estado cr\u00edtico despu\u00e9s del tiroteo. La familia lo sac\u00f3 de soporte vital el s\u00e1bado, un d\u00eda despu\u00e9s de que fue declarado muerto cerebral, dijo V\u00e1zquez. El lunes se complet\u00f3 una autopsia forense, dijo el m\u00e9dico forense del condado de Bannock. <\/p>\n<p class=\"body-graf\">Los cuatro oficiales involucrados fueron puestos inmediatamente en licencia administrativa, un procedimiento est\u00e1ndar. <\/p>\n<p class=\"body-graf\">La oficina del alcalde dijo que se lanzaron investigaciones criminales e internas, y la Fuerza de Tarea de Incidentes Cr\u00edticos de Idaho Oriental est\u00e1 llevando a cabo una investigaci\u00f3n externa sobre el tiroteo. <\/p>\n<p class=\"endmark body-graf\">Los cuatro oficiales involucrados fueron puestos inmediatamente en licencia administrativa despu\u00e9s del incidente, que es el procedimiento est\u00e1ndar despu\u00e9s de un tiroteo, dijo la ciudad.<\/p>\n<\/div>\n\n","protected":false},"excerpt":{"rendered":"<p>Un funeral se llevar\u00e1 a cabo el martes por la tarde para un ni\u00f1o de Idaho de 17 a\u00f1os con autismo que fue asesinado a tiros por la polic\u00eda a principios de este mes. El servicio para Victor P\u00e9rez se llevar\u00e1 a cabo a las 3 pm hora local en Cornelison Funeral Home &#038; Cremation &hellip;<\/p>\n","protected":false},"author":1,"featured_media":23068,"comment_status":"open","ping_status":"open","sticky":false,"template":"","format":"standard","meta":{"fifu_image_url":"https:\/\/media-cldnry.s-nbcnews.com\/image\/upload\/t_nbcnews-fp-1200-630,f_auto,q_auto:best\/rockcms\/2025-04\/250415-victor-perez-mn-1305-dda988.jpg","fifu_image_alt":"","footnotes":""},"categories":[4],"tags":[],"class_list":["post-23066","post","type-post","status-publish","format-standard","has-post-thumbnail","","category-historias-destacadas"],"_links":{"self":[{"href":"https:\/\/noticiasveraces.com\/index.php?rest_route=\/wp\/v2\/posts\/23066","targetHints":{"allow":["GET"]}}],"collection":[{"href":"https:\/\/noticiasveraces.com\/index.php?rest_route=\/wp\/v2\/posts"}],"about":[{"href":"https:\/\/noticiasveraces.com\/index.php?rest_route=\/wp\/v2\/types\/post"}],"author":[{"embeddable":true,"href":"https:\/\/noticiasveraces.com\/index.php?rest_route=\/wp\/v2\/users\/1"}],"replies":[{"embeddable":true,"href":"https:\/\/noticiasveraces.com\/index.php?rest_route=%2Fwp%2Fv2%2Fcomments&post=23066"}],"version-history":[{"count":0,"href":"https:\/\/noticiasveraces.com\/index.php?rest_route=\/wp\/v2\/posts\/23066\/revisions"}],"wp:featuredmedia":[{"embeddable":true,"href":"https:\/\/noticiasveraces.com\/index.php?rest_route=\/wp\/v2\/media\/23068"}],"wp:attachment":[{"href":"https:\/\/noticiasveraces.com\/index.php?rest_route=%2Fwp%2Fv2%2Fmedia&parent=23066"}],"wp:term":[{"taxonomy":"category","embeddable":true,"href":"https:\/\/noticiasveraces.com\/index.php?rest_route=%2Fwp%2Fv2%2Fcategories&post=23066"},{"taxonomy":"post_tag","embeddable":true,"href":"https:\/\/noticiasveraces.com\/index.php?rest_route=%2Fwp%2Fv2%2Ftags&post=23066"}],"curies":[{"name":"wp","href":"https:\/\/api.w.org\/{rel}","templated":true}]}}