{"id":23035,"date":"2025-04-15T09:15:07","date_gmt":"2025-04-15T13:15:07","guid":{"rendered":"https:\/\/noticiasveraces.com\/?p=23035"},"modified":"2025-04-15T09:15:07","modified_gmt":"2025-04-15T13:15:07","slug":"el-vaticano-abre-su-primer-jardin-de-ninos-dw-15-04-2025","status":"publish","type":"post","link":"https:\/\/noticiasveraces.com\/?p=23035","title":{"rendered":"El Vaticano abre su primer jard\u00edn de ni\u00f1os \u2013 DW \u2013 15\/04\/2025"},"content":{"rendered":"<p> \n<\/p>\n<div>\n<p>El Vaticano tiene su primer jard\u00edn de ni\u00f1os: el centro infantil \u00abSan Francesco e Santa Chiara\u00bb, gestionado en italiano e ingl\u00e9s y que puede acoger hasta 30 ni\u00f1os de empleados del Estado de la Ciudad del Vaticano, fue inaugurado oficialmente el lunes, seg\u00fan informaron los medios vaticanos (martes). Fue inaugurado por petici\u00f3n expresa del papa Francisco para apoyar a las familias.<\/p>\n<p>El centro para ni\u00f1os y ni\u00f1as de entre tres meses y tres a\u00f1os est\u00e1 abierto de lunes a viernes de 7.30 a 18.30 horas, seg\u00fan el gobierno del Estado de la Ciudad del Vaticano. La guarder\u00eda, dedicada a San Francisco y Santa Clara de As\u00eds, est\u00e1 ubicada en un edificio de Via San Luca dentro de los muros del Vaticano.<\/p>\n<h2>Se habla italiano e ingl\u00e9s<\/h2>\n<p>El cardenal Fernando Vergez Alzaga, jefe de Gobierno del Estado m\u00e1s peque\u00f1o del mundo hasta finales de febrero, inaugur\u00f3 las instalaciones. En la ceremonia tambi\u00e9n particip\u00f3 su sucesora, Sor Raffaella Petrini.<\/p>\n<p>Hace aproximadamente un a\u00f1o y medio, junto al cardenal Vergez y su entonces secretaria general, sor Petrini, naci\u00f3 la idea de un proyecto para apoyar a las familias de los empleados del Vaticano, explic\u00f3 la abogada Azzurra Lacirignola, representante del gobierno del Estado de la Ciudad del Vaticano para el jard\u00edn de infancia. Tras un correspondiente proceso de selecci\u00f3n, la instituci\u00f3n educativa ya es una realidad.<\/p>\n<p>Cada grupo cuenta con apoyo en italiano y en ingl\u00e9s, ya que en el Vaticano hay muchas instituciones internacionales, explic\u00f3 Lacirignola. El objetivo es permitir que ni\u00f1os de diferentes nacionalidades participen en actividades educativas y de ocio.<\/p>\n<p>Electric (desnudo)<\/p>\n<\/div>\n\n","protected":false},"excerpt":{"rendered":"<p>El Vaticano tiene su primer jard\u00edn de ni\u00f1os: el centro infantil \u00abSan Francesco e Santa Chiara\u00bb, gestionado en italiano e ingl\u00e9s y que puede acoger hasta 30 ni\u00f1os de empleados del Estado de la Ciudad del Vaticano, fue inaugurado oficialmente el lunes, seg\u00fan informaron los medios vaticanos (martes). Fue inaugurado por petici\u00f3n expresa del papa &hellip;<\/p>\n","protected":false},"author":1,"featured_media":23036,"comment_status":"open","ping_status":"open","sticky":false,"template":"","format":"standard","meta":{"fifu_image_url":"https:\/\/static.dw.com\/image\/72232200_6.jpg","fifu_image_alt":"","footnotes":""},"categories":[13],"tags":[],"class_list":["post-23035","post","type-post","status-publish","format-standard","has-post-thumbnail","","category-mundo"],"_links":{"self":[{"href":"https:\/\/noticiasveraces.com\/index.php?rest_route=\/wp\/v2\/posts\/23035","targetHints":{"allow":["GET"]}}],"collection":[{"href":"https:\/\/noticiasveraces.com\/index.php?rest_route=\/wp\/v2\/posts"}],"about":[{"href":"https:\/\/noticiasveraces.com\/index.php?rest_route=\/wp\/v2\/types\/post"}],"author":[{"embeddable":true,"href":"https:\/\/noticiasveraces.com\/index.php?rest_route=\/wp\/v2\/users\/1"}],"replies":[{"embeddable":true,"href":"https:\/\/noticiasveraces.com\/index.php?rest_route=%2Fwp%2Fv2%2Fcomments&post=23035"}],"version-history":[{"count":0,"href":"https:\/\/noticiasveraces.com\/index.php?rest_route=\/wp\/v2\/posts\/23035\/revisions"}],"wp:featuredmedia":[{"embeddable":true,"href":"https:\/\/noticiasveraces.com\/index.php?rest_route=\/wp\/v2\/media\/23036"}],"wp:attachment":[{"href":"https:\/\/noticiasveraces.com\/index.php?rest_route=%2Fwp%2Fv2%2Fmedia&parent=23035"}],"wp:term":[{"taxonomy":"category","embeddable":true,"href":"https:\/\/noticiasveraces.com\/index.php?rest_route=%2Fwp%2Fv2%2Fcategories&post=23035"},{"taxonomy":"post_tag","embeddable":true,"href":"https:\/\/noticiasveraces.com\/index.php?rest_route=%2Fwp%2Fv2%2Ftags&post=23035"}],"curies":[{"name":"wp","href":"https:\/\/api.w.org\/{rel}","templated":true}]}}