{"id":23032,"date":"2025-04-15T09:00:52","date_gmt":"2025-04-15T13:00:52","guid":{"rendered":"https:\/\/noticiasveraces.com\/?p=23032"},"modified":"2025-04-15T09:00:52","modified_gmt":"2025-04-15T13:00:52","slug":"falcao-fue-a-ver-millonarios-vs-nacional-por-que-es-tendencia-viral","status":"publish","type":"post","link":"https:\/\/noticiasveraces.com\/?p=23032","title":{"rendered":"Falcao fue a ver Millonarios vs Nacional: \u00bfpor qu\u00e9 es tendencia viral?"},"content":{"rendered":"<p> \n<br \/><img decoding=\"async\" src=\"https:\/\/www.futbolred.com\/files\/article_graphic\/uploads\/2024\/10\/16\/671098b11ec21.jpeg\" \/><\/p>\n<header>\n<h3>\n<p>                Curiosidades de f\u00fatbol<br \/>\n            <\/h3>\n<h1>\n<p>            Falcao fue a ver Millonarios vs Nacional: \u00bfpor qu\u00e9 es tendencia viral?<br \/>\n        <\/h1>\n<address>\n            <a>Juan Pablo Ar\u00e9valo<br \/>\n        <\/address>\n<p>            13 de abril 2025 , 06:44 p.\u00a0m.<\/p>\n<\/header>\n<p>Radamel fue visto en el palco de El Camp\u00edn, pero gener\u00f3 pol\u00e9mica el personaje que estaba a su lado.<\/p>\n<p>El cl\u00e1sico entre Millonarios y Atl\u00e9tico Nacional no se lo quer\u00eda perder nadie este domingo, pues es uno de los tres partidos m\u00e1s importantes del f\u00fatbol colombiano. As\u00ed, el estadio El Camp\u00edn tuvo a muchos espectadores reconocidos en el pa\u00eds.<\/p>\n<p>Y claro, entre los asistentes estuvo Radamel Falcao Garc\u00eda, jugador del embajador quien est\u00e1 lesionado y en proceso de recuperaci\u00f3n. El \u2018Tigre\u2019 estuvo en el palco de Millonarios, adem\u00e1s de Leonardo Castro, otro goleador lesionado.<\/p>\n<p>A Falcao todos lo quieren, incluso hasta hinchas de Nacional y de otros equipos; pero este domingo se convirti\u00f3 en tendencia viral y no por algo positivo.<\/p>\n<p>Aunque no es culpa de Falcao, pero las c\u00e1maras de la televisi\u00f3n, en este caso del canal Win Sports, captaron que Radamel estaba junto a Gustavo Serpa, representantes de los m\u00e1ximos accionistas del club bogotano; y a su izquierda estaba el exfiscal Francisco Barbosa.<\/p>\n<p>Barbosa es un personaje pol\u00e9mico, de amores y odios por los apasionados de la pol\u00edtica; as\u00ed que gener\u00f3 gran cantidad de comentarios negativos, pues no gust\u00f3 que acompa\u00f1ara a Falcao al cl\u00e1sico de la fecha 13 de la Liga BetPlay I.<\/p>\n\n","protected":false},"excerpt":{"rendered":"<p>Curiosidades de f\u00fatbol Falcao fue a ver Millonarios vs Nacional: \u00bfpor qu\u00e9 es tendencia viral? Juan Pablo Ar\u00e9valo 13 de abril 2025 , 06:44 p.\u00a0m. Radamel fue visto en el palco de El Camp\u00edn, pero gener\u00f3 pol\u00e9mica el personaje que estaba a su lado. El cl\u00e1sico entre Millonarios y Atl\u00e9tico Nacional no se lo quer\u00eda &hellip;<\/p>\n","protected":false},"author":1,"featured_media":23034,"comment_status":"open","ping_status":"open","sticky":false,"template":"","format":"standard","meta":{"fifu_image_url":"https:\/\/www.futbolred.com\/files\/og_thumbnail\/uploads\/2024\/10\/16\/671098b11ec21.jpeg","fifu_image_alt":"","footnotes":""},"categories":[6],"tags":[],"class_list":["post-23032","post","type-post","status-publish","format-standard","has-post-thumbnail","","category-deportes"],"_links":{"self":[{"href":"https:\/\/noticiasveraces.com\/index.php?rest_route=\/wp\/v2\/posts\/23032","targetHints":{"allow":["GET"]}}],"collection":[{"href":"https:\/\/noticiasveraces.com\/index.php?rest_route=\/wp\/v2\/posts"}],"about":[{"href":"https:\/\/noticiasveraces.com\/index.php?rest_route=\/wp\/v2\/types\/post"}],"author":[{"embeddable":true,"href":"https:\/\/noticiasveraces.com\/index.php?rest_route=\/wp\/v2\/users\/1"}],"replies":[{"embeddable":true,"href":"https:\/\/noticiasveraces.com\/index.php?rest_route=%2Fwp%2Fv2%2Fcomments&post=23032"}],"version-history":[{"count":0,"href":"https:\/\/noticiasveraces.com\/index.php?rest_route=\/wp\/v2\/posts\/23032\/revisions"}],"wp:featuredmedia":[{"embeddable":true,"href":"https:\/\/noticiasveraces.com\/index.php?rest_route=\/wp\/v2\/media\/23034"}],"wp:attachment":[{"href":"https:\/\/noticiasveraces.com\/index.php?rest_route=%2Fwp%2Fv2%2Fmedia&parent=23032"}],"wp:term":[{"taxonomy":"category","embeddable":true,"href":"https:\/\/noticiasveraces.com\/index.php?rest_route=%2Fwp%2Fv2%2Fcategories&post=23032"},{"taxonomy":"post_tag","embeddable":true,"href":"https:\/\/noticiasveraces.com\/index.php?rest_route=%2Fwp%2Fv2%2Ftags&post=23032"}],"curies":[{"name":"wp","href":"https:\/\/api.w.org\/{rel}","templated":true}]}}