{"id":22966,"date":"2025-04-14T22:03:40","date_gmt":"2025-04-15T02:03:40","guid":{"rendered":"https:\/\/noticiasveraces.com\/?p=22966"},"modified":"2025-04-14T22:03:40","modified_gmt":"2025-04-15T02:03:40","slug":"sudan-ucrania-gaza-aranceles-las-noticias-del-lunes","status":"publish","type":"post","link":"https:\/\/noticiasveraces.com\/?p=22966","title":{"rendered":"Sud\u00e1n, Ucrania, Gaza, aranceles\u2026 Las noticias del lunes"},"content":{"rendered":"<p> \n<\/p>\n<div>\n<p>El Secretario General de la ONU, Ant\u00f3nio Guterres,\u00a0conden\u00f3 la muerte de decenas de civiles en los ataques contra los campos sudaneses de El Fasher, Zamzam y Abu Shouk, que albergan a desplazados en el estado de Darfur del Norte.<\/p>\n<p>Seg\u00fan los informes, las Fuerzas de Apoyo R\u00e1pido, enfrentadas con el ej\u00e9rcito sudan\u00e9s, llevaron a cabo ataques terrestres y a\u00e9reos coordinados contra la zona.<\/p>\n<p>En su encuentro habitual con la prensa, el portavoz del Secretario General dijo que las cifras preliminares de fuentes locales apuntan a <strong>m\u00e1s de 300 civiles fallecidos, entre ellos 10 miembros del personal humanitario <\/strong>de la ong <em>Relief International,<\/em> quienes perdieron la vida mientras operaban el \u00faltimo centro de salud funcional del campo de Zamzam.<\/p>\n<p>Ant\u00f3nio Guterres inst\u00f3 a las partes en conflicto a que pongan fin de inmediato a los combates y adopten medidas para iniciar un proceso pol\u00edtico para encaminar a Sud\u00e1n hacia la paz y la estabilidad.<\/p>\n<div class=\"context-un_news_full_width_credit_caption type-entermedia_image media media--type-entermedia-image media--view-mode-un-news-full-width-credit-caption\">\n<div class=\"field field--name-thumbnail field--type-image field--label-hidden field__item\"><img decoding=\"async\" src=\"https:\/\/global.unitednations.entermediadb.net\/assets\/mediadb\/services\/module\/asset\/downloads\/preset\/Collections\/Embargoed\/10-04-2025_UNOCHA_Ukraine-04.jpg\/image1170x530cropped.jpg\" alt=\"Un trabajador humanitario inspecciona un edificio destruido en Ucrania.\" title=\"Un trabajador humanitario inspecciona un edificio destruido en Ucrania.\" loading=\"lazy\" width=\"1170\" height=\"530\"\/>\n<\/div>\n<p>Un trabajador humanitario inspecciona un edificio destruido en Ucrania.<\/p>\n<\/div>\n<p>Al menos 34 personas murieron y m\u00e1s de 100 resultaron heridas en Sumy, Ucrania, en un ataque con misiles de las fuerzas armadas rusas el Domingo de Ramos.<\/p>\n<p>Seg\u00fan el Fondo de las Naciones Unidas para la Infancia (UNICEF), entre las v\u00edctimas hay dos ni\u00f1os muertos y 15 heridos.<\/p>\n<p>El representante de la agencia en el pa\u00eds, Munir Mammadzade,\u00a0indic\u00f3 que se trataba de <strong>ni\u00f1os y familias que se encontraban en el centro de la ciudad a la hora del almuerzo prepar\u00e1ndose para el comienzo de las festividades de Pascua<\/strong>.<\/p>\n<p>Por su parte, el coordinador humanitario en el pa\u00eds, Matthias Schmale,\u00a0conden\u00f3 \u201cla brutal matanza y las heridas causadas a civiles\u201d, se\u00f1alando que el Domingo de Ramos debe ser \u201cun d\u00eda de paz y reflexi\u00f3n\u201d.<\/p>\n<p>En un\u00a0comunicado emitido por su portavoz, el Secretario General de la ONU se\u00f1al\u00f3 que el ataque contin\u00faa \u201cun patr\u00f3n devastador\u201d de asaltos similares contra ciudades y pueblos ucranianos en las \u00faltimas semanas, con el resultado de v\u00edctimas civiles y destrucci\u00f3n \u201ca gran escala\u201d.<\/p>\n<p>Ant\u00f3nio Guterres reiter\u00f3 su llamamiento en favor de un alto el fuego duradero en el pa\u00eds y reiter\u00f3 el apoyo de la Organizaci\u00f3n a los esfuerzos en pro de una paz justa que defienda plenamente la soberan\u00eda, la independencia y la integridad territorial de Ucrania.<\/p>\n<div class=\"context-un_news_full_width_credit_caption type-entermedia_image media media--type-entermedia-image media--view-mode-un-news-full-width-credit-caption\">\n<div class=\"field field--name-thumbnail field--type-image field--label-hidden field__item\"><img decoding=\"async\" src=\"https:\/\/global.unitednations.entermediadb.net\/assets\/mediadb\/services\/module\/asset\/downloads\/preset\/Collections\/Embargoed\/14-04-2025-UNIFEED-Gaza.jpg\/image1170x530cropped.jpg\" alt=\"Instrumentos m\u00e9dicos destruidos en el ataque al hospital Al Ahli en Gaza.\" title=\"Instrumentos m\u00e9dicos destruidos en el ataque al hospital Al Ahli en Gaza.\" loading=\"lazy\" width=\"1170\" height=\"530\"\/>\n<\/div>\n<p>Instrumentos m\u00e9dicos destruidos en el ataque al hospital Al Ahli en Gaza.<\/p>\n<\/div>\n<p>Israel atac\u00f3 el hospital Al Ahli en la ciudad de\u00a0Gaza, <strong>dej\u00e1ndolo fuera de servicio, y causando la muerte de un ni\u00f1o<\/strong> con traumatismo craneoencef\u00e1lico cuando se le estaba evacuando de la instalaci\u00f3n, inform\u00f3 la\u00a0Organizaci\u00f3n Mundial de la Salud\u00a0(OMS).<\/p>\n<p>La portavoz de la agencia, Margaret Harris, dijo a Noticias ONU que, adem\u00e1s del hospital, \u201cla farmacia y muchos de los edificios y servicios, quedaron destruidos\u201d tras la embestida de la madrugada del domingo.<\/p>\n<p>Unos 40 pacientes, cuyo estado es demasiado cr\u00edtico para ser trasladados, contin\u00faan recibiendo atenci\u00f3n m\u00e9dica, mientras que otros 50, incluido el ni\u00f1o fallecido, fueron evacuados a otros centros m\u00e9dicos poco antes del inicio del ataque.<\/p>\n<p>La situaci\u00f3n sanitaria en Gaza sigue siendo cr\u00edtica y los<strong> suministros m\u00e9dicos de todo tipo son actualmente \u201cextremadamente bajos\u201d<\/strong>declar\u00f3 Harris.<\/p>\n<p>El director general de la OMS\u00a0conden\u00f3 el ataque\u00a0al hospital y urgi\u00f3 nuevamente a un alto el fuego, recordando que los centros m\u00e9dicos gozan de protecci\u00f3n especial en virtud del derecho internacional humanitario.<\/p>\n<div class=\"context-un_news_full_width_credit_caption type-entermedia_image media media--type-entermedia-image media--view-mode-un-news-full-width-credit-caption\">\n<div class=\"field field--name-thumbnail field--type-image field--label-hidden field__item\"><img decoding=\"async\" src=\"https:\/\/global.unitednations.entermediadb.net\/assets\/mediadb\/services\/module\/asset\/downloads\/preset\/Libraries\/Production%20Library\/27-10-2021_ILO_Lesotho.jpg\/image1170x530cropped.jpg\" alt=\"Trabajadora en una f\u00e1brica textil en Lesoto.\" title=\"Trabajadora en una f\u00e1brica textil en Lesoto.\" loading=\"lazy\" width=\"1170\" height=\"530\"\/>\n<\/div>\n<p>Trabajadora en una f\u00e1brica textil en Lesoto.<\/p>\n<\/div>\n<h2>Los aranceles rec\u00edprocos deber\u00edan excluir a los pa\u00edses en desarrollo vulnerables<\/h2>\n<p>La Conferencia de las Naciones Unidas sobre Comercio y Desarrollo (UNCTAD) hizo este lunes un llamamiento para que las econom\u00edas \u201cm\u00e1s pobres y vulnerables\u201d queden exentas de los \u00abaranceles rec\u00edprocos\u00bb.<\/p>\n<p>Los aranceles se calcularon para equilibrar los d\u00e9ficits comerciales bilaterales de mercanc\u00edas entre Estados Unidos y 57 de sus socios comerciales, que van desde el 11% para Camer\u00fan hasta el 50% para Lesoto.<\/p>\n<p>La UNCTAD concluy\u00f3 en un\u00a0informe\u00a0publicado este lunes, que aquellos aranceles impuestos a los pa\u00edses menos desarrollados <strong>no reducir\u00e1n significativamente los d\u00e9ficits comerciales de Estados Unidos ni aumentar\u00e1n la recaudaci\u00f3n de ingresos<\/strong>. Sin embargo, \u201ccorren el riesgo de devastar a los pa\u00edses en desarrollo\u201d.<\/p>\n<p>Los aranceles est\u00e1n actualmente en pausa durante 90 d\u00edas. Si vuelven a entrar en vigor, es probable que disminuya la demanda de muchos bienes importados debido al aumento de los precios, advirti\u00f3 el organismo.<\/p>\n<p>Pero incluso si los niveles de importaci\u00f3n de Estados Unidos se mantuvieran en los niveles de 2024, los ingresos arancelarios adicionales recaudados de las econom\u00edas m\u00e1s pobres y peque\u00f1as ser\u00edan m\u00ednimos.<\/p>\n<p>En concreto, los aranceles de 36 de los 57 socios comerciales generar\u00edan <strong>menos del 1% de los ingresos arancelarios actuales de Estados Unidos<\/strong>.<\/p>\n<\/div>\n\n","protected":false},"excerpt":{"rendered":"<p>El Secretario General de la ONU, Ant\u00f3nio Guterres,\u00a0conden\u00f3 la muerte de decenas de civiles en los ataques contra los campos sudaneses de El Fasher, Zamzam y Abu Shouk, que albergan a desplazados en el estado de Darfur del Norte. Seg\u00fan los informes, las Fuerzas de Apoyo R\u00e1pido, enfrentadas con el ej\u00e9rcito sudan\u00e9s, llevaron a cabo &hellip;<\/p>\n","protected":false},"author":1,"featured_media":22968,"comment_status":"open","ping_status":"open","sticky":false,"template":"","format":"standard","meta":{"fifu_image_url":"https:\/\/global.unitednations.entermediadb.net\/assets\/mediadb\/services\/module\/asset\/downloads\/preset\/Libraries\/Production%20Library\/17-12-2024-WFP-Sudan-WF1960511.jpg\/image770x420cropped.jpg","fifu_image_alt":"","footnotes":""},"categories":[3],"tags":[],"class_list":["post-22966","post","type-post","status-publish","format-standard","has-post-thumbnail","","category-negocio"],"_links":{"self":[{"href":"https:\/\/noticiasveraces.com\/index.php?rest_route=\/wp\/v2\/posts\/22966","targetHints":{"allow":["GET"]}}],"collection":[{"href":"https:\/\/noticiasveraces.com\/index.php?rest_route=\/wp\/v2\/posts"}],"about":[{"href":"https:\/\/noticiasveraces.com\/index.php?rest_route=\/wp\/v2\/types\/post"}],"author":[{"embeddable":true,"href":"https:\/\/noticiasveraces.com\/index.php?rest_route=\/wp\/v2\/users\/1"}],"replies":[{"embeddable":true,"href":"https:\/\/noticiasveraces.com\/index.php?rest_route=%2Fwp%2Fv2%2Fcomments&post=22966"}],"version-history":[{"count":0,"href":"https:\/\/noticiasveraces.com\/index.php?rest_route=\/wp\/v2\/posts\/22966\/revisions"}],"wp:featuredmedia":[{"embeddable":true,"href":"https:\/\/noticiasveraces.com\/index.php?rest_route=\/wp\/v2\/media\/22968"}],"wp:attachment":[{"href":"https:\/\/noticiasveraces.com\/index.php?rest_route=%2Fwp%2Fv2%2Fmedia&parent=22966"}],"wp:term":[{"taxonomy":"category","embeddable":true,"href":"https:\/\/noticiasveraces.com\/index.php?rest_route=%2Fwp%2Fv2%2Fcategories&post=22966"},{"taxonomy":"post_tag","embeddable":true,"href":"https:\/\/noticiasveraces.com\/index.php?rest_route=%2Fwp%2Fv2%2Ftags&post=22966"}],"curies":[{"name":"wp","href":"https:\/\/api.w.org\/{rel}","templated":true}]}}