{"id":22945,"date":"2025-04-14T19:49:43","date_gmt":"2025-04-14T23:49:43","guid":{"rendered":"https:\/\/noticiasveraces.com\/?p=22945"},"modified":"2025-04-14T19:49:43","modified_gmt":"2025-04-14T23:49:43","slug":"mas-de-400-muertos-en-sudan-segun-fuentes-de-la-onu-dw-15-04-2025","status":"publish","type":"post","link":"https:\/\/noticiasveraces.com\/?p=22945","title":{"rendered":"M\u00e1s de 400 muertos en Sud\u00e1n, seg\u00fan fuentes de la ONU \u2013 DW \u2013 15\/04\/2025"},"content":{"rendered":"<p> \n<\/p>\n<div>\n<p>M\u00e1s de 400 personas murieron la semana pasada en ataques de los paramilitares de las Fuerzas de Apoyo R\u00e1pido (FAR) en la regi\u00f3n de Darfur, en el oeste de Sud\u00e1n, seg\u00fan indicaron este lunes (14.04.2025) \u00abfuentes fidedignas\u00bb citadas por Naciones Unidas.<\/p>\n<p>La guerra civil en Sud\u00e1n estall\u00f3 en abril de 2023 por la lucha de poder entre el general Abdel Fatah al Burhan, jefe del ej\u00e9rcito, y su antiguo adjunto, Mohamed Hamdan Daglo, jefe de los paramilitares de las FAR.<\/p>\n<p>El conflicto ha dejado decenas de miles de muertos y ha desplazado a m\u00e1s de 12 millones de personas en un pa\u00eds al borde de la hambruna.<\/p>\n<p>S\u00f3lo entre el jueves y el s\u00e1bado (del 10 al 12 de abril), \u00abnuestro equipo sudan\u00e9s confirm\u00f3 148 muertes, aunque esta cifra es muy inferior a la real, ya que nuestras verificaciones contin\u00faan\u00bb, declar\u00f3 el lunes a AFP Ravina Shamdasani, portavoz del Alto Comisionado de la ONU para los Derechos Humanos, a\u00f1adiendo que \u00abfuentes fidedignas informaron de m\u00e1s de 400 muertes\u00bb.<\/p>\n<p>Esta cifra \u00abni siquiera incluye la violencia de ayer (domingo)\u00bb, a\u00f1adi\u00f3.<\/p>\n<p>Las FAR intensificaron en las \u00faltimas semanas sus ataques contra los campos de refugiados de los alrededores de El Fasher, con el objetivo de tomar la \u00faltima capital de Darfur fuera de su control.<\/p>\n<p>Mg (AFP, Reuters)<\/p>\n<\/p>\n<\/div>\n\n","protected":false},"excerpt":{"rendered":"<p>M\u00e1s de 400 personas murieron la semana pasada en ataques de los paramilitares de las Fuerzas de Apoyo R\u00e1pido (FAR) en la regi\u00f3n de Darfur, en el oeste de Sud\u00e1n, seg\u00fan indicaron este lunes (14.04.2025) \u00abfuentes fidedignas\u00bb citadas por Naciones Unidas. La guerra civil en Sud\u00e1n estall\u00f3 en abril de 2023 por la lucha de &hellip;<\/p>\n","protected":false},"author":1,"featured_media":22946,"comment_status":"open","ping_status":"open","sticky":false,"template":"","format":"standard","meta":{"fifu_image_url":"https:\/\/static.dw.com\/image\/59811046_6.jpg","fifu_image_alt":"","footnotes":""},"categories":[13],"tags":[],"class_list":["post-22945","post","type-post","status-publish","format-standard","has-post-thumbnail","","category-mundo"],"_links":{"self":[{"href":"https:\/\/noticiasveraces.com\/index.php?rest_route=\/wp\/v2\/posts\/22945","targetHints":{"allow":["GET"]}}],"collection":[{"href":"https:\/\/noticiasveraces.com\/index.php?rest_route=\/wp\/v2\/posts"}],"about":[{"href":"https:\/\/noticiasveraces.com\/index.php?rest_route=\/wp\/v2\/types\/post"}],"author":[{"embeddable":true,"href":"https:\/\/noticiasveraces.com\/index.php?rest_route=\/wp\/v2\/users\/1"}],"replies":[{"embeddable":true,"href":"https:\/\/noticiasveraces.com\/index.php?rest_route=%2Fwp%2Fv2%2Fcomments&post=22945"}],"version-history":[{"count":0,"href":"https:\/\/noticiasveraces.com\/index.php?rest_route=\/wp\/v2\/posts\/22945\/revisions"}],"wp:featuredmedia":[{"embeddable":true,"href":"https:\/\/noticiasveraces.com\/index.php?rest_route=\/wp\/v2\/media\/22946"}],"wp:attachment":[{"href":"https:\/\/noticiasveraces.com\/index.php?rest_route=%2Fwp%2Fv2%2Fmedia&parent=22945"}],"wp:term":[{"taxonomy":"category","embeddable":true,"href":"https:\/\/noticiasveraces.com\/index.php?rest_route=%2Fwp%2Fv2%2Fcategories&post=22945"},{"taxonomy":"post_tag","embeddable":true,"href":"https:\/\/noticiasveraces.com\/index.php?rest_route=%2Fwp%2Fv2%2Ftags&post=22945"}],"curies":[{"name":"wp","href":"https:\/\/api.w.org\/{rel}","templated":true}]}}