{"id":22894,"date":"2025-04-14T09:33:03","date_gmt":"2025-04-14T13:33:03","guid":{"rendered":"https:\/\/noticiasveraces.com\/?p=22894"},"modified":"2025-04-14T09:33:03","modified_gmt":"2025-04-14T13:33:03","slug":"papa-aprueba-primer-paso-para-beatificacion-de-antoni-gaudi-dw-14-04-2025","status":"publish","type":"post","link":"https:\/\/noticiasveraces.com\/?p=22894","title":{"rendered":"Papa aprueba primer paso para beatificaci\u00f3n de Antoni Gaud\u00ed \u2013 DW \u2013 14\/04\/2025"},"content":{"rendered":"<p> \n<\/p>\n<div>\n<p>El papa Francisco, que se encuentra a\u00fan convaleciente, firm\u00f3 este lunes algunos decretos, entre ellos el que reconoce las \u00abvirtudes heroicas\u00bb del arquitecto catal\u00e1n Antoni Gaud\u00ed, nacido el 25 de junio de 1852 y fallecido el 10 de junio de 1926 en Barcelona.<\/p>\n<p>Para promulgar el decreto, Francisco, de 88 a\u00f1os y convaleciente tras una grave neumon\u00eda, recibi\u00f3 al prefecto (N.1) del Dicasterio para las Causas de los Santos, el cardenal Marcello Semeraro. Este fue el primer encuentro oficial de su agenda desde que dej\u00f3 el hospital el 23 de marzo.<\/p>\n<h2>\u00abVenerable\u00bb Gaud\u00ed: un primer paso a la santidad<\/h2>\n<p>El camino hacia la santidad tiene varias etapas: la primera es ser declarado \u00abVenerable siervo de Dios\u00bb, t\u00edtulo que se da a una persona fallecida a la que se reconoce \u00abhaber vivido las virtudes de manera heroica\u00bb; la segunda, beato y la tercera santo.<\/p>\n<p>Para que un venerable sea beatificado es necesario que se haya producido un milagro debido a su intercesi\u00f3n, y para que sea canonizado o hecho santo se precisa un segundo milagro obrado por intercesi\u00f3n, despu\u00e9s de ser proclamado beato.<\/p>\n<figure class=\"placeholder-image master_landscape big\"><img data-format=\"MASTER_LANDSCAPE\" data-id=\"70594442\" data-url=\"https:\/\/static.dw.com\/image\/70594442_${formatId}.jpg\" data-aspect-ratio=\"16\/9\" alt=\"Antoni Gaud\u00ed (1852-1926), dos fotograf\u00edas.\" style=\"padding-bottom: 56.25%; height: 0; max-height: 0;\"\/><figcaption class=\"img-caption\">Antoni Gaud\u00ed (1852-1926), conocido como el &#8216;arquitecto de Dios&#8217;.<small class=\"copyright\">Imagen: Dragoslav Dedovic\/DW<\/small><\/figcaption><\/figure>\n<p>El proceso de beatificaci\u00f3n del arquitecto se impuls\u00f3 hace 30 a\u00f1os por la Asociaci\u00f3n para la probeatificaci\u00f3n de Antonio Gaud\u00ed, fundada en 1992 y presidida por Jos\u00e9 Manuel Almuzara, mientras que posteriormente el cardenal y arzobispo de Barcelona, Juan Jos\u00e9 Omella, constituy\u00f3 la Asociaci\u00f3n Can\u00f3nica que tom\u00f3 el relevo de la de car\u00e1cter civil.<\/p>\n<p>La nueva asociaci\u00f3n aceler\u00f3 el proceso enviando en 2023 el argumentario fundamental o &#8216;positio&#8217; sobre la causa de beatificaci\u00f3n de Gaud\u00ed al dicasterio de las Causas de los Santos.<\/p>\n<p><span data-slot-id=\"Article_InContent-1\" class=\"rich-text-ad\"\/><\/p>\n<h2>Sagrada Familia: \u00abAlabanza a Dios hecha de piedra\u00bb<\/h2>\n<p>Seg\u00fan la Asociaci\u00f3n Can\u00f3nica, Gaud\u00ed fue \u00abtestimonio de fe, hombre de fe, gran observador de la naturaleza y arquitecto genial y se ha convertido en una figura universal de la arquitectura moderna. Su aportaci\u00f3n a esta disciplina rompi\u00f3 con los esquemas establecidos. El testimonio de fe que ofreci\u00f3 en vida ha quedado plasmado en su obra m\u00e1s importante, la Sagrada Familia de Barcelona\u00bb.<\/p>\n<p>En marzo del a\u00f1o 2000, la Santa Sede hab\u00eda autorizado la apertura formal del proceso diocesano de beatificaci\u00f3n que llev\u00f3 a constituir el correspondiente tribunal para investigar la fama de santidad.<\/p>\n<p>Gaud\u00ed, apodado \u00abel arquitecto de Dios\u00bb, es el creador de la monumental bas\u00edlica de la Sagrada Familia de Barcelona, en construcci\u00f3n desde hace m\u00e1s de un siglo y consagrada en 2010 por Benedicto XVI, allanando el camino para su uso como lugar de culto.<\/p>\n<p>En aquella ocasi\u00f3n, el papa alem\u00e1n alab\u00f3 \u00abel genio de Antoni Gaud\u00ed\u00bb que, \u00abinspirado por el ardor de su fe cristiana, logr\u00f3 transformar esta iglesia en una alabanza a Dios hecha de piedra\u00bb.<\/p>\n<p>RML (EFE, AFP)<\/p>\n<\/div>\n\n","protected":false},"excerpt":{"rendered":"<p>El papa Francisco, que se encuentra a\u00fan convaleciente, firm\u00f3 este lunes algunos decretos, entre ellos el que reconoce las \u00abvirtudes heroicas\u00bb del arquitecto catal\u00e1n Antoni Gaud\u00ed, nacido el 25 de junio de 1852 y fallecido el 10 de junio de 1926 en Barcelona. Para promulgar el decreto, Francisco, de 88 a\u00f1os y convaleciente tras una &hellip;<\/p>\n","protected":false},"author":1,"featured_media":22895,"comment_status":"open","ping_status":"open","sticky":false,"template":"","format":"standard","meta":{"fifu_image_url":"https:\/\/static.dw.com\/image\/70594394_6.jpg","fifu_image_alt":"","footnotes":""},"categories":[13],"tags":[],"class_list":["post-22894","post","type-post","status-publish","format-standard","has-post-thumbnail","","category-mundo"],"_links":{"self":[{"href":"https:\/\/noticiasveraces.com\/index.php?rest_route=\/wp\/v2\/posts\/22894","targetHints":{"allow":["GET"]}}],"collection":[{"href":"https:\/\/noticiasveraces.com\/index.php?rest_route=\/wp\/v2\/posts"}],"about":[{"href":"https:\/\/noticiasveraces.com\/index.php?rest_route=\/wp\/v2\/types\/post"}],"author":[{"embeddable":true,"href":"https:\/\/noticiasveraces.com\/index.php?rest_route=\/wp\/v2\/users\/1"}],"replies":[{"embeddable":true,"href":"https:\/\/noticiasveraces.com\/index.php?rest_route=%2Fwp%2Fv2%2Fcomments&post=22894"}],"version-history":[{"count":0,"href":"https:\/\/noticiasveraces.com\/index.php?rest_route=\/wp\/v2\/posts\/22894\/revisions"}],"wp:featuredmedia":[{"embeddable":true,"href":"https:\/\/noticiasveraces.com\/index.php?rest_route=\/wp\/v2\/media\/22895"}],"wp:attachment":[{"href":"https:\/\/noticiasveraces.com\/index.php?rest_route=%2Fwp%2Fv2%2Fmedia&parent=22894"}],"wp:term":[{"taxonomy":"category","embeddable":true,"href":"https:\/\/noticiasveraces.com\/index.php?rest_route=%2Fwp%2Fv2%2Fcategories&post=22894"},{"taxonomy":"post_tag","embeddable":true,"href":"https:\/\/noticiasveraces.com\/index.php?rest_route=%2Fwp%2Fv2%2Ftags&post=22894"}],"curies":[{"name":"wp","href":"https:\/\/api.w.org\/{rel}","templated":true}]}}