{"id":22847,"date":"2025-04-14T02:20:05","date_gmt":"2025-04-14T06:20:05","guid":{"rendered":"https:\/\/noticiasveraces.com\/?p=22847"},"modified":"2025-04-14T02:20:05","modified_gmt":"2025-04-14T06:20:05","slug":"muere-el-escritor-peruano-mario-vargas-llosa-premio-nobel-y-genio-de-las-letras","status":"publish","type":"post","link":"https:\/\/noticiasveraces.com\/?p=22847","title":{"rendered":"Muere el escritor peruano Mario Vargas Llosa, premio Nobel y genio de las letras"},"content":{"rendered":"<p> \n<br \/><img decoding=\"async\" src=\"https:\/\/s.france24.com\/media\/display\/bde2ff16-18d5-11f0-a27a-005056a97e36\/w:1024\/p:16x9\/VargasLLosa13abrilAFP.jpg\" \/><br \/>El novelista peruano-espa\u00f1ol Mario Vargas Llosa falleci\u00f3 este domingo 13 de abril a los 89 a\u00f1os en su casa en Lima, donde resid\u00eda desde 2022 tras un largo periplo que le llev\u00f3 a vivir en Europa desde la d\u00e9cada de 1990. Autor de obras maestras como &#8216;La ciudad y los perros&#8217;, &#8216;Conversaci\u00f3n en la Catedral&#8217; o &#8216;La fiesta del chivo&#8217;, gan\u00f3 el Premio Nobel de Literatura en el a\u00f1o 2010 y se hizo un lugar en el pante\u00f3n de los gigantes de las letras universales.\u00a0<br \/>\n<br \/>\n","protected":false},"excerpt":{"rendered":"<p>El novelista peruano-espa\u00f1ol Mario Vargas Llosa falleci\u00f3 este domingo 13 de abril a los 89 a\u00f1os en su casa en Lima, donde resid\u00eda desde 2022 tras un largo periplo que le llev\u00f3 a vivir en Europa desde la d\u00e9cada de 1990. Autor de obras maestras como &#8216;La ciudad y los perros&#8217;, &#8216;Conversaci\u00f3n en la Catedral&#8217; &hellip;<\/p>\n","protected":false},"author":1,"featured_media":22849,"comment_status":"open","ping_status":"open","sticky":false,"template":"","format":"standard","meta":{"fifu_image_url":"https:\/\/s.france24.com\/media\/display\/bde2ff16-18d5-11f0-a27a-005056a97e36\/w:1024\/p:16x9\/VargasLLosa13abrilAFP.jpg","fifu_image_alt":"","footnotes":""},"categories":[13],"tags":[],"class_list":["post-22847","post","type-post","status-publish","format-standard","has-post-thumbnail","","category-mundo"],"_links":{"self":[{"href":"https:\/\/noticiasveraces.com\/index.php?rest_route=\/wp\/v2\/posts\/22847","targetHints":{"allow":["GET"]}}],"collection":[{"href":"https:\/\/noticiasveraces.com\/index.php?rest_route=\/wp\/v2\/posts"}],"about":[{"href":"https:\/\/noticiasveraces.com\/index.php?rest_route=\/wp\/v2\/types\/post"}],"author":[{"embeddable":true,"href":"https:\/\/noticiasveraces.com\/index.php?rest_route=\/wp\/v2\/users\/1"}],"replies":[{"embeddable":true,"href":"https:\/\/noticiasveraces.com\/index.php?rest_route=%2Fwp%2Fv2%2Fcomments&post=22847"}],"version-history":[{"count":0,"href":"https:\/\/noticiasveraces.com\/index.php?rest_route=\/wp\/v2\/posts\/22847\/revisions"}],"wp:featuredmedia":[{"embeddable":true,"href":"https:\/\/noticiasveraces.com\/index.php?rest_route=\/wp\/v2\/media\/22849"}],"wp:attachment":[{"href":"https:\/\/noticiasveraces.com\/index.php?rest_route=%2Fwp%2Fv2%2Fmedia&parent=22847"}],"wp:term":[{"taxonomy":"category","embeddable":true,"href":"https:\/\/noticiasveraces.com\/index.php?rest_route=%2Fwp%2Fv2%2Fcategories&post=22847"},{"taxonomy":"post_tag","embeddable":true,"href":"https:\/\/noticiasveraces.com\/index.php?rest_route=%2Fwp%2Fv2%2Ftags&post=22847"}],"curies":[{"name":"wp","href":"https:\/\/api.w.org\/{rel}","templated":true}]}}