{"id":22839,"date":"2025-04-14T00:15:37","date_gmt":"2025-04-14T04:15:37","guid":{"rendered":"https:\/\/noticiasveraces.com\/?p=22839"},"modified":"2025-04-14T00:15:37","modified_gmt":"2025-04-14T04:15:37","slug":"arranca-juicio-penal-contra-yoon-por-cargos-de-insurreccion-dw-14-04-2025","status":"publish","type":"post","link":"https:\/\/noticiasveraces.com\/?p=22839","title":{"rendered":"Arranca juicio penal contra Yoon por cargos de insurrecci\u00f3n \u2013 DW \u2013 14\/04\/2025"},"content":{"rendered":"<p> \n<\/p>\n<div>\n<p>El expresidente de Corea del Sur,\u00a0Yoon Suk-yeol, compareci\u00f3\u00a0este lunes (14.04.2025) ante un tribunal de Se\u00fal en el inicio del juicio penal en su contra, por cargos de liderar un intento de insurrecci\u00f3n al decretar la ley marcial y desplegar tropas al Parlamento el pasado 3 de diciembre.<\/p>\n<p>La audiencia, celebrada en la sala 417 del Tribunal del Distrito Central de Se\u00fal, comenz\u00f3 a las 10:00 hora local (1:00 GMT). Es la primera comparecencia formal de Yoon tras ser destituido por unanimidad por el Tribunal Constitucional el 4 de abril, que consider\u00f3 que el mandatario viol\u00f3 la Carta Magna al intentar interferir con una votaci\u00f3n legislativa mediante el uso del Ej\u00e9rcito.<\/p>\n<p>Yoon lleg\u00f3 al tribunal unos 10 minutos antes del inicio del juicio en un veh\u00edculo oficial, accediendo por el estacionamiento subterr\u00e1neo por motivos de seguridad. El tribunal no autoriz\u00f3 la solicitud de los medios para tomar im\u00e1genes dentro de la sala.<\/p>\n<p>Durante la apertura de la audiencia, se confirm\u00f3 su identidad y domicilio actual en el complejo Acrovista del distrito de Seocho, donde se instal\u00f3 el pasado viernes tras abandonar la residencia oficial de Hanam-dong, seg\u00fan la agencia local de noticias Yonhap.<\/p>\n<p>Este lunes comparecer\u00e1n como testigos Cho Sung-hyun, comandante del Primer Grupo de Defensa del Comando de Defensa de la Capital, y Kim Hyung-ki, jefe del Primer Batall\u00f3n de Fuerzas Especiales del Comando B\u00e9lico del Ej\u00e9rcito.<\/p>\n<p>Ambos declararon en el previo juicio penal contra Yoon Suk-yeol en el Tribunal Constitucional. En aquel entonces, Cho testific\u00f3 que su entonces superior, Lee Jin-woo, le orden\u00f3 desalojar por la fuerza a legisladores del Parlamento tras la declaraci\u00f3n de la ley marcial. Por su parte, Kim habr\u00eda recibido instrucciones similares de su cadena de mando esa misma noche, seg\u00fan Yonhap.<\/p>\n<p>El exmandatario enfrenta cargos por los que podr\u00eda ser condenado a cadena perpetua o incluso a pena de muerte, seg\u00fan lo establece el C\u00f3digo Penal surcoreano en casos de insurrecci\u00f3n.<\/p>\n<p>MG (EFE, DPA)<\/p>\n<\/p>\n<\/div>\n\n","protected":false},"excerpt":{"rendered":"<p>El expresidente de Corea del Sur,\u00a0Yoon Suk-yeol, compareci\u00f3\u00a0este lunes (14.04.2025) ante un tribunal de Se\u00fal en el inicio del juicio penal en su contra, por cargos de liderar un intento de insurrecci\u00f3n al decretar la ley marcial y desplegar tropas al Parlamento el pasado 3 de diciembre. La audiencia, celebrada en la sala 417 del &hellip;<\/p>\n","protected":false},"author":1,"featured_media":22840,"comment_status":"open","ping_status":"open","sticky":false,"template":"","format":"standard","meta":{"fifu_image_url":"https:\/\/static.dw.com\/image\/72134654_6.jpg","fifu_image_alt":"","footnotes":""},"categories":[13],"tags":[],"class_list":["post-22839","post","type-post","status-publish","format-standard","has-post-thumbnail","","category-mundo"],"_links":{"self":[{"href":"https:\/\/noticiasveraces.com\/index.php?rest_route=\/wp\/v2\/posts\/22839","targetHints":{"allow":["GET"]}}],"collection":[{"href":"https:\/\/noticiasveraces.com\/index.php?rest_route=\/wp\/v2\/posts"}],"about":[{"href":"https:\/\/noticiasveraces.com\/index.php?rest_route=\/wp\/v2\/types\/post"}],"author":[{"embeddable":true,"href":"https:\/\/noticiasveraces.com\/index.php?rest_route=\/wp\/v2\/users\/1"}],"replies":[{"embeddable":true,"href":"https:\/\/noticiasveraces.com\/index.php?rest_route=%2Fwp%2Fv2%2Fcomments&post=22839"}],"version-history":[{"count":0,"href":"https:\/\/noticiasveraces.com\/index.php?rest_route=\/wp\/v2\/posts\/22839\/revisions"}],"wp:featuredmedia":[{"embeddable":true,"href":"https:\/\/noticiasveraces.com\/index.php?rest_route=\/wp\/v2\/media\/22840"}],"wp:attachment":[{"href":"https:\/\/noticiasveraces.com\/index.php?rest_route=%2Fwp%2Fv2%2Fmedia&parent=22839"}],"wp:term":[{"taxonomy":"category","embeddable":true,"href":"https:\/\/noticiasveraces.com\/index.php?rest_route=%2Fwp%2Fv2%2Fcategories&post=22839"},{"taxonomy":"post_tag","embeddable":true,"href":"https:\/\/noticiasveraces.com\/index.php?rest_route=%2Fwp%2Fv2%2Ftags&post=22839"}],"curies":[{"name":"wp","href":"https:\/\/api.w.org\/{rel}","templated":true}]}}