{"id":22828,"date":"2025-04-13T22:00:14","date_gmt":"2025-04-14T02:00:14","guid":{"rendered":"https:\/\/noticiasveraces.com\/?p=22828"},"modified":"2025-04-13T22:00:14","modified_gmt":"2025-04-14T02:00:14","slug":"mas-de-44k-vehiculos-audi-retirados-debido-al-problema-del-software-que-hace-que-el-velocimetro-falle","status":"publish","type":"post","link":"https:\/\/noticiasveraces.com\/?p=22828","title":{"rendered":"M\u00e1s de 44k veh\u00edculos Audi retirados debido al problema del software que hace que el veloc\u00edmetro falle"},"content":{"rendered":"<p> \n<\/p>\n<div><!----> <!----> <\/p>\n<div class=\"featured featured-video video-ct\">\n<div class=\"contain\">\n<div class=\"info\">\n<div class=\"caption\">\n<p>El panel &#8216;Kudlow&#8217; analiza la orden del presidente Donald Trump de imponer aranceles del 25% a los autom\u00f3viles que no se realizan en los Estados Unidos y m\u00e1s.<\/p>\n<\/div>\n<\/div>\n<\/div>\n<\/div>\n<p>Se han retirado m\u00e1s de 44,000 veh\u00edculos Audi debido a un problema de software que hace que la pantalla del panel de instrumentos falle y las luces de advertencia y el veloc\u00edmetro dejen de funcionar.<\/p>\n<p>La Administraci\u00f3n Nacional de Seguridad del Tr\u00e1fico de Carreteras de EE. UU. (NHTSA) public\u00f3 el retiro de su sitio, diciendo que 44,387 se vieron afectados por el retiro.<\/p>\n<p>Volkswagen Group of America Inc. ha retirado ciertos 2021 SQ8, A6 Sedan, A7, A8, Q7, Q8, Rs6 Avant, RS7, RSQ8, S6 Sedan, S7, S8, A6 Allroad y SQ7 Veh\u00edculos debido al problema del software.<\/p>\n<p>\u00abEl cl\u00faster de instrumentos de cabina virtual de un veh\u00edculo puede apagarse debido a la detecci\u00f3n de una falla interna\u00bb, dice un documento asociado con el retiro. \u00abCuando esto ocurre, no se mostrar\u00e1n la velocidad del motor (RPM), la velocidad del veh\u00edculo y los indicadores de engranaje\/modo. Adem\u00e1s de esto, no se muestran otra informaci\u00f3n, como la hora, la fecha y el kilometraje. Las advertencias, revestimientos y indicadores que no muestran podr\u00edan aumentar el riesgo de bloqueo\u00bb.<\/p>\n<p>Se alienta a aquellos que conducen un modelo Audi 2021 a visitar el sitio web de NHTSA, donde una b\u00fasqueda del n\u00famero de identificaci\u00f3n del veh\u00edculo determinar\u00e1 si el veh\u00edculo es parte del retiro.<\/p>\n<p><strong>Volkswagen, Audi retir\u00f3 m\u00e1s de 261,000 veh\u00edculos para fijar la fuga de combustible, riesgo de incendio<\/strong><\/p>\n<div class=\"inline image-ct\">\n<div class=\"m\"><picture><source media=\"(max-width: 767px)\" srcset=\"https:\/\/a57.foxnews.com\/static.foxbusiness.com\/foxbusiness.com\/content\/uploads\/2024\/02\/343\/192\/Audi-Logo.jpg?ve=1&amp;tl=1, https:\/\/a57.foxnews.com\/static.foxbusiness.com\/foxbusiness.com\/content\/uploads\/2024\/02\/686\/384\/Audi-Logo.jpg?ve=1&amp;tl=1 2x\"><source media=\"(min-width: 768px) and (max-width: 1023px)\" srcset=\"https:\/\/a57.foxnews.com\/static.foxbusiness.com\/foxbusiness.com\/content\/uploads\/2024\/02\/672\/378\/Audi-Logo.jpg?ve=1&amp;tl=1, https:\/\/a57.foxnews.com\/static.foxbusiness.com\/foxbusiness.com\/content\/uploads\/2024\/02\/1344\/756\/Audi-Logo.jpg?ve=1&amp;tl=1 2x\"><source media=\"(min-width: 1024px) and (max-width: 1279px)\" srcset=\"https:\/\/a57.foxnews.com\/static.foxbusiness.com\/foxbusiness.com\/content\/uploads\/2024\/02\/931\/523\/Audi-Logo.jpg?ve=1&amp;tl=1, https:\/\/a57.foxnews.com\/static.foxbusiness.com\/foxbusiness.com\/content\/uploads\/2024\/02\/1862\/1046\/Audi-Logo.jpg?ve=1&amp;tl=1 2x\"><source media=\"(min-width: 1280px)\" srcset=\"https:\/\/a57.foxnews.com\/static.foxbusiness.com\/foxbusiness.com\/content\/uploads\/2024\/02\/720\/405\/Audi-Logo.jpg?ve=1&amp;tl=1, https:\/\/a57.foxnews.com\/static.foxbusiness.com\/foxbusiness.com\/content\/uploads\/2024\/02\/1440\/810\/Audi-Logo.jpg?ve=1&amp;tl=1 2x\"><img decoding=\"async\" src=\"https:\/\/a57.foxnews.com\/static.foxbusiness.com\/foxbusiness.com\/content\/uploads\/2024\/02\/931\/523\/Audi-Logo.jpg?ve=1&amp;tl=1\" alt=\"Logotipo de Audi\"\/><\/source><\/source><\/source><\/source><\/picture><\/div>\n<div class=\"caption\">\n<p><span>Audi retir\u00f3 m\u00e1s de 40,000 veh\u00edculos debido a un problema de software que hace que el panel de instrumentos funcione mal y no muestre el veloc\u00edmetro.<\/span><span>  (Joan Cros\/Nurphoto a trav\u00e9s de Getty Images)<\/span><\/p>\n<\/div>\n<\/div>\n<p>El remedio involucra a los distribuidores que actualizan el software del panel de instrumentos sin costo para el propietario del Audi.<\/p>\n<p><strong><u>Autos de lujo importados como Audi en poder de nosotros sobre la parte prohibida vinculada a la mano de obra forzada en China<\/u><\/strong><\/p>\n<div class=\"inline image-ct\">\n<div class=\"m\"><picture><source media=\"(max-width: 767px)\" srcset=\"https:\/\/a57.foxnews.com\/static.foxbusiness.com\/foxbusiness.com\/content\/uploads\/2018\/03\/343\/192\/Audi-ap1.jpg?ve=1&amp;tl=1, https:\/\/a57.foxnews.com\/static.foxbusiness.com\/foxbusiness.com\/content\/uploads\/2018\/03\/686\/384\/Audi-ap1.jpg?ve=1&amp;tl=1 2x\"><source media=\"(min-width: 768px) and (max-width: 1023px)\" srcset=\"https:\/\/a57.foxnews.com\/static.foxbusiness.com\/foxbusiness.com\/content\/uploads\/2018\/03\/672\/378\/Audi-ap1.jpg?ve=1&amp;tl=1, https:\/\/a57.foxnews.com\/static.foxbusiness.com\/foxbusiness.com\/content\/uploads\/2018\/03\/1344\/756\/Audi-ap1.jpg?ve=1&amp;tl=1 2x\"><source media=\"(min-width: 1024px) and (max-width: 1279px)\" srcset=\"https:\/\/a57.foxnews.com\/static.foxbusiness.com\/foxbusiness.com\/content\/uploads\/2018\/03\/931\/523\/Audi-ap1.jpg?ve=1&amp;tl=1, https:\/\/a57.foxnews.com\/static.foxbusiness.com\/foxbusiness.com\/content\/uploads\/2018\/03\/1862\/1046\/Audi-ap1.jpg?ve=1&amp;tl=1 2x\"><source media=\"(min-width: 1280px)\" srcset=\"https:\/\/a57.foxnews.com\/static.foxbusiness.com\/foxbusiness.com\/content\/uploads\/2018\/03\/720\/405\/Audi-ap1.jpg?ve=1&amp;tl=1, https:\/\/a57.foxnews.com\/static.foxbusiness.com\/foxbusiness.com\/content\/uploads\/2018\/03\/1440\/810\/Audi-ap1.jpg?ve=1&amp;tl=1 2x\"><img decoding=\"async\" src=\"https:\/\/a57.foxnews.com\/static.foxbusiness.com\/foxbusiness.com\/content\/uploads\/2018\/03\/931\/523\/Audi-ap1.jpg?ve=1&amp;tl=1\" alt=\"Un Audi que se est\u00e1 construyendo en una f\u00e1brica\"\/><\/source><\/source><\/source><\/source><\/picture><\/div>\n<div class=\"caption\">\n<p><span>Audi retir\u00f3 m\u00e1s de 40,000 veh\u00edculos debido a un problema de software que hace que el panel de instrumentos funcione mal y no muestre el veloc\u00edmetro. (Archivo)<\/span><!----><\/p>\n<\/div>\n<\/div>\n<p>Los concesionarios tambi\u00e9n enviar\u00e1n a los propietarios de notificaciones de veh\u00edculos afectados antes del 30 de mayo de 2025.<\/p>\n<p>El fabricante no respondi\u00f3 a la solicitud de comentarios de Fox Business sobre el retiro.<\/p>\n<p><strong><u>Volkswagen trae chatgpt a autos compactos<\/u><\/strong><\/p>\n<div class=\"inline image-ct\">\n<div class=\"m\"><picture><source media=\"(max-width: 767px)\" srcset=\"https:\/\/a57.foxnews.com\/static.foxbusiness.com\/foxbusiness.com\/content\/uploads\/2022\/09\/343\/192\/Audi.jpg?ve=1&amp;tl=1, https:\/\/a57.foxnews.com\/static.foxbusiness.com\/foxbusiness.com\/content\/uploads\/2022\/09\/686\/384\/Audi.jpg?ve=1&amp;tl=1 2x\"><source media=\"(min-width: 768px) and (max-width: 1023px)\" srcset=\"https:\/\/a57.foxnews.com\/static.foxbusiness.com\/foxbusiness.com\/content\/uploads\/2022\/09\/672\/378\/Audi.jpg?ve=1&amp;tl=1, https:\/\/a57.foxnews.com\/static.foxbusiness.com\/foxbusiness.com\/content\/uploads\/2022\/09\/1344\/756\/Audi.jpg?ve=1&amp;tl=1 2x\"><source media=\"(min-width: 1024px) and (max-width: 1279px)\" srcset=\"https:\/\/a57.foxnews.com\/static.foxbusiness.com\/foxbusiness.com\/content\/uploads\/2022\/09\/931\/523\/Audi.jpg?ve=1&amp;tl=1, https:\/\/a57.foxnews.com\/static.foxbusiness.com\/foxbusiness.com\/content\/uploads\/2022\/09\/1862\/1046\/Audi.jpg?ve=1&amp;tl=1 2x\"><source media=\"(min-width: 1280px)\" srcset=\"https:\/\/a57.foxnews.com\/static.foxbusiness.com\/foxbusiness.com\/content\/uploads\/2022\/09\/720\/405\/Audi.jpg?ve=1&amp;tl=1, https:\/\/a57.foxnews.com\/static.foxbusiness.com\/foxbusiness.com\/content\/uploads\/2022\/09\/1440\/810\/Audi.jpg?ve=1&amp;tl=1 2x\"><img decoding=\"async\" src=\"https:\/\/a57.foxnews.com\/static.foxbusiness.com\/foxbusiness.com\/content\/uploads\/2022\/09\/931\/523\/Audi.jpg?ve=1&amp;tl=1\" alt=\"Audi firma\"\/><\/source><\/source><\/source><\/source><\/picture><\/div>\n<div class=\"caption\">\n<p><span>Audi retir\u00f3 m\u00e1s de 40,000 veh\u00edculos debido a un problema de software que hace que el panel de instrumentos funcione mal y no muestre el veloc\u00edmetro.<\/span><span>  (CFOTO\/Publicaci\u00f3n futura a trav\u00e9s de Getty Images)<\/span><\/p>\n<\/div>\n<\/div>\n<p>El a\u00f1o pasado, Volkswagen retir\u00f3 m\u00e1s de 261,000 veh\u00edculos en los Estados Unidos y Canad\u00e1 para abordar un problema con una bomba de chorro de succi\u00f3n dentro de los tanques de combustible que podr\u00edan causar una fuga y representar un peligro potencial de incendio.<\/p>\n<p><strong><u>Obtenga el negocio de Fox sobre la marcha haciendo clic aqu\u00ed<\/u><\/strong><\/p>\n<p>El retiro afect\u00f3 varios modelos fabricados entre 2015 y 2020.<\/p>\n<\/div>\n\n","protected":false},"excerpt":{"rendered":"<p>El panel &#8216;Kudlow&#8217; analiza la orden del presidente Donald Trump de imponer aranceles del 25% a los autom\u00f3viles que no se realizan en los Estados Unidos y m\u00e1s. Se han retirado m\u00e1s de 44,000 veh\u00edculos Audi debido a un problema de software que hace que la pantalla del panel de instrumentos falle y las luces &hellip;<\/p>\n","protected":false},"author":1,"featured_media":22830,"comment_status":"open","ping_status":"open","sticky":false,"template":"","format":"standard","meta":{"fifu_image_url":"https:\/\/a57.foxnews.com\/static.foxbusiness.com\/foxbusiness.com\/content\/uploads\/2024\/02\/0\/0\/Audi-Logo.jpg?ve=1&tl=1","fifu_image_alt":"","footnotes":""},"categories":[3],"tags":[],"class_list":["post-22828","post","type-post","status-publish","format-standard","has-post-thumbnail","","category-negocio"],"_links":{"self":[{"href":"https:\/\/noticiasveraces.com\/index.php?rest_route=\/wp\/v2\/posts\/22828","targetHints":{"allow":["GET"]}}],"collection":[{"href":"https:\/\/noticiasveraces.com\/index.php?rest_route=\/wp\/v2\/posts"}],"about":[{"href":"https:\/\/noticiasveraces.com\/index.php?rest_route=\/wp\/v2\/types\/post"}],"author":[{"embeddable":true,"href":"https:\/\/noticiasveraces.com\/index.php?rest_route=\/wp\/v2\/users\/1"}],"replies":[{"embeddable":true,"href":"https:\/\/noticiasveraces.com\/index.php?rest_route=%2Fwp%2Fv2%2Fcomments&post=22828"}],"version-history":[{"count":0,"href":"https:\/\/noticiasveraces.com\/index.php?rest_route=\/wp\/v2\/posts\/22828\/revisions"}],"wp:featuredmedia":[{"embeddable":true,"href":"https:\/\/noticiasveraces.com\/index.php?rest_route=\/wp\/v2\/media\/22830"}],"wp:attachment":[{"href":"https:\/\/noticiasveraces.com\/index.php?rest_route=%2Fwp%2Fv2%2Fmedia&parent=22828"}],"wp:term":[{"taxonomy":"category","embeddable":true,"href":"https:\/\/noticiasveraces.com\/index.php?rest_route=%2Fwp%2Fv2%2Fcategories&post=22828"},{"taxonomy":"post_tag","embeddable":true,"href":"https:\/\/noticiasveraces.com\/index.php?rest_route=%2Fwp%2Fv2%2Ftags&post=22828"}],"curies":[{"name":"wp","href":"https:\/\/api.w.org\/{rel}","templated":true}]}}