{"id":22824,"date":"2025-04-13T21:08:48","date_gmt":"2025-04-14T01:08:48","guid":{"rendered":"https:\/\/noticiasveraces.com\/?p=22824"},"modified":"2025-04-13T21:08:48","modified_gmt":"2025-04-14T01:08:48","slug":"la-dificil-busqueda-de-los-ultimos-criminales-nazis-vivos-dw-13-04-2025","status":"publish","type":"post","link":"https:\/\/noticiasveraces.com\/?p=22824","title":{"rendered":"La dif\u00edcil b\u00fasqueda de los \u00faltimos criminales nazis vivos \u2013 DW \u2013 13\/04\/2025"},"content":{"rendered":"<p> \n<\/p>\n<div>\n<p>Klaus Barbie, jefe de la Gestapo en Lyon entre 1942 y 1944, m\u00e1s conocido como el \u00abCarnicero de Lyon\u00bb\u00a0por su crueldad. O Kurt Lischka y Herbert Hagen, responsables de la deportaci\u00f3n de 76.000 jud\u00edos de Francia a los campos de exterminio, incluidos 11.400 ni\u00f1os. Estos son s\u00f3lo tres de los muchos criminales de guerra y colaboradores que fueron perseguidos y posteriormente condenados por los conocidos cazadores de\u00a0nazis\u00a0Serge y Beate Klarsfeld. Y que, gracias a eso, no pudieron disfrutar de una tranquila jubilaci\u00f3n, a diferencia de tantos otros nazis que vivieron una vejez sin ser molestados, a pesar de sus atrocidades pasadas.<\/p>\n<p>Serge Klarsfeld, sobrerviviente del Holocausto y abogado, escribi\u00f3 a DW en respuesta a nuestras preguntas: \u00abS\u00f3lo persegu\u00edamos a los criminales que hab\u00edan tomado decisiones sobre el destino de las masas jud\u00edas. S\u00f3lo persegu\u00edamos a los l\u00edderes de la &#8216;soluci\u00f3n final&#8217;. Nuestra b\u00fasqueda y participaci\u00f3n en el arresto de Barbie, tras 12 a\u00f1os de lucha, de 1971 a 1983, nos vali\u00f3 un gran reconocimiento en Francia\u00bb.<\/p>\n<p>Incluso en Alemania, que durante d\u00e9cadas hab\u00eda limitado la b\u00fasqueda de los autores del Holocausto a s\u00f3lo unas pocas figuras destacadas, el espectacular descubrimiento de Barbie\u00a0en Bolivia, donde incluso trabaj\u00f3 como esp\u00eda, caus\u00f3 conmoci\u00f3n y obtuvo gran aplauso. Los Klarsfeld, que recibieron en 2015 la Cruz Federal al M\u00e9rito por su compromiso, hicieron de la caza de nazis su tarea vital.<\/p>\n<figure class=\"placeholder-image master_landscape big\"><img data-format=\"MASTER_LANDSCAPE\" data-id=\"69197424\" data-url=\"https:\/\/static.dw.com\/image\/69197424_${formatId}.jpg\" data-aspect-ratio=\"16\/9\" alt=\"El presidente franc\u00e9s Emmanuel Macron (derecha) aplaude tras condecorar a Beate Klarsfeld (izquierda) y a Serge Klarsfeld (a su lado) con la m\u00e1s alta Orden del M\u00e9rito de Francia en la embajada francesa en Berl\u00edn, Alemania (27.05.2024)\" style=\"padding-bottom: 56.25%; height: 0; max-height: 0;\"\/><figcaption class=\"img-caption\">El presidente franc\u00e9s Emmanuel Macron (derecha) aplaude tras condecorar a Beate Klarsfeld (izquierda) y a Serge Klarsfeld (a su lado) con la m\u00e1s alta Orden del M\u00e9rito de Francia en la embajada francesa en Berl\u00edn, Alemania (27.05.2024)<small class=\"copyright\">Imagen: Kay Nietfeld\/AP\/Picture Alliance <\/small><\/figcaption><\/figure>\n<p>Con ello se sentaron las bases para una decisi\u00f3n hist\u00f3rica que el Bundestag tom\u00f3 el 3 de julio de 1979: despu\u00e9s de casi 20 a\u00f1os de debates sobre los procesamientos\u00a0por\u00a0los cr\u00edmenes nazis, el Parlamento alem\u00e1n decidi\u00f3 que el asesinato y el genocidio ya no deb\u00edan estar sujetos a prescripci\u00f3n.<\/p>\n<p>\u00abSi los alemanes hubieran aprobado la ley de 1979 en 1954, los casos de miles de criminales nazis habr\u00edan sido examinados por la fiscal\u00eda y, en \u00faltima instancia, por los tribunales. Pero muchos jueces eran miembros del Partido Nazi y habr\u00edan sido indulgentes con ellos\u00bb, explica Klarsfeld.<\/p>\n<h2>Antigua secretaria de un campo de concentraci\u00f3n como s\u00edmbolo<\/h2>\n<p>En los \u00faltimos tiempos, tambi\u00e9n esperaban clemencia muchos peque\u00f1os engranajes de la maquinaria asesina nazi. Como Irmgard Furchner, fallecida en enero a los 99 a\u00f1os. La antigua secretaria del campo de concentraci\u00f3n de Stutthof fue declarada en 2022 culpable de complicidad en m\u00e1s de 10.000 casos. El proceso fue iniciado por el fiscal general Thomas Will, quien durante cinco a\u00f1os dirigi\u00f3 la Oficina Central de las Administraciones de Justicia del Estado para la Investigaci\u00f3n de Cr\u00edmenes Nacionalsocialistas en Ludwigsburg.<\/p>\n<p>El propio Will explica en declaraciones a DW: \u00abNuestra misi\u00f3n sigue siendo encontrar a las personas que deber\u00edan ser juzgadas. Seguimos investigando los campos de concentraci\u00f3n. En cada uno, a\u00fan hay numerosas personas que podr\u00edan estar vivas y que a\u00fan no hemos podido localizar\u00bb. Sin embargo, s\u00f3lo unas pocas cohortes de edad son a\u00fan susceptibles de ser procesadas. \u00abSiendo realistas, s\u00f3lo se tienen en cuenta los nacidos en los a\u00f1os 1925, 1927 y 1928\u00bb, explica.<\/p>\n<p><span data-slot-id=\"Article_InContent-1\" class=\"rich-text-ad\"\/><\/p>\n<h2>La dif\u00edcil b\u00fasqueda de los \u00faltimos nazis vivos<\/h2>\n<p>Un antiguo guardia del campo de concentraci\u00f3n de Sachsenhausen, que ya tiene m\u00e1s de 100 a\u00f1os, est\u00e1 acusado ante el Tribunal Regional de Hanau de complicidad en asesinatos en m\u00e1s de 3.300 casos. Seguir la pista a estos perpetradores nazis casi 80 a\u00f1os despu\u00e9s del final de la guerra es una tarea herc\u00falea para Will y su equipo. Es m\u00e1s bien la excepci\u00f3n que la regla que se disponga de los datos personales completos, incluidos el lugar y la fecha de nacimiento. Y cuantos menos datos, menos probabilidades hay de \u00e9xito. \u00abPor ejemplo, localizar a un tal Karl M\u00fcller sin tener ninguna informaci\u00f3n adicional es una cosa imposible\u00bb, afirma Will.<\/p>\n<figure class=\"placeholder-image master_landscape big\"><img data-format=\"MASTER_LANDSCAPE\" data-id=\"72212721\" data-url=\"https:\/\/static.dw.com\/image\/72212721_${formatId}.jpg\" data-aspect-ratio=\"16\/9\" alt=\"&quot;Reflexionar sobre estos procesos y debatirlos fue y sigue siendo importante hoy en d\u00eda&quot;afirma Thomas Will, quien dirige la autoridad alemana encargada de investigar los cr\u00edmenes nazis\" style=\"padding-bottom: 56.25%; height: 0; max-height: 0;\"\/><figcaption class=\"img-caption\">\u00abReflexionar sobre estos procesos y debatirlos fue y sigue siendo importante hoy en d\u00eda\u00bb, afirma Thomas Will, quien dirige la autoridad alemana encargada de investigar los cr\u00edmenes nazis<small class=\"copyright\">Im\u00e1genes: Oficina Central de las Administraciones de Justicia del Estado para investigar cr\u00edmenes nacionales socialistas en Ludwigsburg<\/small><\/figcaption><\/figure>\n<p>Desde que la Oficina Central de Investigaci\u00f3n de los Cr\u00edmenes Nazis inici\u00f3 su trabajo el 1 de diciembre de 1958\u00a0se han recopilado 1,78 millones de fichas con informaci\u00f3n sobre personas, escenas del crimen y delitos. En Alemania se iniciaron casi 19.000 procedimientos ante la fiscal\u00eda y los tribunales. La b\u00fasqueda no se lleva a cabo s\u00f3lo aqu\u00ed, sino en todo el mundo, con ayuda del sistema de informaci\u00f3n de Schengen y de Interpol, ya que muchos perpetradores nazis emigraron.<\/p>\n<h2>La persecuci\u00f3n penal no termina porque el asesinato no prescribe<\/h2>\n<p>Pero \u00bfqu\u00e9 sentido tiene todav\u00eda llevar a los tribunales a hombres y mujeres centenarios, a menudo declarados no aptos para ser interrogados? A Thomas Will le hacen a menudo esta pregunta y tiene una respuesta clara: \u00abEl veredicto de culpabilidad por s\u00ed s\u00f3lo es muy importante porque establece la responsabilidad penal y la culpabilidad, incluso auque llegue tarde. Lo importante que esto resulta para los familiares de las v\u00edctimas no puede ser nunca valorado lo suficiente\u00bb.<\/p>\n<p>Will tambi\u00e9n critica el hecho de que desde el final de la Segunda Guerra Mundial hace 80 a\u00f1os ha habido en Alemania muy pocas condenas contra los autores de los cr\u00edmenes nazis. Una de las razones de ello fue una ley penal general que no estaba dise\u00f1ada para perseguir cr\u00edmenes masivos ordenados desde el Estado. Adem\u00e1s, la actitud b\u00e1sica inicialmente fue que por un lado estaban los principales autores de todo, y por el otro lado estaban los c\u00f3mplices enga\u00f1ados por el nacionalsocialismo.<\/p>\n<p>\u00abLas condiciones sociales tuvieron primero que cambiar. Pero no cabe duda de que incluso entonces, pudo y debi\u00f3 haber habido m\u00e1s condenas. Por lo tanto, tambi\u00e9n es importante comprender la labor de la Oficina Central y los numerosos documentos creados desde entonces como testimonio de c\u00f3mo la sociedad de la posguerra ha lidiado con su pasado nazi\u00bb, concluye Will.<\/p>\n<p>(LGC\/RR)<\/p>\n<\/div>\n\n","protected":false},"excerpt":{"rendered":"<p>Klaus Barbie, jefe de la Gestapo en Lyon entre 1942 y 1944, m\u00e1s conocido como el \u00abCarnicero de Lyon\u00bb\u00a0por su crueldad. O Kurt Lischka y Herbert Hagen, responsables de la deportaci\u00f3n de 76.000 jud\u00edos de Francia a los campos de exterminio, incluidos 11.400 ni\u00f1os. Estos son s\u00f3lo tres de los muchos criminales de guerra y &hellip;<\/p>\n","protected":false},"author":1,"featured_media":22825,"comment_status":"open","ping_status":"open","sticky":false,"template":"","format":"standard","meta":{"fifu_image_url":"https:\/\/static.dw.com\/image\/69992605_6.jpg","fifu_image_alt":"","footnotes":""},"categories":[13],"tags":[],"class_list":["post-22824","post","type-post","status-publish","format-standard","has-post-thumbnail","","category-mundo"],"_links":{"self":[{"href":"https:\/\/noticiasveraces.com\/index.php?rest_route=\/wp\/v2\/posts\/22824","targetHints":{"allow":["GET"]}}],"collection":[{"href":"https:\/\/noticiasveraces.com\/index.php?rest_route=\/wp\/v2\/posts"}],"about":[{"href":"https:\/\/noticiasveraces.com\/index.php?rest_route=\/wp\/v2\/types\/post"}],"author":[{"embeddable":true,"href":"https:\/\/noticiasveraces.com\/index.php?rest_route=\/wp\/v2\/users\/1"}],"replies":[{"embeddable":true,"href":"https:\/\/noticiasveraces.com\/index.php?rest_route=%2Fwp%2Fv2%2Fcomments&post=22824"}],"version-history":[{"count":0,"href":"https:\/\/noticiasveraces.com\/index.php?rest_route=\/wp\/v2\/posts\/22824\/revisions"}],"wp:featuredmedia":[{"embeddable":true,"href":"https:\/\/noticiasveraces.com\/index.php?rest_route=\/wp\/v2\/media\/22825"}],"wp:attachment":[{"href":"https:\/\/noticiasveraces.com\/index.php?rest_route=%2Fwp%2Fv2%2Fmedia&parent=22824"}],"wp:term":[{"taxonomy":"category","embeddable":true,"href":"https:\/\/noticiasveraces.com\/index.php?rest_route=%2Fwp%2Fv2%2Fcategories&post=22824"},{"taxonomy":"post_tag","embeddable":true,"href":"https:\/\/noticiasveraces.com\/index.php?rest_route=%2Fwp%2Fv2%2Ftags&post=22824"}],"curies":[{"name":"wp","href":"https:\/\/api.w.org\/{rel}","templated":true}]}}