{"id":22804,"date":"2025-04-13T19:02:42","date_gmt":"2025-04-13T23:02:42","guid":{"rendered":"https:\/\/noticiasveraces.com\/?p=22804"},"modified":"2025-04-13T19:02:42","modified_gmt":"2025-04-13T23:02:42","slug":"el-misionero-estadounidense-robert-vieira-liberado-despues-de-ser-detenido-en-tunez-informe","status":"publish","type":"post","link":"https:\/\/noticiasveraces.com\/?p=22804","title":{"rendered":"El misionero estadounidense Robert Vieira liberado despu\u00e9s de ser detenido en T\u00fanez: Informe"},"content":{"rendered":"<p> \n<\/p>\n<div>\n<p class=\"speakable\">Un misionero estadounidense que fue detenido en T\u00fanez durante m\u00e1s de un a\u00f1o fue lanzado el domingo.<\/p>\n<p class=\"speakable\">Los funcionarios obtuvieron el lanzamiento del ciudadano estadounidense Robert Vieira el domingo por la tarde, seg\u00fan un informe de Reuters que cita el enviado especial de los Estados Unidos Adam Boehler.<\/p>\n<p>Boehler le dijo a The Outlet que Vieira estaba haciendo trabajo misionero cuando fue detenido por las autoridades tunecinas hace 13 meses.<\/p>\n<p>Seg\u00fan los informes, los funcionarios sospechan de Vieira de espionaje.<\/p>\n<p><strong>19 cuerpos se recuperaron de la costa de T\u00fanez despu\u00e9s de que los migrantes intentaron cruzar el Mediterr\u00e1neo a Europa<\/strong><\/p>\n<div class=\"image-ct inline\">\n<div class=\"m\"><picture><source media=\"(max-width: 767px)\" srcset=\"https:\/\/a57.foxnews.com\/static.foxnews.com\/foxnews.com\/content\/uploads\/2025\/04\/343\/192\/tunisia-flag.jpg?ve=1&amp;tl=1, https:\/\/a57.foxnews.com\/static.foxnews.com\/foxnews.com\/content\/uploads\/2025\/04\/686\/384\/tunisia-flag.jpg?ve=1&amp;tl=1 2x\" height=\"192\" width=\"343\"><source media=\"(min-width: 768px) and (max-width: 1023px)\" srcset=\"https:\/\/a57.foxnews.com\/static.foxnews.com\/foxnews.com\/content\/uploads\/2025\/04\/672\/378\/tunisia-flag.jpg?ve=1&amp;tl=1, https:\/\/a57.foxnews.com\/static.foxnews.com\/foxnews.com\/content\/uploads\/2025\/04\/1344\/756\/tunisia-flag.jpg?ve=1&amp;tl=1 2x\" height=\"378\" width=\"672\"><source media=\"(min-width: 1024px) and (max-width: 1279px)\" srcset=\"https:\/\/a57.foxnews.com\/static.foxnews.com\/foxnews.com\/content\/uploads\/2025\/04\/931\/523\/tunisia-flag.jpg?ve=1&amp;tl=1, https:\/\/a57.foxnews.com\/static.foxnews.com\/foxnews.com\/content\/uploads\/2025\/04\/1862\/1046\/tunisia-flag.jpg?ve=1&amp;tl=1 2x\" height=\"523\" width=\"931\"><source media=\"(min-width: 1280px)\" srcset=\"https:\/\/a57.foxnews.com\/static.foxnews.com\/foxnews.com\/content\/uploads\/2025\/04\/720\/405\/tunisia-flag.jpg?ve=1&amp;tl=1, https:\/\/a57.foxnews.com\/static.foxnews.com\/foxnews.com\/content\/uploads\/2025\/04\/1440\/810\/tunisia-flag.jpg?ve=1&amp;tl=1 2x\" height=\"405\" width=\"720\"><img loading=\"lazy\" decoding=\"async\" src=\"https:\/\/a57.foxnews.com\/static.foxnews.com\/foxnews.com\/content\/uploads\/2025\/04\/1200\/675\/tunisia-flag.jpg?ve=1&amp;tl=1\" alt=\"Bandera tunecina\" width=\"1200\" height=\"675\"\/><\/source><\/source><\/source><\/source><\/picture><\/div>\n<div class=\"info\">\n<div class=\"caption\">\n<p><span>La administraci\u00f3n Trump recientemente asegur\u00f3 la liberaci\u00f3n de un ciudadano estadounidense detenido en T\u00fanez, seg\u00fan Reuters.<\/span> <span>(Istock)<\/span><\/p>\n<\/div>\n<\/div>\n<\/div>\n<p>T\u00fanez, un pa\u00eds del norte de \u00c1frica bordeado por Argelia y Libia, fue susceptible de liberaci\u00f3n de Vieira despu\u00e9s de que Boehler trabaj\u00f3 estrechamente con su ministro de Relaciones Exteriores, Mohamed Ali Nafti.<\/p>\n<p>Despu\u00e9s de ser liberado el domingo, Vieira vol\u00f3 de regreso a los Estados Unidos junto a su familia.<\/p>\n<p><strong>La oposici\u00f3n tunecina se niega a participar en las elecciones a menos que los prisioneros pol\u00edticos liberen<\/strong><\/p>\n<div class=\"image-ct inline\">\n<div class=\"m\"><picture><source media=\"(max-width: 767px)\" srcset=\"https:\/\/a57.foxnews.com\/static.foxnews.com\/foxnews.com\/content\/uploads\/2025\/04\/343\/192\/mohamed-ali-nafti.jpg?ve=1&amp;tl=1, https:\/\/a57.foxnews.com\/static.foxnews.com\/foxnews.com\/content\/uploads\/2025\/04\/686\/384\/mohamed-ali-nafti.jpg?ve=1&amp;tl=1 2x\" height=\"192\" width=\"343\"><source media=\"(min-width: 768px) and (max-width: 1023px)\" srcset=\"https:\/\/a57.foxnews.com\/static.foxnews.com\/foxnews.com\/content\/uploads\/2025\/04\/672\/378\/mohamed-ali-nafti.jpg?ve=1&amp;tl=1, https:\/\/a57.foxnews.com\/static.foxnews.com\/foxnews.com\/content\/uploads\/2025\/04\/1344\/756\/mohamed-ali-nafti.jpg?ve=1&amp;tl=1 2x\" height=\"378\" width=\"672\"><source media=\"(min-width: 1024px) and (max-width: 1279px)\" srcset=\"https:\/\/a57.foxnews.com\/static.foxnews.com\/foxnews.com\/content\/uploads\/2025\/04\/931\/523\/mohamed-ali-nafti.jpg?ve=1&amp;tl=1, https:\/\/a57.foxnews.com\/static.foxnews.com\/foxnews.com\/content\/uploads\/2025\/04\/1862\/1046\/mohamed-ali-nafti.jpg?ve=1&amp;tl=1 2x\" height=\"523\" width=\"931\"><source media=\"(min-width: 1280px)\" srcset=\"https:\/\/a57.foxnews.com\/static.foxnews.com\/foxnews.com\/content\/uploads\/2025\/04\/720\/405\/mohamed-ali-nafti.jpg?ve=1&amp;tl=1, https:\/\/a57.foxnews.com\/static.foxnews.com\/foxnews.com\/content\/uploads\/2025\/04\/1440\/810\/mohamed-ali-nafti.jpg?ve=1&amp;tl=1 2x\" height=\"405\" width=\"720\"><img loading=\"lazy\" decoding=\"async\" src=\"https:\/\/a57.foxnews.com\/static.foxnews.com\/foxnews.com\/content\/uploads\/2025\/04\/1200\/675\/mohamed-ali-nafti.jpg?ve=1&amp;tl=1\" alt=\"Mohamed Ali Nafti al lado de una bandera tunecina\" width=\"1200\" height=\"675\"\/><\/source><\/source><\/source><\/source><\/picture><\/div>\n<div class=\"info\">\n<div class=\"caption\">\n<p><span>El ministro de Relaciones Exteriores tunecinos, Mohamed Ali Nafti, trabaj\u00f3 con funcionarios estadounidenses en el lanzamiento de Vieira.<\/span> <span>(Khaled Desouki\/AFP a trav\u00e9s de Getty Images)<\/span><\/p>\n<\/div>\n<\/div>\n<\/div>\n<p>\u00abApreciamos la decisi\u00f3n del Gobierno de T\u00fanez de resolver este caso y permitir que el Sr. Vieira se re\u00fana con su familia despu\u00e9s de m\u00e1s de 13 meses de detenci\u00f3n previa al juicio\u00bb, dijo Boehler.<\/p>\n<p>Boehler acredit\u00f3 su colaboraci\u00f3n con Nafti por asegurar el lanzamiento del detenido.<\/p>\n<div class=\"image-ct inline\">\n<div class=\"m\"><picture><source media=\"(max-width: 767px)\" srcset=\"https:\/\/a57.foxnews.com\/static.foxnews.com\/foxnews.com\/content\/uploads\/2025\/04\/343\/192\/tunis.jpg?ve=1&amp;tl=1, https:\/\/a57.foxnews.com\/static.foxnews.com\/foxnews.com\/content\/uploads\/2025\/04\/686\/384\/tunis.jpg?ve=1&amp;tl=1 2x\" height=\"192\" width=\"343\"><source media=\"(min-width: 768px) and (max-width: 1023px)\" srcset=\"https:\/\/a57.foxnews.com\/static.foxnews.com\/foxnews.com\/content\/uploads\/2025\/04\/672\/378\/tunis.jpg?ve=1&amp;tl=1, https:\/\/a57.foxnews.com\/static.foxnews.com\/foxnews.com\/content\/uploads\/2025\/04\/1344\/756\/tunis.jpg?ve=1&amp;tl=1 2x\" height=\"378\" width=\"672\"><source media=\"(min-width: 1024px) and (max-width: 1279px)\" srcset=\"https:\/\/a57.foxnews.com\/static.foxnews.com\/foxnews.com\/content\/uploads\/2025\/04\/931\/523\/tunis.jpg?ve=1&amp;tl=1, https:\/\/a57.foxnews.com\/static.foxnews.com\/foxnews.com\/content\/uploads\/2025\/04\/1862\/1046\/tunis.jpg?ve=1&amp;tl=1 2x\" height=\"523\" width=\"931\"><source media=\"(min-width: 1280px)\" srcset=\"https:\/\/a57.foxnews.com\/static.foxnews.com\/foxnews.com\/content\/uploads\/2025\/04\/720\/405\/tunis.jpg?ve=1&amp;tl=1, https:\/\/a57.foxnews.com\/static.foxnews.com\/foxnews.com\/content\/uploads\/2025\/04\/1440\/810\/tunis.jpg?ve=1&amp;tl=1 2x\" height=\"405\" width=\"720\"><img loading=\"lazy\" decoding=\"async\" src=\"https:\/\/a57.foxnews.com\/static.foxnews.com\/foxnews.com\/content\/uploads\/2025\/04\/1200\/675\/tunis.jpg?ve=1&amp;tl=1\" alt=\"T\u00fanez, T\u00fanez\" width=\"1200\" height=\"675\"\/><\/source><\/source><\/source><\/source><\/picture><\/div>\n<div class=\"info\">\n<div class=\"caption\">\n<p><span>T\u00fanez es un pa\u00eds del norte de \u00c1frica bordeado por Argelia y Libia. Vieira fue detenida en T\u00fanez durante m\u00e1s de un a\u00f1o.<\/span> <span>(Istock)<\/span><\/p>\n<\/div>\n<\/div>\n<\/div>\n<p><strong><u>Haga clic aqu\u00ed para obtener la aplicaci\u00f3n Fox News<\/u><\/strong><\/p>\n<p>Fox News Digital contact\u00f3 al Departamento de Estado para obtener comentarios adicionales, pero no recibi\u00f3 respuesta de inmediato.<\/p>\n<p><i>Reuters contribuy\u00f3 a este informe.<\/i><\/p>\n<p> <!----> <\/div>\n\n","protected":false},"excerpt":{"rendered":"<p>Un misionero estadounidense que fue detenido en T\u00fanez durante m\u00e1s de un a\u00f1o fue lanzado el domingo. Los funcionarios obtuvieron el lanzamiento del ciudadano estadounidense Robert Vieira el domingo por la tarde, seg\u00fan un informe de Reuters que cita el enviado especial de los Estados Unidos Adam Boehler. Boehler le dijo a The Outlet que &hellip;<\/p>\n","protected":false},"author":1,"featured_media":22806,"comment_status":"open","ping_status":"open","sticky":false,"template":"","format":"standard","meta":{"fifu_image_url":"https:\/\/static.foxnews.com\/foxnews.com\/content\/uploads\/2025\/04\/tunisia-flag.jpg","fifu_image_alt":"","footnotes":""},"categories":[13],"tags":[],"class_list":["post-22804","post","type-post","status-publish","format-standard","has-post-thumbnail","","category-mundo"],"_links":{"self":[{"href":"https:\/\/noticiasveraces.com\/index.php?rest_route=\/wp\/v2\/posts\/22804","targetHints":{"allow":["GET"]}}],"collection":[{"href":"https:\/\/noticiasveraces.com\/index.php?rest_route=\/wp\/v2\/posts"}],"about":[{"href":"https:\/\/noticiasveraces.com\/index.php?rest_route=\/wp\/v2\/types\/post"}],"author":[{"embeddable":true,"href":"https:\/\/noticiasveraces.com\/index.php?rest_route=\/wp\/v2\/users\/1"}],"replies":[{"embeddable":true,"href":"https:\/\/noticiasveraces.com\/index.php?rest_route=%2Fwp%2Fv2%2Fcomments&post=22804"}],"version-history":[{"count":0,"href":"https:\/\/noticiasveraces.com\/index.php?rest_route=\/wp\/v2\/posts\/22804\/revisions"}],"wp:featuredmedia":[{"embeddable":true,"href":"https:\/\/noticiasveraces.com\/index.php?rest_route=\/wp\/v2\/media\/22806"}],"wp:attachment":[{"href":"https:\/\/noticiasveraces.com\/index.php?rest_route=%2Fwp%2Fv2%2Fmedia&parent=22804"}],"wp:term":[{"taxonomy":"category","embeddable":true,"href":"https:\/\/noticiasveraces.com\/index.php?rest_route=%2Fwp%2Fv2%2Fcategories&post=22804"},{"taxonomy":"post_tag","embeddable":true,"href":"https:\/\/noticiasveraces.com\/index.php?rest_route=%2Fwp%2Fv2%2Ftags&post=22804"}],"curies":[{"name":"wp","href":"https:\/\/api.w.org\/{rel}","templated":true}]}}