{"id":22799,"date":"2025-04-13T16:56:55","date_gmt":"2025-04-13T20:56:55","guid":{"rendered":"https:\/\/noticiasveraces.com\/?p=22799"},"modified":"2025-04-13T16:56:55","modified_gmt":"2025-04-13T20:56:55","slug":"papa-francisco-inaugura-semana-santa-con-saludo-presencial-dw-13-04-2025","status":"publish","type":"post","link":"https:\/\/noticiasveraces.com\/?p=22799","title":{"rendered":"Papa Francisco inaugura Semana Santa con saludo presencial \u2013 DW \u2013 13\/04\/2025"},"content":{"rendered":"<p> \n<\/p>\n<div>\n<p>El papa Francisco, convaleciente tras una grave neumon\u00eda bilateral, apareci\u00f3 este domingo (13.04.2025) por sorpresa en la plaza de San Pedro del Vaticano, donde salud\u00f3 a los fieles y religiosos durante la misa del Domingo de Ramos.<\/p>\n<p>El pont\u00edfice argentino de 88 a\u00f1os apareci\u00f3 sentado en su silla de ruedas con un aspecto bastante saludable, sin c\u00e1nulas nasales para el ox\u00edgeno.<\/p>\n<p>En su breve aparici\u00f3n, dio la vuelta a la plaza y estrech\u00f3 las manos de los fieles. Tambi\u00e9n reparti\u00f3 dulces a los ni\u00f1os, antes de desear un \u00abfeliz Domingo de Ramos, feliz Semana Santa\u00bb desde el altar situado frente a la bas\u00edlica de San Pedro.<\/p>\n<p>Francisco ha realizado una serie de apariciones sorpresa en los \u00faltimos d\u00edas. La primera fue el domingo pasado frente a la bas\u00edlica de San Pedro, y el mi\u00e9rcoles recibi\u00f3 al rey Carlos III de Inglaterra y a la reina Camila en una audiencia privada.<\/p>\n<figure class=\"placeholder-image master_landscape big\"><img data-format=\"MASTER_LANDSCAPE\" data-id=\"72232200\" data-url=\"https:\/\/static.dw.com\/image\/72232200_${formatId}.jpg\" data-aspect-ratio=\"16\/9\" alt=\"Fieles y seguidores se re\u00fanen cuando el papa Francisco aparece inesperadamente durante la misa del Domingo de Ramos en la plaza de San Pedro, en el Vaticano (13.04.2025)\" style=\"padding-bottom: 56.25%; height: 0; max-height: 0;\"\/><figcaption class=\"img-caption\">Fieles y seguidores se re\u00fanen cuando el papa Francisco aparece inesperadamente durante la misa del Domingo de Ramos en la plaza de San Pedro, en el Vaticano (13.04.2025)<small class=\"copyright\">Imagen: Simone Risoluti\/Vatican Media\/REUTERS<\/small><\/figcaption><\/figure>\n<p>El jueves, visit\u00f3 la bas\u00edlica de San Pedro para ver las obras de renovaci\u00f3n y presentar sus respetos ante la tumba de P\u00edo X,\u00a0 y salud\u00f3 a los fieles y restauradores por el camino. El s\u00e1bado, rez\u00f3 en la bas\u00edlica de Santa Mar\u00eda la Mayor, su bas\u00edlica preferida.<\/p>\n<p>En su oraci\u00f3n dominical del \u00c1ngelus, transmitida este domingo por el Vaticano, el papa agradeci\u00f3 a los fieles por sus oraciones y pidi\u00f3 la paz en el mundo, con un pensamiento especial para las v\u00edctimas del derrumbe de la discoteca Jet Set en Santo Domingo, Rep\u00fablica Dominicana.<\/p>\n<p>En convalecencia desde su regreso al Vaticano el 23 de marzo, sigue debilitado tras la neumon\u00eda que puso en peligro su vida y ha reducido dr\u00e1sticamente sus actividades. Los m\u00e9dicos le recomendaron reposo por dos meses.<\/p>\n<p>RR (AFP\/AP)<\/p>\n<\/div>\n\n","protected":false},"excerpt":{"rendered":"<p>El papa Francisco, convaleciente tras una grave neumon\u00eda bilateral, apareci\u00f3 este domingo (13.04.2025) por sorpresa en la plaza de San Pedro del Vaticano, donde salud\u00f3 a los fieles y religiosos durante la misa del Domingo de Ramos. El pont\u00edfice argentino de 88 a\u00f1os apareci\u00f3 sentado en su silla de ruedas con un aspecto bastante saludable, &hellip;<\/p>\n","protected":false},"author":1,"featured_media":22800,"comment_status":"open","ping_status":"open","sticky":false,"template":"","format":"standard","meta":{"fifu_image_url":"https:\/\/static.dw.com\/image\/72232279_6.jpg","fifu_image_alt":"","footnotes":""},"categories":[13],"tags":[],"class_list":["post-22799","post","type-post","status-publish","format-standard","has-post-thumbnail","","category-mundo"],"_links":{"self":[{"href":"https:\/\/noticiasveraces.com\/index.php?rest_route=\/wp\/v2\/posts\/22799","targetHints":{"allow":["GET"]}}],"collection":[{"href":"https:\/\/noticiasveraces.com\/index.php?rest_route=\/wp\/v2\/posts"}],"about":[{"href":"https:\/\/noticiasveraces.com\/index.php?rest_route=\/wp\/v2\/types\/post"}],"author":[{"embeddable":true,"href":"https:\/\/noticiasveraces.com\/index.php?rest_route=\/wp\/v2\/users\/1"}],"replies":[{"embeddable":true,"href":"https:\/\/noticiasveraces.com\/index.php?rest_route=%2Fwp%2Fv2%2Fcomments&post=22799"}],"version-history":[{"count":0,"href":"https:\/\/noticiasveraces.com\/index.php?rest_route=\/wp\/v2\/posts\/22799\/revisions"}],"wp:featuredmedia":[{"embeddable":true,"href":"https:\/\/noticiasveraces.com\/index.php?rest_route=\/wp\/v2\/media\/22800"}],"wp:attachment":[{"href":"https:\/\/noticiasveraces.com\/index.php?rest_route=%2Fwp%2Fv2%2Fmedia&parent=22799"}],"wp:term":[{"taxonomy":"category","embeddable":true,"href":"https:\/\/noticiasveraces.com\/index.php?rest_route=%2Fwp%2Fv2%2Fcategories&post=22799"},{"taxonomy":"post_tag","embeddable":true,"href":"https:\/\/noticiasveraces.com\/index.php?rest_route=%2Fwp%2Fv2%2Ftags&post=22799"}],"curies":[{"name":"wp","href":"https:\/\/api.w.org\/{rel}","templated":true}]}}