{"id":22779,"date":"2025-04-13T13:53:19","date_gmt":"2025-04-13T17:53:19","guid":{"rendered":"https:\/\/noticiasveraces.com\/?p=22779"},"modified":"2025-04-13T13:53:19","modified_gmt":"2025-04-13T17:53:19","slug":"olaf-scholz-condena-el-ataque-ruso-contra-sumi-dw-13-04-2025","status":"publish","type":"post","link":"https:\/\/noticiasveraces.com\/?p=22779","title":{"rendered":"Olaf Scholz condena el ataque Ruso contra Sumi &#8211; DW &#8211; 13\/04\/2025"},"content":{"rendered":"<p> \n<\/p>\n<div>\n<p>El canciller alem\u00e1n en funciones, Olaf Scholz, conden\u00f3 este domingo (13.04.2025) el ataque ruso contra el centro de la ciudad ucraniana de Sumi en el que fallecieron m\u00e1s de treinta personas en pleno Domingo de Ramos e insisti\u00f3 en que Rusia aceptar finalmente un alto el fuego total. \u00abLas im\u00e1genes del centro de Sumi, donde misiles rusos mataron a civiles inocentes el Domingo de Ramos, son terribles\u00bb, se\u00f1al\u00f3 Scholz en declaraciones difundidas por el Gobierno.<\/p>\n<p>Scholz se\u00f1al\u00f3 que Alemania condena este brutal ataque con la mayor firmeza posible. \u00abEstos ataques rusos demuestran el alcance de la supuesta voluntad de Rusia de alcanzar la paz\u00bb, dijo, ya que el Kremlin \u00abcontin\u00faa implacablemente su guerra de agresi\u00f3n contra Ucrania\u00bb. \u00abEsta guerra debe terminar y Rusia debe aceptar finalmente un alto el fuego integral\u00bb, indic\u00f3 el canciller alem\u00e1n en funciones.<\/p>\n<h2>Condenas desde otros pa\u00edses de la UE<\/h2>\n<p>El presidente franc\u00e9s, Emmanuel Macron, dijo que hay que obligar a Rusia a aceptar un alto el fuego. \u00abTodo el mundo lo sabe: esta guerra fue iniciada \u00fanicamente por Rusia\u00bb, escribi\u00f3 Macron en X. \u00abSe necesitan medidas fuertes para imponer un alto el fuego a Rusia\u00bb, continu\u00f3 el dirigente de centroderecha.<\/p>\n<p>\u00abEn el d\u00eda santo del Domingo de Ramos tuvo lugar otro horrible y cobarde ataque ruso en Sumi, que una vez m\u00e1s se cobr\u00f3 v\u00edctimas civiles inocentes, entre las que desgraciadamente hab\u00eda ni\u00f1os\u00bb, indic\u00f3 por su parte la primera ministra italiana, Giorgia Meloni, en un comunicado. En t\u00e9rminos similares se expres\u00f3 el ministro espa\u00f1ol de Exteriores, Jos\u00e9 Manuel Albares.<\/p>\n<blockquote class=\"tweet embed\" data-id=\"1911386342614802855\"\/>\n<h2>Protestas desde Bruselas: la UE exige \u00abrendici\u00f3n de cuentas\u00bb<\/h2>\n<p>La presidenta de la Comisi\u00f3n Europea, Ursula von der Leyen, protest\u00f3 tambi\u00e9n en las redes sociales por el ataque y record\u00f3 que la guerra en Ucrania \u00abperdura s\u00f3lo porque Rusia as\u00ed lo decide\u00bb. \u00abUn ataque b\u00e1rbaro, que se volvi\u00f3 a\u00fan m\u00e1s vil cuando la gente se reuni\u00f3 pac\u00edficamente para celebrar el Domingo de Ramos\u00bb, dijo Von der Leyen. Y subray\u00f3 que \u00abse necesitan urgentemente medidas en\u00e9rgicas para hacer cumplir un alto el fuego\u00bb.<\/p>\n<p>En el mismo sentido se expres\u00f3 la alta representante de la Uni\u00f3n Europea para Asuntos Exteriores, Kaja Kallas, para quien el bombardeo ruso es un \u00abhorrible ejemplo\u00bb de c\u00f3mo Rusia intensifica sus ataques mientras Ucrania acepta un alto el fuego. La UE exige \u00abrendici\u00f3n de cuentas\u00bb por esta masacre, a\u00f1adi\u00f3 la exministra de Exteriores belga.<\/p>\n<p><span data-slot-id=\"Article_InContent-1\" class=\"rich-text-ad\"\/><\/p>\n<h2>Zelenski: sin presi\u00f3n sobre Rusia, la paz es imposible<\/h2>\n<p>Tambi\u00e9n desde Bruselas protest\u00f3 por el ataque la OTAN. \u00abEscenas horribles del centro de Sumi, donde los misiles bal\u00edsticos rusos mataron a decenas de personas e hirieron gravemente a muchos m\u00e1s civiles. Nuestros pensamientos est\u00e1n con el pueblo ucraniano en este d\u00eda sagrado para muchos\u00bb, dijo la portavoz de la OTAN.<\/p>\n<p>Hasta el momento, en el ataque ruso contra Sumi se han contabilizado al menos 32 muertos y 84 heridos, entre ellos diez ni\u00f1os. El presidente de Ucrania, Volodimir Zelenski, pidi\u00f3 una respuesta \u00abfuerte\u00bb del mundo, de \u00abtodos los que quieren que esta guerra y estas matanzas terminen\u00bb, y subray\u00f3, de nuevo, la necesidad de m\u00e1s presi\u00f3n internacional hacia Mosc\u00fa. Sin presi\u00f3n sobre Rusia la paz es imposible, dijo. \u00abDebemos tratar a Rusia como se merece un terrorista\u00bb, indic\u00f3.<\/p>\n<p>LGC (EFE, AFP)<\/p>\n<figure class=\"placeholder-image master_landscape big\"><img data-format=\"MASTER_LANDSCAPE\" data-id=\"72231610\" data-url=\"https:\/\/static.dw.com\/image\/72231610_${formatId}.jpg\" data-aspect-ratio=\"16\/9\" alt=\"El presidente ucraniano, Volodimir Zelenski, en una imagen reciente.\" style=\"padding-bottom: 56.25%; height: 0; max-height: 0;\"\/><figcaption class=\"img-caption\">El presidente ucraniano, Volodimir Zelenski, en una imagen reciente.<small class=\"copyright\">Imagen: Alina Smutko\/REUTERS<\/small><\/figcaption><\/figure>\n<\/div>\n\n","protected":false},"excerpt":{"rendered":"<p>El canciller alem\u00e1n en funciones, Olaf Scholz, conden\u00f3 este domingo (13.04.2025) el ataque ruso contra el centro de la ciudad ucraniana de Sumi en el que fallecieron m\u00e1s de treinta personas en pleno Domingo de Ramos e insisti\u00f3 en que Rusia aceptar finalmente un alto el fuego total. \u00abLas im\u00e1genes del centro de Sumi, donde &hellip;<\/p>\n","protected":false},"author":1,"featured_media":22780,"comment_status":"open","ping_status":"open","sticky":false,"template":"","format":"standard","meta":{"fifu_image_url":"https:\/\/static.dw.com\/image\/72232040_6.jpg","fifu_image_alt":"","footnotes":""},"categories":[13],"tags":[],"class_list":["post-22779","post","type-post","status-publish","format-standard","has-post-thumbnail","","category-mundo"],"_links":{"self":[{"href":"https:\/\/noticiasveraces.com\/index.php?rest_route=\/wp\/v2\/posts\/22779","targetHints":{"allow":["GET"]}}],"collection":[{"href":"https:\/\/noticiasveraces.com\/index.php?rest_route=\/wp\/v2\/posts"}],"about":[{"href":"https:\/\/noticiasveraces.com\/index.php?rest_route=\/wp\/v2\/types\/post"}],"author":[{"embeddable":true,"href":"https:\/\/noticiasveraces.com\/index.php?rest_route=\/wp\/v2\/users\/1"}],"replies":[{"embeddable":true,"href":"https:\/\/noticiasveraces.com\/index.php?rest_route=%2Fwp%2Fv2%2Fcomments&post=22779"}],"version-history":[{"count":0,"href":"https:\/\/noticiasveraces.com\/index.php?rest_route=\/wp\/v2\/posts\/22779\/revisions"}],"wp:featuredmedia":[{"embeddable":true,"href":"https:\/\/noticiasveraces.com\/index.php?rest_route=\/wp\/v2\/media\/22780"}],"wp:attachment":[{"href":"https:\/\/noticiasveraces.com\/index.php?rest_route=%2Fwp%2Fv2%2Fmedia&parent=22779"}],"wp:term":[{"taxonomy":"category","embeddable":true,"href":"https:\/\/noticiasveraces.com\/index.php?rest_route=%2Fwp%2Fv2%2Fcategories&post=22779"},{"taxonomy":"post_tag","embeddable":true,"href":"https:\/\/noticiasveraces.com\/index.php?rest_route=%2Fwp%2Fv2%2Ftags&post=22779"}],"curies":[{"name":"wp","href":"https:\/\/api.w.org\/{rel}","templated":true}]}}