{"id":22757,"date":"2025-04-13T09:46:41","date_gmt":"2025-04-13T13:46:41","guid":{"rendered":"https:\/\/noticiasveraces.com\/?p=22757"},"modified":"2025-04-13T09:46:41","modified_gmt":"2025-04-13T13:46:41","slug":"el-papa-francisco-saludo-a-los-fieles-durante-unos-10-minutos-en-el-domingo-de-ramos","status":"publish","type":"post","link":"https:\/\/noticiasveraces.com\/?p=22757","title":{"rendered":"El Papa Francisco salud\u00f3 a los fieles durante unos 10 minutos en el Domingo de Ramos"},"content":{"rendered":"<p> \n<\/p>\n<div>\n<p class=\"speakable\">El Papa Francisco dese\u00f3 un \u00abDomingo de Ralina Felices y Feliz Semana Santa\u00bb a los fieles reunidos en la Plaza de San Pedro despu\u00e9s de la conclusi\u00f3n de una misa presidida por el cardenal Leonardo Sandri en su nombre, seg\u00fan las noticias del Vaticano. <\/p>\n<p class=\"speakable\">Francis, que se est\u00e1 recuperando de la neumon\u00eda doble, salud\u00f3 a las multitudes de su silla de ruedas durante unos 10 minutos. Se detuvo ocasionalmente para hablar con los fieles, incluido un grupo de monjas encantadas.<\/p>\n<p>A diferencia del domingo pasado, cuando hizo su primera aparici\u00f3n p\u00fablica desde que fue dado de alta del hospital hace tres semanas, el Papa no estaba recibiendo ox\u00edgeno a trav\u00e9s de una peque\u00f1a manguera debajo de la nariz.<\/p>\n<p>Francis, de 88 a\u00f1os, fue dado de alta del hospital el 23 de marzo despu\u00e9s de pasar cinco semanas siendo tratado por la infecci\u00f3n pulmonar, que su m\u00e9dico m\u00e1s tarde dijo que casi lo hab\u00eda matado.<\/p>\n<p><strong>El Papa Francisco denuncia la guerra en Sud\u00e1n, sugiere que vive la Cuaresma &#8216;como un momento de curaci\u00f3n&#8217;<\/strong><\/p>\n<div class=\"image-ct inline\">\n<div class=\"m\"><picture><source media=\"(max-width: 767px)\" srcset=\"https:\/\/a57.foxnews.com\/static.foxnews.com\/foxnews.com\/content\/uploads\/2025\/04\/343\/192\/pope-francis-palm-sunday-2.jpg?ve=1&amp;tl=1, https:\/\/a57.foxnews.com\/static.foxnews.com\/foxnews.com\/content\/uploads\/2025\/04\/686\/384\/pope-francis-palm-sunday-2.jpg?ve=1&amp;tl=1 2x\" height=\"192\" width=\"343\"><source media=\"(min-width: 768px) and (max-width: 1023px)\" srcset=\"https:\/\/a57.foxnews.com\/static.foxnews.com\/foxnews.com\/content\/uploads\/2025\/04\/672\/378\/pope-francis-palm-sunday-2.jpg?ve=1&amp;tl=1, https:\/\/a57.foxnews.com\/static.foxnews.com\/foxnews.com\/content\/uploads\/2025\/04\/1344\/756\/pope-francis-palm-sunday-2.jpg?ve=1&amp;tl=1 2x\" height=\"378\" width=\"672\"><source media=\"(min-width: 1024px) and (max-width: 1279px)\" srcset=\"https:\/\/a57.foxnews.com\/static.foxnews.com\/foxnews.com\/content\/uploads\/2025\/04\/931\/523\/pope-francis-palm-sunday-2.jpg?ve=1&amp;tl=1, https:\/\/a57.foxnews.com\/static.foxnews.com\/foxnews.com\/content\/uploads\/2025\/04\/1862\/1046\/pope-francis-palm-sunday-2.jpg?ve=1&amp;tl=1 2x\" height=\"523\" width=\"931\"><source media=\"(min-width: 1280px)\" srcset=\"https:\/\/a57.foxnews.com\/static.foxnews.com\/foxnews.com\/content\/uploads\/2025\/04\/720\/405\/pope-francis-palm-sunday-2.jpg?ve=1&amp;tl=1, https:\/\/a57.foxnews.com\/static.foxnews.com\/foxnews.com\/content\/uploads\/2025\/04\/1440\/810\/pope-francis-palm-sunday-2.jpg?ve=1&amp;tl=1 2x\" height=\"405\" width=\"720\"><img loading=\"lazy\" decoding=\"async\" src=\"https:\/\/a57.foxnews.com\/static.foxnews.com\/foxnews.com\/content\/uploads\/2025\/04\/1200\/675\/pope-francis-palm-sunday-2.jpg?ve=1&amp;tl=1\" alt=\"El Papa Francisco llega a fines de 2025 Misa del Domingo de Ramos\" width=\"1200\" height=\"675\"\/><\/source><\/source><\/source><\/source><\/picture><\/div>\n<div class=\"info\">\n<div class=\"caption\">\n<p><span>El Papa Francisco llega al final de la misa en el Domingo de Ramos en la Plaza de San Pedro en el Vaticano el domingo 13 de abril de 2025.<\/span> <span>(Alessandra Tarantino)<\/span><\/p>\n<\/div>\n<\/div>\n<\/div>\n<p>Las noticias del Vaticano estima que 40,000 personas se reunieron en la plaza para la celebraci\u00f3n del Domingo de Ramos de la Pasi\u00f3n del Se\u00f1or, y dijo que el Papa \u00abest\u00e1 limitando su exposici\u00f3n a los elementos para continuar la recuperaci\u00f3n de sus afecciones respiratorias\u00bb.<\/p>\n<p>Sandri ley\u00f3 la homil\u00eda de Francis durante la misa, que marca el comienzo de la Semana Santa. La Semana Santa conmemora la pasi\u00f3n, la muerte y la resurrecci\u00f3n del Se\u00f1or. <\/p>\n<p><strong><u>Los m\u00e9dicos del Papa Francisco consideraron terminar con el tratamiento, dijeron: \u00abHab\u00eda un riesgo real de que no pudiera hacerlo\u00bb: Informe<\/u><\/strong><\/p>\n<div class=\"image-ct inline\">\n<div class=\"m\"><picture><source media=\"(max-width: 767px)\" srcset=\"https:\/\/a57.foxnews.com\/static.foxnews.com\/foxnews.com\/content\/uploads\/2025\/04\/343\/192\/pope-francis-palm-sunday-1.jpg?ve=1&amp;tl=1, https:\/\/a57.foxnews.com\/static.foxnews.com\/foxnews.com\/content\/uploads\/2025\/04\/686\/384\/pope-francis-palm-sunday-1.jpg?ve=1&amp;tl=1 2x\" height=\"192\" width=\"343\"><source media=\"(min-width: 768px) and (max-width: 1023px)\" srcset=\"https:\/\/a57.foxnews.com\/static.foxnews.com\/foxnews.com\/content\/uploads\/2025\/04\/672\/378\/pope-francis-palm-sunday-1.jpg?ve=1&amp;tl=1, https:\/\/a57.foxnews.com\/static.foxnews.com\/foxnews.com\/content\/uploads\/2025\/04\/1344\/756\/pope-francis-palm-sunday-1.jpg?ve=1&amp;tl=1 2x\" height=\"378\" width=\"672\"><source media=\"(min-width: 1024px) and (max-width: 1279px)\" srcset=\"https:\/\/a57.foxnews.com\/static.foxnews.com\/foxnews.com\/content\/uploads\/2025\/04\/931\/523\/pope-francis-palm-sunday-1.jpg?ve=1&amp;tl=1, https:\/\/a57.foxnews.com\/static.foxnews.com\/foxnews.com\/content\/uploads\/2025\/04\/1862\/1046\/pope-francis-palm-sunday-1.jpg?ve=1&amp;tl=1 2x\" height=\"523\" width=\"931\"><source media=\"(min-width: 1280px)\" srcset=\"https:\/\/a57.foxnews.com\/static.foxnews.com\/foxnews.com\/content\/uploads\/2025\/04\/720\/405\/pope-francis-palm-sunday-1.jpg?ve=1&amp;tl=1, https:\/\/a57.foxnews.com\/static.foxnews.com\/foxnews.com\/content\/uploads\/2025\/04\/1440\/810\/pope-francis-palm-sunday-1.jpg?ve=1&amp;tl=1 2x\" height=\"405\" width=\"720\"><img loading=\"lazy\" decoding=\"async\" src=\"https:\/\/a57.foxnews.com\/static.foxnews.com\/foxnews.com\/content\/uploads\/2025\/04\/1200\/675\/pope-francis-palm-sunday-1.jpg?ve=1&amp;tl=1\" alt=\"Papa Francis Domingo de Ramos 2025\" width=\"1200\" height=\"675\"\/><\/source><\/source><\/source><\/source><\/picture><\/div>\n<div class=\"info\">\n<div class=\"caption\">\n<p><span>El cardenal Giovanni Battista re toca la mano del Papa Francisco mientras aparece inesperadamente durante la misa del Domingo de Ramos en la Plaza de San Pedro en el Vaticano el 13 de abril de 2025.<\/span> <span>(Yara Nardi)<\/span><\/p>\n<\/div>\n<\/div>\n<\/div>\n<p>Los fieles surgieron de la Plaza de San Pedro que llevaba hojas de palma benditas o ramas de oliva para marcar la ocasi\u00f3n.<\/p>\n<p>El Vaticano dijo que estaba esperando asesorar sobre qu\u00e9 papel puede desempe\u00f1ar en los pr\u00f3ximos eventos de la Semana Santa que conduzcan al Domingo de Pascua.<\/p>\n<div class=\"image-ct inline\">\n<div class=\"m\"><picture><source media=\"(max-width: 767px)\" srcset=\"https:\/\/a57.foxnews.com\/static.foxnews.com\/foxnews.com\/content\/uploads\/2025\/04\/343\/192\/pope-francis-palm-sunday-3.jpg?ve=1&amp;tl=1, https:\/\/a57.foxnews.com\/static.foxnews.com\/foxnews.com\/content\/uploads\/2025\/04\/686\/384\/pope-francis-palm-sunday-3.jpg?ve=1&amp;tl=1 2x\" height=\"192\" width=\"343\"><source media=\"(min-width: 768px) and (max-width: 1023px)\" srcset=\"https:\/\/a57.foxnews.com\/static.foxnews.com\/foxnews.com\/content\/uploads\/2025\/04\/672\/378\/pope-francis-palm-sunday-3.jpg?ve=1&amp;tl=1, https:\/\/a57.foxnews.com\/static.foxnews.com\/foxnews.com\/content\/uploads\/2025\/04\/1344\/756\/pope-francis-palm-sunday-3.jpg?ve=1&amp;tl=1 2x\" height=\"378\" width=\"672\"><source media=\"(min-width: 1024px) and (max-width: 1279px)\" srcset=\"https:\/\/a57.foxnews.com\/static.foxnews.com\/foxnews.com\/content\/uploads\/2025\/04\/931\/523\/pope-francis-palm-sunday-3.jpg?ve=1&amp;tl=1, https:\/\/a57.foxnews.com\/static.foxnews.com\/foxnews.com\/content\/uploads\/2025\/04\/1862\/1046\/pope-francis-palm-sunday-3.jpg?ve=1&amp;tl=1 2x\" height=\"523\" width=\"931\"><source media=\"(min-width: 1280px)\" srcset=\"https:\/\/a57.foxnews.com\/static.foxnews.com\/foxnews.com\/content\/uploads\/2025\/04\/720\/405\/pope-francis-palm-sunday-3.jpg?ve=1&amp;tl=1, https:\/\/a57.foxnews.com\/static.foxnews.com\/foxnews.com\/content\/uploads\/2025\/04\/1440\/810\/pope-francis-palm-sunday-3.jpg?ve=1&amp;tl=1 2x\" height=\"405\" width=\"720\"><img loading=\"lazy\" decoding=\"async\" src=\"https:\/\/a57.foxnews.com\/static.foxnews.com\/foxnews.com\/content\/uploads\/2025\/04\/1200\/675\/pope-francis-palm-sunday-3.jpg?ve=1&amp;tl=1\" alt=\"El Papa Francisco habla del Domingo de Ramos 2025\" width=\"1200\" height=\"675\"\/><\/source><\/source><\/source><\/source><\/picture><\/div>\n<div class=\"info\">\n<div class=\"caption\">\n<p><span>El Papa Francisco habla mientras aparece inesperadamente durante la misa del Domingo de Ramos en la Plaza de San Pedro en el Vaticano el 13 de abril de 2025.<\/span> <span>(Vaticano Media\/folleto)<\/span><\/p>\n<\/div>\n<\/div>\n<\/div>\n<p><strong><u>Haga clic aqu\u00ed para obtener la aplicaci\u00f3n Fox News<\/u><\/strong><strong> <\/strong><\/p>\n<p>\u00abHermanas y hermanos, les agradezco mucho por sus oraciones\u00bb, dijo el pont\u00edfice en una declaraci\u00f3n distribuida por la Oficina de Press de Santa Sede, \u00abEn este momento de la debilidad f\u00edsica, me ayudan a sentir la cercan\u00eda, la compasi\u00f3n y la ternura de Dios a\u00fan m\u00e1s. Yo tambi\u00e9n, tambi\u00e9n estoy orando por usted, y les pido que entren a todos los que suferan al Se\u00f1or junto con m\u00ed\u00bb.<\/p>\n<p><i>Associated Press y Reuter contribuyeron a este informe. <\/i><\/p>\n<p> <!----> <\/div>\n\n","protected":false},"excerpt":{"rendered":"<p>El Papa Francisco dese\u00f3 un \u00abDomingo de Ralina Felices y Feliz Semana Santa\u00bb a los fieles reunidos en la Plaza de San Pedro despu\u00e9s de la conclusi\u00f3n de una misa presidida por el cardenal Leonardo Sandri en su nombre, seg\u00fan las noticias del Vaticano. Francis, que se est\u00e1 recuperando de la neumon\u00eda doble, salud\u00f3 a &hellip;<\/p>\n","protected":false},"author":1,"featured_media":22759,"comment_status":"open","ping_status":"open","sticky":false,"template":"","format":"standard","meta":{"fifu_image_url":"https:\/\/static.foxnews.com\/foxnews.com\/content\/uploads\/2025\/04\/pope-francis-palm-sunday-1.jpg","fifu_image_alt":"","footnotes":""},"categories":[13],"tags":[],"class_list":["post-22757","post","type-post","status-publish","format-standard","has-post-thumbnail","","category-mundo"],"_links":{"self":[{"href":"https:\/\/noticiasveraces.com\/index.php?rest_route=\/wp\/v2\/posts\/22757","targetHints":{"allow":["GET"]}}],"collection":[{"href":"https:\/\/noticiasveraces.com\/index.php?rest_route=\/wp\/v2\/posts"}],"about":[{"href":"https:\/\/noticiasveraces.com\/index.php?rest_route=\/wp\/v2\/types\/post"}],"author":[{"embeddable":true,"href":"https:\/\/noticiasveraces.com\/index.php?rest_route=\/wp\/v2\/users\/1"}],"replies":[{"embeddable":true,"href":"https:\/\/noticiasveraces.com\/index.php?rest_route=%2Fwp%2Fv2%2Fcomments&post=22757"}],"version-history":[{"count":0,"href":"https:\/\/noticiasveraces.com\/index.php?rest_route=\/wp\/v2\/posts\/22757\/revisions"}],"wp:featuredmedia":[{"embeddable":true,"href":"https:\/\/noticiasveraces.com\/index.php?rest_route=\/wp\/v2\/media\/22759"}],"wp:attachment":[{"href":"https:\/\/noticiasveraces.com\/index.php?rest_route=%2Fwp%2Fv2%2Fmedia&parent=22757"}],"wp:term":[{"taxonomy":"category","embeddable":true,"href":"https:\/\/noticiasveraces.com\/index.php?rest_route=%2Fwp%2Fv2%2Fcategories&post=22757"},{"taxonomy":"post_tag","embeddable":true,"href":"https:\/\/noticiasveraces.com\/index.php?rest_route=%2Fwp%2Fv2%2Ftags&post=22757"}],"curies":[{"name":"wp","href":"https:\/\/api.w.org\/{rel}","templated":true}]}}