{"id":22740,"date":"2025-04-13T06:43:41","date_gmt":"2025-04-13T10:43:41","guid":{"rendered":"https:\/\/noticiasveraces.com\/?p=22740"},"modified":"2025-04-13T06:43:41","modified_gmt":"2025-04-13T10:43:41","slug":"los-ecuatorianos-van-a-las-encuestas-como-una-ola-de-violencia-plaga-el-pais","status":"publish","type":"post","link":"https:\/\/noticiasveraces.com\/?p=22740","title":{"rendered":"Los ecuatorianos van a las encuestas como una ola de violencia plaga el pa\u00eds"},"content":{"rendered":"<p> \n<\/p>\n<div>\n<p class=\"speakable\">Los ecuatorianos van a las urnas hoy en una elecci\u00f3n de segunda vuelta entre el presidente titular Daniel Nnovera y la retadora izquierdista Luisa Gonz\u00e1lez. Neloa es vista como un conservador pro-Trump, mientras que Gonz\u00e1lez es visto como un aliado ideol\u00f3gico del dictador venezolano Nicol\u00e1s Maduro.<\/p>\n<p class=\"speakable\">Neboa se neg\u00f3 a reconocer a Maduro como el presidente leg\u00edtimo de Venezuela despu\u00e9s de su elecci\u00f3n de 2024 y tambi\u00e9n se compromete a luchar contra las pandillas criminales con todos los recursos disponibles para restaurar la paz y la seguridad en Ecuador. <\/p>\n<p>Se espera que Gonz\u00e1lez siga los pasos de su mentor, el ex presidente Rafael Correa, y busque lazos m\u00e1s fuertes con los gobiernos izquierdistas de Am\u00e9rica Latina del presidente brasile\u00f1o Luiz In\u00e1cio Lula da Silval, Gustavo Petro de Colombia y Gabriel B\u00f3rico de Chile.<\/p>\n<p>\u00abLa seguridad ha sido su mandato principal como presidente de Ecuador. Ha dedicado mucho tiempo, esfuerzo y recursos para lidiar con la situaci\u00f3n de seguridad\u00bb, dijo Joseph Humire, director ejecutivo del Centro para una Sociedad Libre Segura y miembro senior del America First Policy Institute, a Fox News Digital. <\/p>\n<p><strong>Excusiva mirada al vuelo de repatriaci\u00f3n de Trump en el avi\u00f3n militar C-17 a Ecuador<\/strong><\/p>\n<div class=\"image-ct inline\">\n<div class=\"m\"><picture><source media=\"(max-width: 767px)\" srcset=\"https:\/\/a57.foxnews.com\/static.foxnews.com\/foxnews.com\/content\/uploads\/2025\/02\/343\/192\/7e5b8fee-ecuador-election-noboa.jpg?ve=1&amp;tl=1, https:\/\/a57.foxnews.com\/static.foxnews.com\/foxnews.com\/content\/uploads\/2025\/02\/686\/384\/7e5b8fee-ecuador-election-noboa.jpg?ve=1&amp;tl=1 2x\" height=\"192\" width=\"343\"><source media=\"(min-width: 768px) and (max-width: 1023px)\" srcset=\"https:\/\/a57.foxnews.com\/static.foxnews.com\/foxnews.com\/content\/uploads\/2025\/02\/672\/378\/7e5b8fee-ecuador-election-noboa.jpg?ve=1&amp;tl=1, https:\/\/a57.foxnews.com\/static.foxnews.com\/foxnews.com\/content\/uploads\/2025\/02\/1344\/756\/7e5b8fee-ecuador-election-noboa.jpg?ve=1&amp;tl=1 2x\" height=\"378\" width=\"672\"><source media=\"(min-width: 1024px) and (max-width: 1279px)\" srcset=\"https:\/\/a57.foxnews.com\/static.foxnews.com\/foxnews.com\/content\/uploads\/2025\/02\/931\/523\/7e5b8fee-ecuador-election-noboa.jpg?ve=1&amp;tl=1, https:\/\/a57.foxnews.com\/static.foxnews.com\/foxnews.com\/content\/uploads\/2025\/02\/1862\/1046\/7e5b8fee-ecuador-election-noboa.jpg?ve=1&amp;tl=1 2x\" height=\"523\" width=\"931\"><source media=\"(min-width: 1280px)\" srcset=\"https:\/\/a57.foxnews.com\/static.foxnews.com\/foxnews.com\/content\/uploads\/2025\/02\/720\/405\/7e5b8fee-ecuador-election-noboa.jpg?ve=1&amp;tl=1, https:\/\/a57.foxnews.com\/static.foxnews.com\/foxnews.com\/content\/uploads\/2025\/02\/1440\/810\/7e5b8fee-ecuador-election-noboa.jpg?ve=1&amp;tl=1 2x\" height=\"405\" width=\"720\"><img loading=\"lazy\" decoding=\"async\" src=\"https:\/\/a57.foxnews.com\/static.foxnews.com\/foxnews.com\/content\/uploads\/2025\/02\/1200\/675\/7e5b8fee-ecuador-election-noboa.jpg?ve=1&amp;tl=1\" alt=\"El presidente de Ecuador, Daniel Novoa, vota en las elecciones presidenciales de Ecuador.\" width=\"1200\" height=\"675\"\/><\/source><\/source><\/source><\/source><\/picture><\/div>\n<div class=\"info\">\n<div class=\"caption\">\n<p><span>El presidente de Ecuador, Daniel Novoa, que se postula para la reelecci\u00f3n, ole despu\u00e9s de acompa\u00f1ar a su compa\u00f1era de f\u00f3rmula, Maria Jos\u00e9 Pinto, para lanzar su voto durante las elecciones presidenciales en Quito, Ecuador, 9 de febrero de 2025.<\/span> <span>(Photo AP\/Carlos Noriega)<\/span><\/p>\n<\/div>\n<\/div>\n<\/div>\n<p>\u00abSin embargo, solo ha habido mejoras marginales en la situaci\u00f3n de seguridad, y se agrava con otros problemas\u00bb, agreg\u00f3 Humire.<\/p>\n<p>Gonz\u00e1lez se est\u00e1 ejecutando en una plataforma que pide un aumento en el papel de los militares en la lucha contra la violencia de las pandillas, pero tambi\u00e9n condena fuertemente el uso excesivo de la fuerza y \u200b\u200bel abuso de los derechos humanos.<\/p>\n<p>Ella \u00abparece tener una perspectiva m\u00e1s suave sobre el tema del crimen, lo que significa que no ha declarado su disposici\u00f3n a perseguir carteles de drogas, pero, muy probablemente, tiene la intenci\u00f3n de negociar con ellos\u00bb, dijo a Fox Digital Digital, Mathias Valdez Duffau, visitando al Centro de Estudios Internacionales de la Universidad Cat\u00f3lica de Argentina.<\/p>\n<p>Valdez Duffao dijo que una pol\u00edtica de negociaci\u00f3n es similar a la pol\u00edtica de la administraci\u00f3n del ex presidente Correa y se centrar\u00eda en enfoques de reducci\u00f3n de delitos de todo el gobierno que buscar\u00edan integrar a las pandillas criminales en la sociedad civil. <\/p>\n<p>\u00abLa realidad es que negociar con pandillas criminales podr\u00eda darle al gobierno un espacio a corto plazo para maniobrar, pero las pandillas se vuelven m\u00e1s fuertes y terminan cooptando funcionarios del gobierno, lo que eventualmente lleva al pa\u00eds al borde de convertirse en un narco-estatal\u00bb, advirti\u00f3 Valdezduffao.<\/p>\n<div class=\"image-ct inline\">\n<div class=\"m\"><picture><source media=\"(max-width: 767px)\" srcset=\"https:\/\/a57.foxnews.com\/static.foxnews.com\/foxnews.com\/content\/uploads\/2025\/02\/343\/192\/ecuador-election-gonzalez-1.jpg?ve=1&amp;tl=1, https:\/\/a57.foxnews.com\/static.foxnews.com\/foxnews.com\/content\/uploads\/2025\/02\/686\/384\/ecuador-election-gonzalez-1.jpg?ve=1&amp;tl=1 2x\" height=\"192\" width=\"343\"><source media=\"(min-width: 768px) and (max-width: 1023px)\" srcset=\"https:\/\/a57.foxnews.com\/static.foxnews.com\/foxnews.com\/content\/uploads\/2025\/02\/672\/378\/ecuador-election-gonzalez-1.jpg?ve=1&amp;tl=1, https:\/\/a57.foxnews.com\/static.foxnews.com\/foxnews.com\/content\/uploads\/2025\/02\/1344\/756\/ecuador-election-gonzalez-1.jpg?ve=1&amp;tl=1 2x\" height=\"378\" width=\"672\"><source media=\"(min-width: 1024px) and (max-width: 1279px)\" srcset=\"https:\/\/a57.foxnews.com\/static.foxnews.com\/foxnews.com\/content\/uploads\/2025\/02\/931\/523\/ecuador-election-gonzalez-1.jpg?ve=1&amp;tl=1, https:\/\/a57.foxnews.com\/static.foxnews.com\/foxnews.com\/content\/uploads\/2025\/02\/1862\/1046\/ecuador-election-gonzalez-1.jpg?ve=1&amp;tl=1 2x\" height=\"523\" width=\"931\"><source media=\"(min-width: 1280px)\" srcset=\"https:\/\/a57.foxnews.com\/static.foxnews.com\/foxnews.com\/content\/uploads\/2025\/02\/720\/405\/ecuador-election-gonzalez-1.jpg?ve=1&amp;tl=1, https:\/\/a57.foxnews.com\/static.foxnews.com\/foxnews.com\/content\/uploads\/2025\/02\/1440\/810\/ecuador-election-gonzalez-1.jpg?ve=1&amp;tl=1 2x\" height=\"405\" width=\"720\"><img loading=\"lazy\" decoding=\"async\" src=\"https:\/\/a57.foxnews.com\/static.foxnews.com\/foxnews.com\/content\/uploads\/2025\/02\/1200\/675\/ecuador-election-gonzalez-1.jpg?ve=1&amp;tl=1\" alt=\"Luisa Gonz\u00e1lez se postula para presidente en Ecuador contra Daniel Nnovera.\" width=\"1200\" height=\"675\"\/><\/source><\/source><\/source><\/source><\/picture><\/div>\n<div class=\"info\">\n<div class=\"caption\">\n<p><span>Luisa Gonz\u00e1lez, candidata presidencial para el Movimiento de la Revoluci\u00f3n Ciudadana, habla despu\u00e9s de las encuestas cerradas para las elecciones presidenciales en Quito, Ecuador, 9 de febrero de 2025.<\/span> <span>(Photo AP\/Carlos Noriega)<\/span><\/p>\n<\/div>\n<\/div>\n<\/div>\n<p>La violencia y la inseguridad permanecen en la cima de las mentes de los votantes. Ecuador tiene la tasa de asesinatos m\u00e1s alta en Am\u00e9rica Latina, con 6.986 homicidios registrados en 2024, lo que lo convierte en el segundo a\u00f1o m\u00e1s violento en la historia de Ecuador. Unas 95,000 personas huyeron del pa\u00eds en 2024, ya que muchas comunidades se convirtieron en puntos focales de las guerras de c\u00e9sped entre las pandillas rivales que compiten por el territorio. <\/p>\n<p>El presidente Novoa declar\u00f3 un conflicto armado interno en 2024 y orden\u00f3 a las fuerzas armadas que llevaran a cabo operaciones militares para neutralizar varios grupos de delitos organizados transnacionales. La iniciativa anti-cr\u00edmenes vio un aumento en la presencia de los militares en las c\u00e1rceles y las comunidades de todo el pa\u00eds. <\/p>\n<p><strong>Rubio obtiene victorias clave para la agenda de inmigraci\u00f3n de Trump con Blitz a trav\u00e9s de Am\u00e9rica Latina<\/strong><\/p>\n<div class=\"image-ct inline\">\n<div class=\"m\"><picture><source media=\"(max-width: 767px)\" srcset=\"https:\/\/a57.foxnews.com\/static.foxnews.com\/foxnews.com\/content\/uploads\/2025\/04\/343\/192\/gettyimages-2208045949-scaled.jpg?ve=1&amp;tl=1, https:\/\/a57.foxnews.com\/static.foxnews.com\/foxnews.com\/content\/uploads\/2025\/04\/686\/384\/gettyimages-2208045949-scaled.jpg?ve=1&amp;tl=1 2x\" height=\"192\" width=\"343\"><source media=\"(min-width: 768px) and (max-width: 1023px)\" srcset=\"https:\/\/a57.foxnews.com\/static.foxnews.com\/foxnews.com\/content\/uploads\/2025\/04\/672\/378\/gettyimages-2208045949-scaled.jpg?ve=1&amp;tl=1, https:\/\/a57.foxnews.com\/static.foxnews.com\/foxnews.com\/content\/uploads\/2025\/04\/1344\/756\/gettyimages-2208045949-scaled.jpg?ve=1&amp;tl=1 2x\" height=\"378\" width=\"672\"><source media=\"(min-width: 1024px) and (max-width: 1279px)\" srcset=\"https:\/\/a57.foxnews.com\/static.foxnews.com\/foxnews.com\/content\/uploads\/2025\/04\/931\/523\/gettyimages-2208045949-scaled.jpg?ve=1&amp;tl=1, https:\/\/a57.foxnews.com\/static.foxnews.com\/foxnews.com\/content\/uploads\/2025\/04\/1862\/1046\/gettyimages-2208045949-scaled.jpg?ve=1&amp;tl=1 2x\" height=\"523\" width=\"931\"><source media=\"(min-width: 1280px)\" srcset=\"https:\/\/a57.foxnews.com\/static.foxnews.com\/foxnews.com\/content\/uploads\/2025\/04\/720\/405\/gettyimages-2208045949-scaled.jpg?ve=1&amp;tl=1, https:\/\/a57.foxnews.com\/static.foxnews.com\/foxnews.com\/content\/uploads\/2025\/04\/1440\/810\/gettyimages-2208045949-scaled.jpg?ve=1&amp;tl=1 2x\" height=\"405\" width=\"720\"><img loading=\"lazy\" decoding=\"async\" src=\"https:\/\/a57.foxnews.com\/static.foxnews.com\/foxnews.com\/content\/uploads\/2025\/04\/1200\/675\/gettyimages-2208045949-scaled.jpg?ve=1&amp;tl=1\" alt=\"Pr\u00edncipe erik\" width=\"1200\" height=\"675\"\/><\/source><\/source><\/source><\/source><\/picture><\/div>\n<div class=\"info\">\n<div class=\"caption\">\n<p><span>El fundador de Blackwater, Erik Prince, camina con oficiales de polic\u00eda durante la operaci\u00f3n anti-criminal de Apolo 13, el 5 de abril de 2025, en Guayaquil, Ecuador. <\/span> <span>(Agencia Press South\/Getty Images)<\/span><\/p>\n<\/div>\n<\/div>\n<\/div>\n<p>Neloa tambi\u00e9n pidi\u00f3 a la comunidad internacional que brinde asistencia militar y sugiri\u00f3 que el ej\u00e9rcito de los EE. UU. Podr\u00eda trabajar con Ecuador para combatir las pandillas violentas.<\/p>\n<p>A pesar de la posici\u00f3n de l\u00ednea dura del presidente sobre el crimen, enero de 2025 fue el mes m\u00e1s violento de Ecuador en la historia reciente, con 781 personas asesinadas. NEBOA se asoci\u00f3 con Erik Prince, fundador de la firma de seguridad privada Blackwater, y form\u00f3 una alianza estrat\u00e9gica en marzo para fortalecer la capacidad de Ecuador para combatir el narcoterrorismo.<\/p>\n<div class=\"image-ct inline\">\n<div class=\"m\"><picture><source media=\"(max-width: 767px)\" srcset=\"https:\/\/a57.foxnews.com\/static.foxnews.com\/foxnews.com\/content\/uploads\/2025\/03\/343\/192\/ecuador-detainees.jpg?ve=1&amp;tl=1, https:\/\/a57.foxnews.com\/static.foxnews.com\/foxnews.com\/content\/uploads\/2025\/03\/686\/384\/ecuador-detainees.jpg?ve=1&amp;tl=1 2x\" height=\"192\" width=\"343\"><source media=\"(min-width: 768px) and (max-width: 1023px)\" srcset=\"https:\/\/a57.foxnews.com\/static.foxnews.com\/foxnews.com\/content\/uploads\/2025\/03\/672\/378\/ecuador-detainees.jpg?ve=1&amp;tl=1, https:\/\/a57.foxnews.com\/static.foxnews.com\/foxnews.com\/content\/uploads\/2025\/03\/1344\/756\/ecuador-detainees.jpg?ve=1&amp;tl=1 2x\" height=\"378\" width=\"672\"><source media=\"(min-width: 1024px) and (max-width: 1279px)\" srcset=\"https:\/\/a57.foxnews.com\/static.foxnews.com\/foxnews.com\/content\/uploads\/2025\/03\/931\/523\/ecuador-detainees.jpg?ve=1&amp;tl=1, https:\/\/a57.foxnews.com\/static.foxnews.com\/foxnews.com\/content\/uploads\/2025\/03\/1862\/1046\/ecuador-detainees.jpg?ve=1&amp;tl=1 2x\" height=\"523\" width=\"931\"><source media=\"(min-width: 1280px)\" srcset=\"https:\/\/a57.foxnews.com\/static.foxnews.com\/foxnews.com\/content\/uploads\/2025\/03\/720\/405\/ecuador-detainees.jpg?ve=1&amp;tl=1, https:\/\/a57.foxnews.com\/static.foxnews.com\/foxnews.com\/content\/uploads\/2025\/03\/1440\/810\/ecuador-detainees.jpg?ve=1&amp;tl=1 2x\" height=\"405\" width=\"720\"><img loading=\"lazy\" decoding=\"async\" src=\"https:\/\/a57.foxnews.com\/static.foxnews.com\/foxnews.com\/content\/uploads\/2025\/03\/1200\/675\/ecuador-detainees.jpg?ve=1&amp;tl=1\" alt=\"Detenidos de choque de pandillas Ecuador\" width=\"1200\" height=\"675\"\/><\/source><\/source><\/source><\/source><\/picture><\/div>\n<div class=\"info\">\n<div class=\"caption\">\n<p><span>La Polic\u00eda Nacional de Ecuador presenta a las personas detenidas durante una operaci\u00f3n policial despu\u00e9s de los enfrentamientos de pandillas que resultaron en m\u00faltiples v\u00edctimas en Guayaquil, Ecuador, el 7 de marzo de 2025.<\/span> <span>(Ministerio de Interior de Ecuador\/folleto a trav\u00e9s de Reuters)<\/span><\/p>\n<\/div>\n<\/div>\n<\/div>\n<p>Insight Crime, una organizaci\u00f3n sin fines de lucro que se centra en el crimen y la seguridad organizados en las Am\u00e9ricas, informa que Ecuador es uno de los \u00abcentros de tr\u00e1fico de drogas m\u00e1s importantes\u00bb de la regi\u00f3n y env\u00eda coca\u00edna de Per\u00fa y Colombia a Centroam\u00e9rica, M\u00e9xico y Europa. Muchas de estas organizaciones de tr\u00e1fico de drogas que trabajan a trav\u00e9s de representantes locales y otros grupos criminales se han infiltrado en el sistema penitenciario y han ampliado su red de pandillas callejeras. <\/p>\n<p>Los diversos grupos que operan en toda la sociedad ecuatoriana y dentro del sistema penitenciario trabajan con narcotraficantes nacionales e internacionales, incluido el Cartel de Sinaloa, considerado una de las organizaciones de tr\u00e1fico de drogas m\u00e1s poderosas del mundo y responsables de una gran cantidad de fentanilo de trafica en los Estados Unidos, seg\u00fan el Departamento de Justicia. <\/p>\n<p>El presidente Nemaa y Gonz\u00e1lez recibieron alrededor del 44% de los votos en la primera ronda de las elecciones. Gonz\u00e1lez es el l\u00edder de la revoluci\u00f3n ciudadana y es considerado el heredero del ex presidente Correa. Tambi\u00e9n est\u00e1 buscando convertirse en la primera mujer presidenta de Ecuador. Si gana, Ecuador podr\u00eda ver un regreso a las pol\u00edticas econ\u00f3micas izquierdistas de la presidencia de Correa.<\/p>\n<div class=\"image-ct inline\">\n<div class=\"m\"><picture><source media=\"(max-width: 767px)\" srcset=\"https:\/\/a57.foxnews.com\/static.foxnews.com\/foxnews.com\/content\/uploads\/2025\/04\/343\/192\/gettyimages-2209110970-scaled.jpg?ve=1&amp;tl=1, https:\/\/a57.foxnews.com\/static.foxnews.com\/foxnews.com\/content\/uploads\/2025\/04\/686\/384\/gettyimages-2209110970-scaled.jpg?ve=1&amp;tl=1 2x\" height=\"192\" width=\"343\"><source media=\"(min-width: 768px) and (max-width: 1023px)\" srcset=\"https:\/\/a57.foxnews.com\/static.foxnews.com\/foxnews.com\/content\/uploads\/2025\/04\/672\/378\/gettyimages-2209110970-scaled.jpg?ve=1&amp;tl=1, https:\/\/a57.foxnews.com\/static.foxnews.com\/foxnews.com\/content\/uploads\/2025\/04\/1344\/756\/gettyimages-2209110970-scaled.jpg?ve=1&amp;tl=1 2x\" height=\"378\" width=\"672\"><source media=\"(min-width: 1024px) and (max-width: 1279px)\" srcset=\"https:\/\/a57.foxnews.com\/static.foxnews.com\/foxnews.com\/content\/uploads\/2025\/04\/931\/523\/gettyimages-2209110970-scaled.jpg?ve=1&amp;tl=1, https:\/\/a57.foxnews.com\/static.foxnews.com\/foxnews.com\/content\/uploads\/2025\/04\/1862\/1046\/gettyimages-2209110970-scaled.jpg?ve=1&amp;tl=1 2x\" height=\"523\" width=\"931\"><source media=\"(min-width: 1280px)\" srcset=\"https:\/\/a57.foxnews.com\/static.foxnews.com\/foxnews.com\/content\/uploads\/2025\/04\/720\/405\/gettyimages-2209110970-scaled.jpg?ve=1&amp;tl=1, https:\/\/a57.foxnews.com\/static.foxnews.com\/foxnews.com\/content\/uploads\/2025\/04\/1440\/810\/gettyimages-2209110970-scaled.jpg?ve=1&amp;tl=1 2x\" height=\"405\" width=\"720\"><img loading=\"lazy\" decoding=\"async\" src=\"https:\/\/a57.foxnews.com\/static.foxnews.com\/foxnews.com\/content\/uploads\/2025\/04\/1200\/675\/gettyimages-2209110970-scaled.jpg?ve=1&amp;tl=1\" alt=\"Ecuador ELECCIONES ELECTIVO\" width=\"1200\" height=\"675\"\/><\/source><\/source><\/source><\/source><\/picture><\/div>\n<div class=\"info\">\n<div class=\"caption\">\n<p><span>Las pancartas con una imagen de Daniel Nnovera, presidente de Ecuador y un candidato presidencial (TOP) y la candidata presidencial izquierdista, Luisa Gonz\u00e1lez, se muestran en una calle en Guayaquil, Ecuador, el 11 de abril de 2025. Ecuador celebrar\u00e1 una acera presidencial el 13 de abril. <\/span> <span>(Ra\u00fal Arboleda\/AFP a trav\u00e9s de Getty Images)<\/span><\/p>\n<\/div>\n<\/div>\n<\/div>\n<p><strong>Excusiva mirada al vuelo de repatriaci\u00f3n de Trump en el avi\u00f3n militar C-17 a Ecuador<\/strong><\/p>\n<p>Quien gane en la segunda ronda tendr\u00e1 que lidiar con una divisi\u00f3n de la Asamblea Nacional Dividada uniformemente entre ambos partidos, lo que dificulta a\u00fan m\u00e1s la legislaci\u00f3n para resolver la violencia end\u00e9mica y los problemas econ\u00f3micos del pa\u00eds.<\/p>\n<p>Sa\u00fal Medina, un ex gobernador de Tungurahua, le dijo a Fox News Digital que, despu\u00e9s del ciclo electoral, se debe promulgar una estrategia integral y decidida para combatir la violencia de las pandillas. <\/p>\n<div class=\"image-ct inline\">\n<div class=\"m\"><picture><source media=\"(max-width: 767px)\" srcset=\"https:\/\/a57.foxnews.com\/static.foxnews.com\/foxnews.com\/content\/uploads\/2024\/01\/343\/192\/Ecuador-TV-3.jpg?ve=1&amp;tl=1, https:\/\/a57.foxnews.com\/static.foxnews.com\/foxnews.com\/content\/uploads\/2024\/01\/686\/384\/Ecuador-TV-3.jpg?ve=1&amp;tl=1 2x\" height=\"192\" width=\"343\"><source media=\"(min-width: 768px) and (max-width: 1023px)\" srcset=\"https:\/\/a57.foxnews.com\/static.foxnews.com\/foxnews.com\/content\/uploads\/2024\/01\/672\/378\/Ecuador-TV-3.jpg?ve=1&amp;tl=1, https:\/\/a57.foxnews.com\/static.foxnews.com\/foxnews.com\/content\/uploads\/2024\/01\/1344\/756\/Ecuador-TV-3.jpg?ve=1&amp;tl=1 2x\" height=\"378\" width=\"672\"><source media=\"(min-width: 1024px) and (max-width: 1279px)\" srcset=\"https:\/\/a57.foxnews.com\/static.foxnews.com\/foxnews.com\/content\/uploads\/2024\/01\/931\/523\/Ecuador-TV-3.jpg?ve=1&amp;tl=1, https:\/\/a57.foxnews.com\/static.foxnews.com\/foxnews.com\/content\/uploads\/2024\/01\/1862\/1046\/Ecuador-TV-3.jpg?ve=1&amp;tl=1 2x\" height=\"523\" width=\"931\"><source media=\"(min-width: 1280px)\" srcset=\"https:\/\/a57.foxnews.com\/static.foxnews.com\/foxnews.com\/content\/uploads\/2024\/01\/720\/405\/Ecuador-TV-3.jpg?ve=1&amp;tl=1, https:\/\/a57.foxnews.com\/static.foxnews.com\/foxnews.com\/content\/uploads\/2024\/01\/1440\/810\/Ecuador-TV-3.jpg?ve=1&amp;tl=1 2x\" height=\"405\" width=\"720\"><img loading=\"lazy\" decoding=\"async\" src=\"https:\/\/a57.foxnews.com\/static.foxnews.com\/foxnews.com\/content\/uploads\/2024\/01\/1200\/675\/Ecuador-TV-3.jpg?ve=1&amp;tl=1\" alt=\"Hombres detenidos\" width=\"1200\" height=\"675\"\/><\/source><\/source><\/source><\/source><\/picture><\/div>\n<div class=\"info\">\n<div class=\"caption\">\n<p><span>Los hombres se encuentran boca abajo en el suelo, detenido por la polic\u00eda fuera de TC Television despu\u00e9s de que un productor le dijo a la polic\u00eda que formaban parte de un grupo que rompi\u00f3 en su set durante una transmisi\u00f3n en vivo en Guayaquil, Ecuador.<\/span> <span>(AP\/Cesar Mu\u00f1oz)<\/span><\/p>\n<\/div>\n<\/div>\n<\/div>\n<p><strong><u>Haga clic aqu\u00ed para obtener la aplicaci\u00f3n Fox News<\/u><\/strong><\/p>\n<p>Dos de los problemas m\u00e1s importantes que deben abordarse, seg\u00fan Medina, son fortalecer las instituciones y ejecutar una mejor supervisi\u00f3n del sistema de polic\u00eda y justicia para eliminar la corrupci\u00f3n y la reforma penitenciaria.<\/p>\n<p>\u00abLas prisiones deben dejar de ser centros operativos para pandillas\u00bb, agreg\u00f3 Medina.<\/p>\n<p>Valdez Duffao, Humire y otros expertos en Am\u00e9rica Latina acordaron que Neboa se ha congratizado con el presidente Trump. Son ideol\u00f3gicamente similares y, si novoa ganar, podr\u00eda ponerlo en una mejor posici\u00f3n para abordar la violencia end\u00e9mica del pa\u00eds. <\/p>\n<p> <!----> <\/div>\n\n","protected":false},"excerpt":{"rendered":"<p>Los ecuatorianos van a las urnas hoy en una elecci\u00f3n de segunda vuelta entre el presidente titular Daniel Nnovera y la retadora izquierdista Luisa Gonz\u00e1lez. Neloa es vista como un conservador pro-Trump, mientras que Gonz\u00e1lez es visto como un aliado ideol\u00f3gico del dictador venezolano Nicol\u00e1s Maduro. Neboa se neg\u00f3 a reconocer a Maduro como el &hellip;<\/p>\n","protected":false},"author":1,"featured_media":22742,"comment_status":"open","ping_status":"open","sticky":false,"template":"","format":"standard","meta":{"fifu_image_url":"https:\/\/static.foxnews.com\/foxnews.com\/content\/uploads\/2025\/04\/gettyimages-2209110970-scaled.jpg","fifu_image_alt":"","footnotes":""},"categories":[13],"tags":[],"class_list":["post-22740","post","type-post","status-publish","format-standard","has-post-thumbnail","","category-mundo"],"_links":{"self":[{"href":"https:\/\/noticiasveraces.com\/index.php?rest_route=\/wp\/v2\/posts\/22740","targetHints":{"allow":["GET"]}}],"collection":[{"href":"https:\/\/noticiasveraces.com\/index.php?rest_route=\/wp\/v2\/posts"}],"about":[{"href":"https:\/\/noticiasveraces.com\/index.php?rest_route=\/wp\/v2\/types\/post"}],"author":[{"embeddable":true,"href":"https:\/\/noticiasveraces.com\/index.php?rest_route=\/wp\/v2\/users\/1"}],"replies":[{"embeddable":true,"href":"https:\/\/noticiasveraces.com\/index.php?rest_route=%2Fwp%2Fv2%2Fcomments&post=22740"}],"version-history":[{"count":0,"href":"https:\/\/noticiasveraces.com\/index.php?rest_route=\/wp\/v2\/posts\/22740\/revisions"}],"wp:featuredmedia":[{"embeddable":true,"href":"https:\/\/noticiasveraces.com\/index.php?rest_route=\/wp\/v2\/media\/22742"}],"wp:attachment":[{"href":"https:\/\/noticiasveraces.com\/index.php?rest_route=%2Fwp%2Fv2%2Fmedia&parent=22740"}],"wp:term":[{"taxonomy":"category","embeddable":true,"href":"https:\/\/noticiasveraces.com\/index.php?rest_route=%2Fwp%2Fv2%2Fcategories&post=22740"},{"taxonomy":"post_tag","embeddable":true,"href":"https:\/\/noticiasveraces.com\/index.php?rest_route=%2Fwp%2Fv2%2Ftags&post=22740"}],"curies":[{"name":"wp","href":"https:\/\/api.w.org\/{rel}","templated":true}]}}