{"id":22714,"date":"2025-04-13T03:40:57","date_gmt":"2025-04-13T07:40:57","guid":{"rendered":"https:\/\/noticiasveraces.com\/?p=22714"},"modified":"2025-04-13T03:40:57","modified_gmt":"2025-04-13T07:40:57","slug":"ecuador-noboa-decreta-un-nuevo-estado-de-excepcion-en-la-vispera-de-las-elecciones-presidenciales","status":"publish","type":"post","link":"https:\/\/noticiasveraces.com\/?p=22714","title":{"rendered":"Ecuador: Noboa decreta un nuevo estado de excepci\u00f3n en la v\u00edspera de las elecciones presidenciales"},"content":{"rendered":"<p> \n<br \/><img decoding=\"async\" src=\"https:\/\/s.france24.com\/media\/display\/06d0ac8a-141e-11f0-872a-005056bfb2b6\/w:1024\/p:16x9\/AP25097548716194.jpg\" \/><br \/>El presidente de Ecuador ha sorprendido al pa\u00eds con un nuevo decreto de excepci\u00f3n \u2014el noveno desde que asumi\u00f3 el cargo\u2014 que suspende las garant\u00edas constitucionales de los ciudadanos 24 horas antes de la elecci\u00f3n presidencial, que se decidir\u00e1n en una tensa segunda vuelta y cuyos resultados se anticipan ser\u00e1n muy estrechos.<br \/>\n<br \/>\n","protected":false},"excerpt":{"rendered":"<p>El presidente de Ecuador ha sorprendido al pa\u00eds con un nuevo decreto de excepci\u00f3n \u2014el noveno desde que asumi\u00f3 el cargo\u2014 que suspende las garant\u00edas constitucionales de los ciudadanos 24 horas antes de la elecci\u00f3n presidencial, que se decidir\u00e1n en una tensa segunda vuelta y cuyos resultados se anticipan ser\u00e1n muy estrechos.<\/p>\n","protected":false},"author":1,"featured_media":22716,"comment_status":"open","ping_status":"open","sticky":false,"template":"","format":"standard","meta":{"fifu_image_url":"https:\/\/s.france24.com\/media\/display\/06d0ac8a-141e-11f0-872a-005056bfb2b6\/w:1024\/p:16x9\/AP25097548716194.jpg","fifu_image_alt":"","footnotes":""},"categories":[13],"tags":[],"class_list":["post-22714","post","type-post","status-publish","format-standard","has-post-thumbnail","","category-mundo"],"_links":{"self":[{"href":"https:\/\/noticiasveraces.com\/index.php?rest_route=\/wp\/v2\/posts\/22714","targetHints":{"allow":["GET"]}}],"collection":[{"href":"https:\/\/noticiasveraces.com\/index.php?rest_route=\/wp\/v2\/posts"}],"about":[{"href":"https:\/\/noticiasveraces.com\/index.php?rest_route=\/wp\/v2\/types\/post"}],"author":[{"embeddable":true,"href":"https:\/\/noticiasveraces.com\/index.php?rest_route=\/wp\/v2\/users\/1"}],"replies":[{"embeddable":true,"href":"https:\/\/noticiasveraces.com\/index.php?rest_route=%2Fwp%2Fv2%2Fcomments&post=22714"}],"version-history":[{"count":0,"href":"https:\/\/noticiasveraces.com\/index.php?rest_route=\/wp\/v2\/posts\/22714\/revisions"}],"wp:featuredmedia":[{"embeddable":true,"href":"https:\/\/noticiasveraces.com\/index.php?rest_route=\/wp\/v2\/media\/22716"}],"wp:attachment":[{"href":"https:\/\/noticiasveraces.com\/index.php?rest_route=%2Fwp%2Fv2%2Fmedia&parent=22714"}],"wp:term":[{"taxonomy":"category","embeddable":true,"href":"https:\/\/noticiasveraces.com\/index.php?rest_route=%2Fwp%2Fv2%2Fcategories&post=22714"},{"taxonomy":"post_tag","embeddable":true,"href":"https:\/\/noticiasveraces.com\/index.php?rest_route=%2Fwp%2Fv2%2Ftags&post=22714"}],"curies":[{"name":"wp","href":"https:\/\/api.w.org\/{rel}","templated":true}]}}