{"id":22711,"date":"2025-04-13T02:47:32","date_gmt":"2025-04-13T06:47:32","guid":{"rendered":"https:\/\/noticiasveraces.com\/?p=22711"},"modified":"2025-04-13T02:47:32","modified_gmt":"2025-04-13T06:47:32","slug":"ivan-mejia-critico-ampliacion-del-estadio-metropolitano-pan-y-circo","status":"publish","type":"post","link":"https:\/\/noticiasveraces.com\/?p=22711","title":{"rendered":"Iv\u00e1n Mej\u00eda critic\u00f3 ampliaci\u00f3n del estadio Metropolitano: \u2018Pan y circo\u2019"},"content":{"rendered":"<p> \n<br \/><img decoding=\"async\" src=\"https:\/\/www.futbolred.com\/files\/article_graphic\/uploads\/2025\/04\/12\/67fa9461e1d9e.jpeg\" \/><\/p>\n<header>\n<h3>\n<p>                Curiosidades de f\u00fatbol<br \/>\n            <\/h3>\n<h1>\n<p>            Iv\u00e1n Mej\u00eda critic\u00f3 ampliaci\u00f3n del estadio Metropolitano: \u2018Pan y circo\u2019<br \/>\n        <\/h1>\n<address>\n            <a>Juan Pablo Ar\u00e9valo<br \/>\n        <\/address>\n<p>            12 de abril 2025 , 11:44 a.\u00a0m.<\/p>\n<\/header>\n<p>El reconocido periodista cuestion\u00f3 la decisi\u00f3n del alcalde de Barranquilla, Alejandro Char.<\/p>\n<p>Se anunci\u00f3 con bombos y platillos: el estadio Metropolitano ser\u00e1 remodelado para aumentar su capacidad y afianzarse como el escenario deportivo m\u00e1s grande de Colombia.<\/p>\n<p>Alejandro Char, alcalde de Barranquilla, anunci\u00f3 que \u2018la casa de la Selecci\u00f3n\u2019 ser\u00e1 ampliada: \u201cVa a ganar tama\u00f1o, le vamos a meter 20.000 sillas m\u00e1s. Vamos a hacer esa inversi\u00f3n\u201d, declar\u00f3 el mandatario, confirmando que el \u2018Metro\u2019 parara a tener una capacidad para 65.000 espectadores.<\/p>\n<p>Ante la noticia, el mordaz periodista Iv\u00e1n Mej\u00eda \u00c1lvarez, quien est\u00e1 retirado de los medios tradicionales, pero vigente y activo en las redes sociales, explot\u00f3 contra la decisi\u00f3n del alcalde barranquillero de hacer una millonaria inversi\u00f3n para ampliar el estadio.<\/p>\n<p>\u201cPan y circo. Se llena m\u00e1ximo diez veces por a\u00f1o y van a invertir una millonada en remodelarlo. El gasto social contra la inseguridad, el hambre, la miseria, la desigualdad, no tiene efecto ac\u00e1. El gobierno del oropel\u201d, cuestion\u00f3 Mej\u00eda en cuenta de X (antes Twitter).<\/p>\n\n","protected":false},"excerpt":{"rendered":"<p>Curiosidades de f\u00fatbol Iv\u00e1n Mej\u00eda critic\u00f3 ampliaci\u00f3n del estadio Metropolitano: \u2018Pan y circo\u2019 Juan Pablo Ar\u00e9valo 12 de abril 2025 , 11:44 a.\u00a0m. El reconocido periodista cuestion\u00f3 la decisi\u00f3n del alcalde de Barranquilla, Alejandro Char. Se anunci\u00f3 con bombos y platillos: el estadio Metropolitano ser\u00e1 remodelado para aumentar su capacidad y afianzarse como el escenario &hellip;<\/p>\n","protected":false},"author":1,"featured_media":22713,"comment_status":"open","ping_status":"open","sticky":false,"template":"","format":"standard","meta":{"fifu_image_url":"https:\/\/www.futbolred.com\/files\/og_thumbnail\/uploads\/2025\/04\/12\/67fa9461e1d9e.jpeg","fifu_image_alt":"","footnotes":""},"categories":[6],"tags":[],"class_list":["post-22711","post","type-post","status-publish","format-standard","has-post-thumbnail","","category-deportes"],"_links":{"self":[{"href":"https:\/\/noticiasveraces.com\/index.php?rest_route=\/wp\/v2\/posts\/22711","targetHints":{"allow":["GET"]}}],"collection":[{"href":"https:\/\/noticiasveraces.com\/index.php?rest_route=\/wp\/v2\/posts"}],"about":[{"href":"https:\/\/noticiasveraces.com\/index.php?rest_route=\/wp\/v2\/types\/post"}],"author":[{"embeddable":true,"href":"https:\/\/noticiasveraces.com\/index.php?rest_route=\/wp\/v2\/users\/1"}],"replies":[{"embeddable":true,"href":"https:\/\/noticiasveraces.com\/index.php?rest_route=%2Fwp%2Fv2%2Fcomments&post=22711"}],"version-history":[{"count":0,"href":"https:\/\/noticiasveraces.com\/index.php?rest_route=\/wp\/v2\/posts\/22711\/revisions"}],"wp:featuredmedia":[{"embeddable":true,"href":"https:\/\/noticiasveraces.com\/index.php?rest_route=\/wp\/v2\/media\/22713"}],"wp:attachment":[{"href":"https:\/\/noticiasveraces.com\/index.php?rest_route=%2Fwp%2Fv2%2Fmedia&parent=22711"}],"wp:term":[{"taxonomy":"category","embeddable":true,"href":"https:\/\/noticiasveraces.com\/index.php?rest_route=%2Fwp%2Fv2%2Fcategories&post=22711"},{"taxonomy":"post_tag","embeddable":true,"href":"https:\/\/noticiasveraces.com\/index.php?rest_route=%2Fwp%2Fv2%2Ftags&post=22711"}],"curies":[{"name":"wp","href":"https:\/\/api.w.org\/{rel}","templated":true}]}}