{"id":22673,"date":"2025-04-12T20:46:57","date_gmt":"2025-04-13T00:46:57","guid":{"rendered":"https:\/\/noticiasveraces.com\/?p=22673"},"modified":"2025-04-12T20:46:57","modified_gmt":"2025-04-13T00:46:57","slug":"juan-daniel-roa-exjugador-de-santa-fe-confeso-dura-situacion-que-vivio-por-enfermedad-emotivo-curiosidades-de-futbol","status":"publish","type":"post","link":"https:\/\/noticiasveraces.com\/?p=22673","title":{"rendered":"Juan Daniel Roa, exjugador de Santa Fe, confes\u00f3 dura situaci\u00f3n que vivi\u00f3 por enfermedad: emotivo | Curiosidades de f\u00fatbol"},"content":{"rendered":"<p> \n<\/p>\n<div id=\"cuerpoArticulo\">\n<p class=\"texto intro\" id=\"p242030-m1119-1118-1120\">Juan Daniel Roa, recordado por su paso por Santa Fe, pero tambi\u00e9n por equipos como el Deportivo Cali o Alianza Petrolera, ha vivido un verdadero drama a ra\u00edz de una enfermedad que lo oblig\u00f3 a retirarse del f\u00fatbol profesional.<\/p>\n<p>Desde ni\u00f1o fue diagnosticado con displasia de cadera, algo que no le impidi\u00f3 cumplir su sue\u00f1o de ser jugador, sin embargo, este le\u00f3n dormido, se despert\u00f3 y de una manera que ha hecho padecer al exfutbolista de 33 a\u00f1os. <\/p>\n<p>\u201cEl dolor era m\u00e1s fuerte, perd\u00eda movilidad en la cadera derecha. Al ser futbolista profesional, eso es frustrante. Comenc\u00e9 a probar de todo: col\u00e1geno, glucosamina, remedios, menjurjes para los cart\u00edlagos, me hac\u00eda procedimientos de \u00e1cido hialur\u00f3nico con plasma cada 6 meses, pero ya no me hac\u00eda lo mismo\u201d, dijo en conversaci\u00f3n con El Tiempo. <\/p>\n<p class=\"texto contenido-parrafo-articulo\" id=\"p242030-m1182-3-1183\">Desde hace aproximadamente ocho a\u00f1os, empez\u00f3 a sentir dolores que no le permit\u00edan estar en su estado normal, incluso, no pod\u00eda cumplir con sus entrenamientos habituales. <\/p>\n<p>Ante la situaci\u00f3n, se realiz\u00f3 tratamientos al punto de utilizar corticoides para aliviar el dolor. Pero tan grave era su dolor que tom\u00f3 la decisi\u00f3n de operarse para reemplazar toda su cadera derecha por una pr\u00f3tesis que le dar\u00eda la oportunidad de jugar por un tiempo m\u00e1s. <\/p>\n<p class=\"texto contenido-parrafo-articulo\" id=\"p242030-m1194-5-1195\">Debido a la actividad deportiva, esta pr\u00f3tesis se sali\u00f3 y se vio en la obligaci\u00f3n de volver al quir\u00f3fano, donde se le pusieron tornillos para evitar una nueva luxaci\u00f3n. <\/p>\n<p>Al ser cuestionado sobre cu\u00e1nto era su dolor, Roa responde: \u00a1Diez. Era brutal! <\/p>\n<p>\u201cLlego el punto en el que no pod\u00eda ni amarrarme los guayos, yo que era futbolista, ah\u00ed decid\u00ed mi primera operaci\u00f3n\u201d, dijo Roa.<\/p>\n<div class=\"fotografia caja-articulo\" id=\"p242030-m1200-6-1201\">\n<div class=\"imagen-cuerpo-bk\">\n<figure itemscope=\"\" itemtype=\"https:\/\/schema.org\/ImageObject\" itemprop=\"image\" id=\"m1205-1204-1206\" class=\"foto-galeria-articulo imagen-articulo foto-texto-articulo-galeria\"><img decoding=\"async\" alt=\"Jugadores bogotanos en Liga\" src=\"data:image\/png;base64,iVBORw0KGgoAAAANSUhEUgAAAAEAAAABCAQAAAC1HAwCAAAAC0lEQVR42mP8\/x0AAvsB+DlKarAAAAAASUVORK5CYII=\" style=\" display: inline;\" data-original=\"\/files\/article_content\/uploads\/2018\/08\/05\/5b6784fc3ed98.jpeg\"\/><meta itemprop=\"width\" content=\"600\"\/><meta itemprop=\"height\" content=\"450\"\/> <meta itemprop=\"url\" content=\"https:\/\/www.futbolred.com\/files\/article_content\/uploads\/2018\/08\/05\/5b6784fc3ed98.jpeg\"\/><\/figure>\n<\/div>\n<div class=\"figcaption-cuerpo-bk credito-image-bk\"><figcaption class=\"foto-info\">\n<div class=\"titulo-foto-bk\">\n<p id=\"m1212-1-1213\" class=\"titulo pie-de-foto\">Juan Daniel Roa, volante de Santa Fe.<\/p>\n<\/div>\n<p class=\"credito\">\n                            <span class=\"linea pre_credito\">Foto:<\/span><\/p>\n<p>                        <span id=\"m1218-2-1219\" class=\"autor\">Archivo ETCE<\/span><\/p>\n<\/figcaption><\/div>\n<\/p><\/div>\n<p class=\"texto contenido-parrafo-articulo\" id=\"p242030-m1226-7-1227\">Su paso por Santa Fe termin\u00f3 y arrib\u00f3 a Alianza, donde todo empeor\u00f3. \u201cProb\u00e9 de todo, cannabis, analg\u00e9sicos, me tomaba m\u00e1s de 20 pastillas diarias, y nada. Pon\u00eda mi salud en riesgo con tantas pastillas, pero por el deseo de jugar dec\u00eda: \u2018yo puedo, yo puedo\u2019\u00bb, relat\u00f3.<\/p>\n<p>Pero finalmente, el retiro fue su \u00fanica salida y ahora, con tres cirugias encima, dice que ya parece \u00abun Robocob\u00bb.<\/p>\n<div class=\"fotografia caja-articulo\" id=\"p242030-m1232-8-1233\">\n<div class=\"imagen-cuerpo-bk\">\n<figure itemscope=\"\" itemtype=\"https:\/\/schema.org\/ImageObject\" itemprop=\"image\" id=\"m1237-1236-1238\" class=\"foto-galeria-articulo imagen-articulo foto-texto-articulo-galeria\"><img decoding=\"async\" alt=\"Juan Daniel Roa: un mill\u00f3n treinta y cinco mil euros. El lateral derecho de Santa Fe est\u00e1 por encima de Daniel Bocanegra, quien lo sigue con un mill\u00f3n trece mil euros.\" src=\"data:image\/png;base64,iVBORw0KGgoAAAANSUhEUgAAAAEAAAABCAQAAAC1HAwCAAAAC0lEQVR42mP8\/x0AAvsB+DlKarAAAAAASUVORK5CYII=\" style=\" display: inline;\" data-original=\"\/files\/article_content\/uploads\/2018\/02\/08\/5a7c7eb973886.jpeg\"\/><meta itemprop=\"width\" content=\"600\"\/><meta itemprop=\"height\" content=\"450\"\/> <meta itemprop=\"url\" content=\"https:\/\/www.futbolred.com\/files\/article_content\/uploads\/2018\/02\/08\/5a7c7eb973886.jpeg\"\/><\/figure>\n<\/div>\n<div class=\"figcaption-cuerpo-bk credito-image-bk\"><figcaption class=\"foto-info\">\n<p class=\"credito\">\n                            <span class=\"linea pre_credito\">Foto:<\/span><\/p>\n<p>                        <span id=\"m1250-2-1251\" class=\"autor\">MAURICIO LE\u00d3N\/ETCE<\/span><\/p>\n<\/figcaption><\/div>\n<\/p><\/div>\n<p class=\"texto contenido-parrafo-articulo\" id=\"p242030-m1258-9-1259\">Todo parece haber quedado atr\u00e1s. \u201cGracias a Dios estoy superrecuperado, llevando una vida sin dolor despu\u00e9s de pr\u00e1cticamente ocho a\u00f1os&#8230; Puedo hacer cosas como estar sentado, estar parado, todo de a poco, se necesita que la pr\u00f3tesis se adapte bien y pegue bien en el hueso, se necesita buena recuperaci\u00f3n, no acelerar porque no quedar\u00eda bien\u201d, complement\u00f3.<\/p>\n<p>Finalmente, reconoce que no quiere alejarse del balompi\u00e9. \u00abQuiero seguir en el f\u00fatbol, estoy estudiando para ser t\u00e9cnico, para el pr\u00f3ximo a\u00f1o empezar a dirigir&#8230; El f\u00fatbol va a ser mi pasi\u00f3n, es lo que amo\u00bb, concluy\u00f3.<\/p>\n<\/p><\/div>\n\n","protected":false},"excerpt":{"rendered":"<p>Juan Daniel Roa, recordado por su paso por Santa Fe, pero tambi\u00e9n por equipos como el Deportivo Cali o Alianza Petrolera, ha vivido un verdadero drama a ra\u00edz de una enfermedad que lo oblig\u00f3 a retirarse del f\u00fatbol profesional. Desde ni\u00f1o fue diagnosticado con displasia de cadera, algo que no le impidi\u00f3 cumplir su sue\u00f1o &hellip;<\/p>\n","protected":false},"author":1,"featured_media":22674,"comment_status":"open","ping_status":"open","sticky":false,"template":"","format":"standard","meta":{"fifu_image_url":"https:\/\/www.futbolred.com\/files\/og_thumbnail\/uploads\/2025\/04\/12\/67fadb614ce0b.jpeg","fifu_image_alt":"","footnotes":""},"categories":[6],"tags":[],"class_list":["post-22673","post","type-post","status-publish","format-standard","has-post-thumbnail","","category-deportes"],"_links":{"self":[{"href":"https:\/\/noticiasveraces.com\/index.php?rest_route=\/wp\/v2\/posts\/22673","targetHints":{"allow":["GET"]}}],"collection":[{"href":"https:\/\/noticiasveraces.com\/index.php?rest_route=\/wp\/v2\/posts"}],"about":[{"href":"https:\/\/noticiasveraces.com\/index.php?rest_route=\/wp\/v2\/types\/post"}],"author":[{"embeddable":true,"href":"https:\/\/noticiasveraces.com\/index.php?rest_route=\/wp\/v2\/users\/1"}],"replies":[{"embeddable":true,"href":"https:\/\/noticiasveraces.com\/index.php?rest_route=%2Fwp%2Fv2%2Fcomments&post=22673"}],"version-history":[{"count":0,"href":"https:\/\/noticiasveraces.com\/index.php?rest_route=\/wp\/v2\/posts\/22673\/revisions"}],"wp:featuredmedia":[{"embeddable":true,"href":"https:\/\/noticiasveraces.com\/index.php?rest_route=\/wp\/v2\/media\/22674"}],"wp:attachment":[{"href":"https:\/\/noticiasveraces.com\/index.php?rest_route=%2Fwp%2Fv2%2Fmedia&parent=22673"}],"wp:term":[{"taxonomy":"category","embeddable":true,"href":"https:\/\/noticiasveraces.com\/index.php?rest_route=%2Fwp%2Fv2%2Fcategories&post=22673"},{"taxonomy":"post_tag","embeddable":true,"href":"https:\/\/noticiasveraces.com\/index.php?rest_route=%2Fwp%2Fv2%2Ftags&post=22673"}],"curies":[{"name":"wp","href":"https:\/\/api.w.org\/{rel}","templated":true}]}}