{"id":22669,"date":"2025-04-12T20:31:03","date_gmt":"2025-04-13T00:31:03","guid":{"rendered":"https:\/\/noticiasveraces.com\/?p=22669"},"modified":"2025-04-12T20:31:03","modified_gmt":"2025-04-13T00:31:03","slug":"fiscalia-archiva-pesquisas-contra-primer-ministro-dw-13-04-2025","status":"publish","type":"post","link":"https:\/\/noticiasveraces.com\/?p=22669","title":{"rendered":"Fiscal\u00eda archiva pesquisas contra primer ministro \u2013 DW \u2013 13\/04\/2025"},"content":{"rendered":"<p> \n<\/p>\n<div>\n<p>El partido pol\u00edtico que lidera el primer ministro de Portugal en funciones, el conservador Lu\u00eds Montenegro, inform\u00f3 este s\u00e1bado (12.04.2025) que una investigaci\u00f3n abierta por la Fiscal\u00eda lusa sobre el patrimonio del jefe de Gobierno de centroderecha fue archivada tras no encontrar irregularidades.<\/p>\n<p>El Partido Social Dem\u00f3crata (PSD) explic\u00f3 en un comunicado que la Fiscal\u00eda, junto con el Tribunal Constitucional, solicit\u00f3 el jueves informaci\u00f3n a Montenegro, que tambi\u00e9n es presidente del PSD, sobre las declaraciones acerca de sus ingresos, patrimonio, intereses e incompatibilidades aportadas fechadas 2022 y 2023.<\/p>\n<p>Tras proporcionar la informaci\u00f3n solicitada, \u00abel presidente del Tribunal Constitucional notific\u00f3 ayer (viernes), tras la propuesta de la Fiscal\u00eda, que archivaba los autos respectivos, decisi\u00f3n tomada el pasado jueves, d\u00eda 10 de abril\u00bb, a\u00f1ade la nota. <\/p>\n<p>Seg\u00fan el PSD, no se encontr\u00f3 \u00abning\u00fan fallo\u00bb ni existe \u00abninguna evaluaci\u00f3n pendiente\u00bb, y el Ministerio P\u00fablico consider\u00f3 \u00abcumplidas todas las aclaraciones adicionales solicitadas\u00bb. <\/p>\n<h2>\u00abNo tengo nada que esconder\u00bb, a\u00f1adi\u00f3.<\/h2>\n<p>Lu\u00eds Montenegro explic\u00f3 este s\u00e1bado en declaraciones a periodistas en Valpa\u00e7os (norte del pa\u00eds) que tiene tres cuentas bancarias y que ninguna de ellas presenta \u00abun saldo superior a 50 salarios m\u00ednimos nacionales\u00bb, el m\u00e1ximo no declarable al Constitucional luso.<\/p>\n<p>El primer ministro ha estado en el foco de la pol\u00e9mica en las \u00faltimas semanas despu\u00e9s de que se conociera la existencia de Spinumviva, una empresa que \u00e9l fund\u00f3 y que ahora dirigen sus hijos, ya que varios partidos ponen en duda su compatibilidad con el cargo pol\u00edtico.<\/p>\n<p>La controversia llev\u00f3 a la dimisi\u00f3n del Gobierno este pasado marzo, al no lograr los apoyos suficientes en una moci\u00f3n de confianza. Tras su ca\u00edda, el presidente de Portugal, Marcelo Rebelo de Sousa, convoc\u00f3 elecciones anticipadas, que se celebrar\u00e1n el 18 de mayo.<\/p>\n<p>Mg (Efe, Express)<\/p>\n<\/p>\n<\/div>\n\n","protected":false},"excerpt":{"rendered":"<p>El partido pol\u00edtico que lidera el primer ministro de Portugal en funciones, el conservador Lu\u00eds Montenegro, inform\u00f3 este s\u00e1bado (12.04.2025) que una investigaci\u00f3n abierta por la Fiscal\u00eda lusa sobre el patrimonio del jefe de Gobierno de centroderecha fue archivada tras no encontrar irregularidades. El Partido Social Dem\u00f3crata (PSD) explic\u00f3 en un comunicado que la Fiscal\u00eda, &hellip;<\/p>\n","protected":false},"author":1,"featured_media":22670,"comment_status":"open","ping_status":"open","sticky":false,"template":"","format":"standard","meta":{"fifu_image_url":"https:\/\/static.dw.com\/image\/71896103_6.jpg","fifu_image_alt":"","footnotes":""},"categories":[13],"tags":[],"class_list":["post-22669","post","type-post","status-publish","format-standard","has-post-thumbnail","","category-mundo"],"_links":{"self":[{"href":"https:\/\/noticiasveraces.com\/index.php?rest_route=\/wp\/v2\/posts\/22669","targetHints":{"allow":["GET"]}}],"collection":[{"href":"https:\/\/noticiasveraces.com\/index.php?rest_route=\/wp\/v2\/posts"}],"about":[{"href":"https:\/\/noticiasveraces.com\/index.php?rest_route=\/wp\/v2\/types\/post"}],"author":[{"embeddable":true,"href":"https:\/\/noticiasveraces.com\/index.php?rest_route=\/wp\/v2\/users\/1"}],"replies":[{"embeddable":true,"href":"https:\/\/noticiasveraces.com\/index.php?rest_route=%2Fwp%2Fv2%2Fcomments&post=22669"}],"version-history":[{"count":0,"href":"https:\/\/noticiasveraces.com\/index.php?rest_route=\/wp\/v2\/posts\/22669\/revisions"}],"wp:featuredmedia":[{"embeddable":true,"href":"https:\/\/noticiasveraces.com\/index.php?rest_route=\/wp\/v2\/media\/22670"}],"wp:attachment":[{"href":"https:\/\/noticiasveraces.com\/index.php?rest_route=%2Fwp%2Fv2%2Fmedia&parent=22669"}],"wp:term":[{"taxonomy":"category","embeddable":true,"href":"https:\/\/noticiasveraces.com\/index.php?rest_route=%2Fwp%2Fv2%2Fcategories&post=22669"},{"taxonomy":"post_tag","embeddable":true,"href":"https:\/\/noticiasveraces.com\/index.php?rest_route=%2Fwp%2Fv2%2Ftags&post=22669"}],"curies":[{"name":"wp","href":"https:\/\/api.w.org\/{rel}","templated":true}]}}