{"id":22666,"date":"2025-04-12T20:20:14","date_gmt":"2025-04-13T00:20:14","guid":{"rendered":"https:\/\/noticiasveraces.com\/?p=22666"},"modified":"2025-04-12T20:20:14","modified_gmt":"2025-04-13T00:20:14","slug":"el-hombre-deportado-por-error-esta-vivo-y-detenido-en-el-salvador-dice-trump-admin","status":"publish","type":"post","link":"https:\/\/noticiasveraces.com\/?p=22666","title":{"rendered":"El hombre deportado por error est\u00e1 vivo y detenido en El Salvador, dice Trump Admin."},"content":{"rendered":"<p> \n<\/p>\n<div>\n<p class=\"body-graf\">La administraci\u00f3n Trump, en una presentaci\u00f3n publicada al expediente, varios minutos despu\u00e9s de una fecha l\u00edmite del s\u00e1bado de las 5 pm, dijo que un hombre deportado por error a El Salvador est\u00e1 vivo y permanece detenido all\u00ed.<\/p>\n<p class=\"body-graf\">La presentaci\u00f3n de fines del d\u00eda est\u00e1 en un esfuerzo por cumplir con la orden del juez de distrito estadounidense de Maryland, Paula Xinis, desde el viernes, que exigi\u00f3 al gobierno que proporcionara un informe de estado diario sobre el paradero y condiciones de Kilmar Abrego Garc\u00eda, junto con cualquier esfuerzo que se haya llevado a llevarlo a los Estados Unidos.<\/p>\n<p class=\"body-graf\">\u00abEntiendo que tengo entendido la presentaci\u00f3n de informes oficiales de nuestra embajada en San Salvador que Abrego Garc\u00eda est\u00e1 celebrada actualmente en el Centro de Confinamiento de Terrorismo en El Salvador\u00bb, escribi\u00f3 Michael G. Kozak, un alto funcionario de la Oficina en la Oficina de Asuntos de Hemisferios Occidentales en el Departamento de Estado, en una declaraci\u00f3n de dos p\u00e1ginas. \u00abEst\u00e1 vivo y seguro en esa instalaci\u00f3n. Est\u00e1 detenido de conformidad con la autoridad dom\u00e9stica soberana de El Salvador\u00bb.<\/p>\n<p class=\"body-graf\">En una presentaci\u00f3n separada tambi\u00e9n presentada el s\u00e1bado por la noche, pidiendo un alivio adicional, los abogados de Abrego Garc\u00eda usaron las palabras del presidente Donald Trump en su contra.<\/p>\n<figure class=\"styles_inlineImage__FvnTh styles_medium__MEKii\"><picture class=\"styles_image__i32F7\" data-testid=\"picture\"><source media=\"(min-width: 1000px)\" srcset=\"https:\/\/media-cldnry.s-nbcnews.com\/image\/upload\/t_fit-560w,f_avif,q_auto:eco,dpr_2\/rockcms\/2025-04\/250409-Kilmar-Abrego-Garcia-mn-0755-d8ceeb.jpg 2x, https:\/\/media-cldnry.s-nbcnews.com\/image\/upload\/t_fit-560w,f_auto,q_auto:best\/rockcms\/2025-04\/250409-Kilmar-Abrego-Garcia-mn-0755-d8ceeb.jpg 1x\"\/><source media=\"(min-width: 320px)\" srcset=\"https:\/\/media-cldnry.s-nbcnews.com\/image\/upload\/t_fit-760w,f_avif,q_auto:eco,dpr_2\/rockcms\/2025-04\/250409-Kilmar-Abrego-Garcia-mn-0755-d8ceeb.jpg 2x, https:\/\/media-cldnry.s-nbcnews.com\/image\/upload\/t_fit-760w,f_auto,q_auto:best\/rockcms\/2025-04\/250409-Kilmar-Abrego-Garcia-mn-0755-d8ceeb.jpg 1x\"\/><img decoding=\"async\" loading=\"lazy\" src=\"https:\/\/media-cldnry.s-nbcnews.com\/image\/upload\/t_fit-760w,f_auto,q_auto:best\/rockcms\/2025-04\/250409-Kilmar-Abrego-Garcia-mn-0755-d8ceeb.jpg\" alt=\"Kilmar Abrego Garcia.\" height=\"400\" width=\"600\"\/><\/picture><figcaption class=\"caption styles_caption__TCewG\" data-testid=\"caption\"><span class=\"caption__container\" data-testid=\"caption__container\">Kilmar Abrego Garcia.<\/span><span class=\"caption__source\" data-testid=\"caption__source\">a trav\u00e9s de Facebook<\/span><\/figcaption><\/figure>\n<p class=\"body-graf\">\u00abAyer, el presidente Trump confirm\u00f3 que Estados Unidos tiene el poder de facilitar la liberaci\u00f3n de Abrego Garc\u00eda de la prisi\u00f3n y regresar a los Estados Unidos:\u00bb Si la Corte Suprema dijera: \u00abTrae a alguien de regreso\u00bb, lo har\u00eda &#8230; Respeto a la Corte Suprema \u00ab, los abogados citaron a Trump como periodistas el viernes por la noche.<\/p>\n<p class=\"body-graf\">Los abogados estaban haciendo referencia a un fallo del jueves del Tribunal Superior que orden\u00f3 a la administraci\u00f3n Trump que \u00abfacilitara\u00bb la liberaci\u00f3n de Abrego Garc\u00eda de una prisi\u00f3n salvadora a la que fue enviado el 15 de marzo.<\/p>\n<p class=\"body-graf\">\u00abPor supuesto\u00bb, escribieron los abogados del hombre, \u00abeso es precisamente lo que hizo la Corte Suprema cuando dictamin\u00f3 que la orden judicial de este Tribunal\u00bb requiere que el gobierno \u00abfacilite\u00bb la liberaci\u00f3n de Abrego Garc\u00eda de la custodia en El Salvador y para asegurarse de que su caso se haya manejado, ya que se hubiera sido si no hubiera sido enviado a El Salvador de El Salvador incorrecto \u00ab\u00bb. \u00ab\u00bb. \u00ab\u00bb. \u00ab.\u00bb \u00ab.\u00bb. \u00ab.\u00bb \u00ab.<\/p>\n<p class=\"body-graf\">Sin embargo, Trump pareci\u00f3 retroceder su mensaje de viernes en un puesto de s\u00e1bado sobre Truth Social.<\/p>\n<p class=\"body-graf\">En el puesto, Trump dijo que est\u00e1 trabajando con el presidente Bukele de El Salvador \u00abpara erradicar organizaciones terroristas y construir un futuro de prosperidad\u00bb.<\/p>\n<p class=\"body-graf\">\u00abEl presidente Bukele ha aceptado gentilmente la custodia de su naci\u00f3n, algunos de los enemigos alien\u00edgenas m\u00e1s violentos del mundo y, en particular, Estados Unidos\u00bb, escribi\u00f3 Trump. \u00abEstos b\u00e1rbaros ahora est\u00e1n bajo la custodia de El Salvador, una naci\u00f3n orgullosa y soberana, y su futuro depende del presidente B y su gobierno\u00bb.<\/p>\n<p class=\"body-graf\">Los dos l\u00edderes est\u00e1n programados para reunirse el lunes en la Casa Blanca.<\/p>\n<p class=\"body-graf\">Los abogados de Abrego Garc\u00eda est\u00e1n pidiendo al tribunal de distrito que ordene al gobierno que, al final del d\u00eda del lunes, tome medidas espec\u00edficas para cumplir con la orden judicial en el caso y para ordenar el descubrimiento acelerado de las acciones del gobierno, o no actuar, al facilitar el regreso de Abrego Garc\u00eda a los Estados Unidos.<\/p>\n<p class=\"body-graf\">Tambi\u00e9n est\u00e1n pidiendo al tribunal que ordene al gobierno que muestre la causa antes de las 10 de la ma\u00f1ana del lunes sobre por qu\u00e9 no debe tener desacato debido a su incumplimiento de las \u00f3rdenes anteriores del tribunal, incluida cualquier incumplimiento de un cumplimiento de la orden del Tribunal del 11 de abril que declar\u00f3 la orden del gobierno necesaria para el viernes, la informaci\u00f3n sobre qu\u00e9 pasos estaba tomando para coordinar la regreso de Abrego Garc\u00eda despu\u00e9s de la orden de la Corte Suprema del d\u00eda anterior.<\/p>\n<p class=\"body-graf\">Xinis el viernes hab\u00eda ordenado a la administraci\u00f3n Trump que \u00abtome todas las medidas disponibles para facilitar\u00bb el regreso de Abrego Garc\u00eda despu\u00e9s de la orden del Tribunal Superior del jueves. Tambi\u00e9n solicit\u00f3 una actualizaci\u00f3n diaria sobre el paradero de Abrego Garc\u00eda.<\/p>\n<p class=\"body-graf\">La decisi\u00f3n de la Corte Suprema no requer\u00eda que la administraci\u00f3n Trump intentara devolver inmediatamente a Abrego Garc\u00eda porque la fecha l\u00edmite de Xinis para llevarlo a casa ya hab\u00eda pasado. Pero la decisi\u00f3n sin firmar declar\u00f3 que el gobierno \u00abdeber\u00eda estar preparado para compartir lo que puede con respecto a los pasos que ha tomado y la perspectiva de m\u00e1s pasos\u00bb.<\/p>\n<p class=\"body-graf\">El fallo rechaz\u00f3 la apelaci\u00f3n de emergencia de la administraci\u00f3n de la orden del 4 de abril de Xinis, que solicit\u00f3 el regreso de Abrego Garc\u00eda antes del 7 de abril.<\/p>\n<p class=\"body-graf\">El viernes, el gobierno dijo que necesitaba m\u00e1s tiempo para proporcionar a Xinis la informaci\u00f3n solicitada sobre Abrego Garc\u00eda.<\/p>\n<p class=\"body-graf\">El padre de Maryland, un residente legal protegido de la deportaci\u00f3n por una orden judicial de 2019, fue enviado por error a la prisi\u00f3n salvadora junto con otros hombres que supuestamente eran miembros de pandillas.<\/p>\n<p class=\"body-graf\">La administraci\u00f3n Trump afirma que Abrego Garc\u00eda es miembro de MS-13, aunque nunca ha sido acusado o condenado por un delito. Sus abogados dijeron que no hay evidencia de que estuviera en la pandilla, y que los funcionarios de inmigraci\u00f3n han admitido que no deber\u00eda haber sido enviado a El Salvador, su pa\u00eds de nacimiento, calific\u00e1ndolo de un \u00aberror administrativo\u00bb.<\/p>\n<p class=\"body-graf\">El s\u00e1bado es la primera vez desde el 15 de marzo que el gobierno dijo que Abrego Garc\u00eda est\u00e1 vivo.<\/p>\n<p class=\"endmark body-graf\">Xinis celebra una audiencia el martes por la tarde para consultar con el gobierno sobre d\u00f3nde est\u00e1 en t\u00e9rminos de llevar a Abrego Garc\u00eda a los Estados Unidos<\/p>\n<\/div>\n\n","protected":false},"excerpt":{"rendered":"<p>La administraci\u00f3n Trump, en una presentaci\u00f3n publicada al expediente, varios minutos despu\u00e9s de una fecha l\u00edmite del s\u00e1bado de las 5 pm, dijo que un hombre deportado por error a El Salvador est\u00e1 vivo y permanece detenido all\u00ed. La presentaci\u00f3n de fines del d\u00eda est\u00e1 en un esfuerzo por cumplir con la orden del juez &hellip;<\/p>\n","protected":false},"author":1,"featured_media":22668,"comment_status":"open","ping_status":"open","sticky":false,"template":"","format":"standard","meta":{"fifu_image_url":"https:\/\/media-cldnry.s-nbcnews.com\/image\/upload\/t_nbcnews-fp-1200-630,f_auto,q_auto:best\/rockcms\/2025-04\/250409-Kilmar-Abrego-Garcia-mn-0755-d8ceeb.jpg","fifu_image_alt":"","footnotes":""},"categories":[4],"tags":[],"class_list":["post-22666","post","type-post","status-publish","format-standard","has-post-thumbnail","","category-historias-destacadas"],"_links":{"self":[{"href":"https:\/\/noticiasveraces.com\/index.php?rest_route=\/wp\/v2\/posts\/22666","targetHints":{"allow":["GET"]}}],"collection":[{"href":"https:\/\/noticiasveraces.com\/index.php?rest_route=\/wp\/v2\/posts"}],"about":[{"href":"https:\/\/noticiasveraces.com\/index.php?rest_route=\/wp\/v2\/types\/post"}],"author":[{"embeddable":true,"href":"https:\/\/noticiasveraces.com\/index.php?rest_route=\/wp\/v2\/users\/1"}],"replies":[{"embeddable":true,"href":"https:\/\/noticiasveraces.com\/index.php?rest_route=%2Fwp%2Fv2%2Fcomments&post=22666"}],"version-history":[{"count":0,"href":"https:\/\/noticiasveraces.com\/index.php?rest_route=\/wp\/v2\/posts\/22666\/revisions"}],"wp:featuredmedia":[{"embeddable":true,"href":"https:\/\/noticiasveraces.com\/index.php?rest_route=\/wp\/v2\/media\/22668"}],"wp:attachment":[{"href":"https:\/\/noticiasveraces.com\/index.php?rest_route=%2Fwp%2Fv2%2Fmedia&parent=22666"}],"wp:term":[{"taxonomy":"category","embeddable":true,"href":"https:\/\/noticiasveraces.com\/index.php?rest_route=%2Fwp%2Fv2%2Fcategories&post=22666"},{"taxonomy":"post_tag","embeddable":true,"href":"https:\/\/noticiasveraces.com\/index.php?rest_route=%2Fwp%2Fv2%2Ftags&post=22666"}],"curies":[{"name":"wp","href":"https:\/\/api.w.org\/{rel}","templated":true}]}}