{"id":22662,"date":"2025-04-12T18:29:20","date_gmt":"2025-04-12T22:29:20","guid":{"rendered":"https:\/\/noticiasveraces.com\/?p=22662"},"modified":"2025-04-12T18:29:20","modified_gmt":"2025-04-12T22:29:20","slug":"la-onu-teme-mas-de-cien-muertos-en-ataques-en-darfur-norte-dw-12-04-2025","status":"publish","type":"post","link":"https:\/\/noticiasveraces.com\/?p=22662","title":{"rendered":"La ONU teme m\u00e1s de cien muertos en ataques en Darfur Norte \u2013 DW \u2013 12\/04\/2025"},"content":{"rendered":"<p> \n<\/p>\n<div>\n<p>M\u00e1s de cien personas, entre ellas veinte ni\u00f1os, habr\u00edan muerto en ataques lanzados el viernes por los paramilitares de las Fuerzas de Apoyo R\u00e1pido (FAR) contra dos campamentos de desplazados y una ciudad en Darfur, oeste de Sud\u00e1n, inform\u00f3 el s\u00e1bado (12.04.2025) Naciones Unidas. Las FAR, en guerra contra el ej\u00e9rcito desde hace cerca de dos a\u00f1os, lanzaron el viernes \u00abataques terrestres y a\u00e9reos coordinados contra El Facher, as\u00ed como contra los campamentos de desplazados de Zamzam y de Abu Chuk\u00bb, indic\u00f3 la Oficina de coordinaci\u00f3n de asuntos humanitarios de la ONU.<\/p>\n<p>La coordinadora residente y de asuntos humanitarios de Naciones Unidas en Sud\u00e1n, Clementine Nkweta-Salami, afirm\u00f3 que \u00abse teme que hayan muerto m\u00e1s de cien personas, entre ellas m\u00e1s de veinte ni\u00f1os\u00bb, en los ataques de ayer de las \u00abfuerzas afiliadas a las Fuerzas de Apoyo R\u00e1pido (FAR)\u00bb. Entre las v\u00edctimas figuran 9 trabajadores humanitarios, lament\u00f3, \u00abasesinados mientras realizaban una misi\u00f3n de apoyo a los m\u00e1s vulnerables\u00bb. \u00abLos colegas de una organizaci\u00f3n no gubernamental internacional fueron asesinados mientras operaban en uno de los pocos puestos de salud que quedan operativos en el campo\u00bb, a\u00f1adi\u00f3 la responsable.<\/p>\n<p>El comit\u00e9 local de resistencia en El Facher, un grupo prodemocracia, registr\u00f3 el viernes 57 civiles muertos en los ataques. El Ej\u00e9rcito hab\u00eda dado un balance de 74 muertos en El Facher, la \u00faltima capital en el Darfur controlado\u00a0por su tropas, y contra la que los paramilitares intensificaron sus ataques en las \u00faltimas semanas despu\u00e9s de retirarse de Jartum. Hasta el momento, las FAR no se han pronunciado ante esta informaci\u00f3n.<\/p>\n<p>Esto representa otra \u00abescalada mortal e inaceptable en una serie de ataques brutales contra personas desplazadas y trabajadores humanitarios en Sud\u00e1n desde el inicio de este conflicto hace casi dos a\u00f1os\u00bb, asever\u00f3 Nkweta-Salami, e inst\u00f3 \u00abencarecidamente a quienes cometen tales actos a que desistan de inmediato\u00bb. \u00abNo podemos mirar hacia otro lado ante estas atrocidades\u00bb, zanj\u00f3.<\/p>\n<p>LGC (AFP, EFE)<\/p>\n<\/div>\n\n","protected":false},"excerpt":{"rendered":"<p>M\u00e1s de cien personas, entre ellas veinte ni\u00f1os, habr\u00edan muerto en ataques lanzados el viernes por los paramilitares de las Fuerzas de Apoyo R\u00e1pido (FAR) contra dos campamentos de desplazados y una ciudad en Darfur, oeste de Sud\u00e1n, inform\u00f3 el s\u00e1bado (12.04.2025) Naciones Unidas. Las FAR, en guerra contra el ej\u00e9rcito desde hace cerca de &hellip;<\/p>\n","protected":false},"author":1,"featured_media":22663,"comment_status":"open","ping_status":"open","sticky":false,"template":"","format":"standard","meta":{"fifu_image_url":"https:\/\/static.dw.com\/image\/72230164_6.jpg","fifu_image_alt":"","footnotes":""},"categories":[13],"tags":[],"class_list":["post-22662","post","type-post","status-publish","format-standard","has-post-thumbnail","","category-mundo"],"_links":{"self":[{"href":"https:\/\/noticiasveraces.com\/index.php?rest_route=\/wp\/v2\/posts\/22662","targetHints":{"allow":["GET"]}}],"collection":[{"href":"https:\/\/noticiasveraces.com\/index.php?rest_route=\/wp\/v2\/posts"}],"about":[{"href":"https:\/\/noticiasveraces.com\/index.php?rest_route=\/wp\/v2\/types\/post"}],"author":[{"embeddable":true,"href":"https:\/\/noticiasveraces.com\/index.php?rest_route=\/wp\/v2\/users\/1"}],"replies":[{"embeddable":true,"href":"https:\/\/noticiasveraces.com\/index.php?rest_route=%2Fwp%2Fv2%2Fcomments&post=22662"}],"version-history":[{"count":0,"href":"https:\/\/noticiasveraces.com\/index.php?rest_route=\/wp\/v2\/posts\/22662\/revisions"}],"wp:featuredmedia":[{"embeddable":true,"href":"https:\/\/noticiasveraces.com\/index.php?rest_route=\/wp\/v2\/media\/22663"}],"wp:attachment":[{"href":"https:\/\/noticiasveraces.com\/index.php?rest_route=%2Fwp%2Fv2%2Fmedia&parent=22662"}],"wp:term":[{"taxonomy":"category","embeddable":true,"href":"https:\/\/noticiasveraces.com\/index.php?rest_route=%2Fwp%2Fv2%2Fcategories&post=22662"},{"taxonomy":"post_tag","embeddable":true,"href":"https:\/\/noticiasveraces.com\/index.php?rest_route=%2Fwp%2Fv2%2Ftags&post=22662"}],"curies":[{"name":"wp","href":"https:\/\/api.w.org\/{rel}","templated":true}]}}