{"id":22636,"date":"2025-04-12T13:29:34","date_gmt":"2025-04-12T17:29:34","guid":{"rendered":"https:\/\/noticiasveraces.com\/?p=22636"},"modified":"2025-04-12T13:29:34","modified_gmt":"2025-04-12T17:29:34","slug":"los-compradores-de-ms-dicen-que-la-chaqueta-de-servicios-publicos-de-49-50-es-una-de-las-mejores-compras-hechas","status":"publish","type":"post","link":"https:\/\/noticiasveraces.com\/?p=22636","title":{"rendered":"Los compradores de M&#038;S dicen que la chaqueta de servicios p\u00fablicos de \u00a3 49.50 es &#8216;una de las mejores compras hechas&#8217;"},"content":{"rendered":"<p> \n<\/p>\n<div>\n<p>A medida que el fr\u00edo del invierno disminuye, los aficionados a la moda est\u00e1n abandonando sus pesadas abrigos para las alternativas m\u00e1s ligeras de la primavera. Para aquellos que consideran una nueva adici\u00f3n a su guardarropa, M&#038;S ha presentado una elegante chaqueta de servicios p\u00fablicos que ha ganado elogios de los clientes por su versatilidad, con revisiones que lo declaran \u00abuna de las mejores compras realizadas en mucho tiempo\u00bb.<\/p>\n<p>Hecho a partir de una tela de lona de algod\u00f3n de algod\u00f3n, la chaqueta de utilidad liviana de algod\u00f3n puro, con un precio de \u00a3 49.50, es perfecto para el uso diario con sus caracter\u00edsticas inspiradas en utilidad como m\u00faltiples bolsillos delanteros, un collar elegante de cuello alto y cierres de popper f\u00e1ciles de usar. Junto con una cintura con cord\u00f3n cinematogr\u00e1fica para una forma halagadora, esta prenda de moda se combina sin problemas con jeans y pantalones casuales, as\u00ed como vestimenta inteligente para una amplia gama de looks esta temporada.<\/p>\n<p>La pieza se ha celebrado en el sitio web de M&#038;S, logrando un puntaje de revisi\u00f3n promedio estelar de 4.5 de cinco estrellas.<\/p>\n<\/div>\n<div>\n<p>Un cliente encantado coment\u00f3: \u00abLa chaqueta fabulosa. La chaqueta utilidad es fabulosa ropa diaria para los d\u00edas m\u00e1s fr\u00edos, me encanta y los cumplidos\u00bb.<\/p>\n<p>Otro comprador satisfecho coment\u00f3: \u00abBuscando una chaqueta de mezclilla de larga duraci\u00f3n cuando me encontr\u00e9 con esta chaqueta verde. Una de las mejores compras que he hecho en mucho tiempo, tuvo muchos cumplidos\u00bb, informa Birmingham Live.<\/p>\n<p>Un tercer revisor agreg\u00f3: \u00abEs una chaqueta tan \u00fatil para usar en cualquier momento. Gran color verde que puedo usar con pr\u00e1cticamente cualquier cosa, cuando sea necesario, uso una bufanda verde m\u00e1s brillante. Se adapta bien a tama\u00f1o, mangas y longitud de la chaqueta perfecta para m\u00ed a 5&#8217;4. Lo recomendar\u00eda altamente\u00bb.<\/p>\n<p>Otros mencionaron problemas de tama\u00f1o, con una persona que dice: \u00abGran chaqueta. Sin duda se desgastar\u00e1 mucho de esto. Viene grande. Normalmente uso el tama\u00f1o 14, pero el tama\u00f1o 12 es m\u00e1s que lo suficientemente grande.<\/p>\n<p>Alguien m\u00e1s coment\u00f3: \u00abLa chaqueta realmente agradable: el tama\u00f1o normal era demasiado grande, as\u00ed que he dimensionado y ahora es genial. Encantado de peso pesado, un poco m\u00e1s brillante de lo que me gustar\u00eda, pero ser\u00e1 encantador para la primavera con jeans, as\u00ed que lo mantendr\u00e9.<\/p>\n<\/div>\n\n","protected":false},"excerpt":{"rendered":"<p>A medida que el fr\u00edo del invierno disminuye, los aficionados a la moda est\u00e1n abandonando sus pesadas abrigos para las alternativas m\u00e1s ligeras de la primavera. Para aquellos que consideran una nueva adici\u00f3n a su guardarropa, M&#038;S ha presentado una elegante chaqueta de servicios p\u00fablicos que ha ganado elogios de los clientes por su versatilidad, &hellip;<\/p>\n","protected":false},"author":1,"featured_media":22637,"comment_status":"open","ping_status":"open","sticky":false,"template":"","format":"standard","meta":{"fifu_image_url":"https:\/\/cdn.images.express.co.uk\/img\/dynamic\/12\/1200x630\/6085055.jpg","fifu_image_alt":"","footnotes":""},"categories":[763],"tags":[],"class_list":["post-22636","post","type-post","status-publish","format-standard","has-post-thumbnail","","category-estilo-de-vida"],"_links":{"self":[{"href":"https:\/\/noticiasveraces.com\/index.php?rest_route=\/wp\/v2\/posts\/22636","targetHints":{"allow":["GET"]}}],"collection":[{"href":"https:\/\/noticiasveraces.com\/index.php?rest_route=\/wp\/v2\/posts"}],"about":[{"href":"https:\/\/noticiasveraces.com\/index.php?rest_route=\/wp\/v2\/types\/post"}],"author":[{"embeddable":true,"href":"https:\/\/noticiasveraces.com\/index.php?rest_route=\/wp\/v2\/users\/1"}],"replies":[{"embeddable":true,"href":"https:\/\/noticiasveraces.com\/index.php?rest_route=%2Fwp%2Fv2%2Fcomments&post=22636"}],"version-history":[{"count":0,"href":"https:\/\/noticiasveraces.com\/index.php?rest_route=\/wp\/v2\/posts\/22636\/revisions"}],"wp:featuredmedia":[{"embeddable":true,"href":"https:\/\/noticiasveraces.com\/index.php?rest_route=\/wp\/v2\/media\/22637"}],"wp:attachment":[{"href":"https:\/\/noticiasveraces.com\/index.php?rest_route=%2Fwp%2Fv2%2Fmedia&parent=22636"}],"wp:term":[{"taxonomy":"category","embeddable":true,"href":"https:\/\/noticiasveraces.com\/index.php?rest_route=%2Fwp%2Fv2%2Fcategories&post=22636"},{"taxonomy":"post_tag","embeddable":true,"href":"https:\/\/noticiasveraces.com\/index.php?rest_route=%2Fwp%2Fv2%2Ftags&post=22636"}],"curies":[{"name":"wp","href":"https:\/\/api.w.org\/{rel}","templated":true}]}}