{"id":22626,"date":"2025-04-12T12:16:53","date_gmt":"2025-04-12T16:16:53","guid":{"rendered":"https:\/\/noticiasveraces.com\/?p=22626"},"modified":"2025-04-12T12:16:53","modified_gmt":"2025-04-12T16:16:53","slug":"netanyahu-golpea-a-carney-por-respuesta-a-la-reclamacion-de-hecklers-gaza-genocide","status":"publish","type":"post","link":"https:\/\/noticiasveraces.com\/?p=22626","title":{"rendered":"Netanyahu golpea a Carney por respuesta a la reclamaci\u00f3n de Heckler&#8217;s Gaza &#8216;Genocide&#8217;"},"content":{"rendered":"<p> \n<\/p>\n<div>\n<p class=\"speakable\">El primer ministro israel\u00ed, Benjamin Netanyahu, critic\u00f3 al primer ministro canadiense Mark Carney despu\u00e9s de que parec\u00eda validar la afirmaci\u00f3n de un manifestante antiisrael\u00ed de que hay un \u00abgenocidio\u00bb en Gaza.<\/p>\n<p class=\"speakable\">\u00abCanad\u00e1 siempre se ha puesto del lado de la civilizaci\u00f3n. Tambi\u00e9n deber\u00eda el Sr. Carney. Pero en lugar de apoyar a Israel, una democracia que est\u00e1 luchando contra una guerra justa con los medios justos contra los b\u00e1rbaros de Hamas, ataca al \u00fanico estado jud\u00edo. El Sr. Carney, retrocede su declaraci\u00f3n irresponsable\u00bb, escribi\u00f3 Netanyahu en un puesto en X.<\/p>\n<div class=\"image-ct inline\">\n<div class=\"m\"><picture><source media=\"(max-width: 767px)\" srcset=\"https:\/\/a57.foxnews.com\/static.foxnews.com\/foxnews.com\/content\/uploads\/2025\/04\/343\/192\/bibi-netanyahu-mark-carney.jpg?ve=1&amp;tl=1, https:\/\/a57.foxnews.com\/static.foxnews.com\/foxnews.com\/content\/uploads\/2025\/04\/686\/384\/bibi-netanyahu-mark-carney.jpg?ve=1&amp;tl=1 2x\" height=\"192\" width=\"343\"><source media=\"(min-width: 768px) and (max-width: 1023px)\" srcset=\"https:\/\/a57.foxnews.com\/static.foxnews.com\/foxnews.com\/content\/uploads\/2025\/04\/672\/378\/bibi-netanyahu-mark-carney.jpg?ve=1&amp;tl=1, https:\/\/a57.foxnews.com\/static.foxnews.com\/foxnews.com\/content\/uploads\/2025\/04\/1344\/756\/bibi-netanyahu-mark-carney.jpg?ve=1&amp;tl=1 2x\" height=\"378\" width=\"672\"><source media=\"(min-width: 1024px) and (max-width: 1279px)\" srcset=\"https:\/\/a57.foxnews.com\/static.foxnews.com\/foxnews.com\/content\/uploads\/2025\/04\/931\/523\/bibi-netanyahu-mark-carney.jpg?ve=1&amp;tl=1, https:\/\/a57.foxnews.com\/static.foxnews.com\/foxnews.com\/content\/uploads\/2025\/04\/1862\/1046\/bibi-netanyahu-mark-carney.jpg?ve=1&amp;tl=1 2x\" height=\"523\" width=\"931\"><source media=\"(min-width: 1280px)\" srcset=\"https:\/\/a57.foxnews.com\/static.foxnews.com\/foxnews.com\/content\/uploads\/2025\/04\/720\/405\/bibi-netanyahu-mark-carney.jpg?ve=1&amp;tl=1, https:\/\/a57.foxnews.com\/static.foxnews.com\/foxnews.com\/content\/uploads\/2025\/04\/1440\/810\/bibi-netanyahu-mark-carney.jpg?ve=1&amp;tl=1 2x\" height=\"405\" width=\"720\"><img loading=\"lazy\" decoding=\"async\" src=\"https:\/\/a57.foxnews.com\/static.foxnews.com\/foxnews.com\/content\/uploads\/2025\/04\/1200\/675\/bibi-netanyahu-mark-carney.jpg?ve=1&amp;tl=1\" alt=\"Primer Ministro israel\u00ed Benjamin Netanyahu y el primer ministro canadiense Mark Carney\" width=\"1200\" height=\"675\"\/><\/source><\/source><\/source><\/source><\/picture><\/div>\n<div class=\"info\">\n<div class=\"caption\">\n<p><span>El primer ministro israel\u00ed Benjamin Netanyahu critic\u00f3 la respuesta del primer ministro canadiense Mark Carney a un agitador antiisrael\u00ed en un mitin.<\/span> <span>(Rueters)<\/span><\/p>\n<\/div>\n<\/div>\n<\/div>\n<p><strong>Universidad Elite demand\u00f3, acusada de no tomar medidas contra el acoso antisemita<\/strong><\/p>\n<p>Carney estaba en una manifestaci\u00f3n en Calgary, Alberta, cuando alguien de la multitud grit\u00f3: \u00ab\u00a1Sr. Carney, hay un genocidio en Palestina!\u00bb<\/p>\n<p>En respuesta, Carney agradeci\u00f3 al manifestante y dijo: \u00abSoy consciente, por eso tenemos un embargo de armas\u00bb cuando la multitud comenz\u00f3 a cantar su nombre.<\/p>\n<p>La respuesta provoc\u00f3 un alboroto entre las organizaciones jud\u00edas canadienses, como el Centro de Asuntos Jud\u00edos y Asuntos Jud\u00edos (CIJA), que tuite\u00f3 una objeci\u00f3n a los comentarios de Carney. Cija tambi\u00e9n critic\u00f3 las restricciones de armas de Canad\u00e1 a Israel, llam\u00e1ndolas \u00abpeligrosas\u00bb.<\/p>\n<p>\u00abEs indignante ver a los pol\u00edticos alimentar el antisemitismo a trav\u00e9s de falsas narrativas de demonizaci\u00f3n\u00bb, tuite\u00f3 Cija. \u00abNo hay genocidio en Gaza. Afirmar lo contrario es falso\u00bb.<\/p>\n<div class=\"image-ct inline\">\n<div class=\"m\"><picture><source media=\"(max-width: 767px)\" srcset=\"https:\/\/a57.foxnews.com\/static.foxnews.com\/foxnews.com\/content\/uploads\/2025\/02\/343\/192\/gaza-jabaliya.png?ve=1&amp;tl=1, https:\/\/a57.foxnews.com\/static.foxnews.com\/foxnews.com\/content\/uploads\/2025\/02\/686\/384\/gaza-jabaliya.png?ve=1&amp;tl=1 2x\" height=\"192\" width=\"343\"><source media=\"(min-width: 768px) and (max-width: 1023px)\" srcset=\"https:\/\/a57.foxnews.com\/static.foxnews.com\/foxnews.com\/content\/uploads\/2025\/02\/672\/378\/gaza-jabaliya.png?ve=1&amp;tl=1, https:\/\/a57.foxnews.com\/static.foxnews.com\/foxnews.com\/content\/uploads\/2025\/02\/1344\/756\/gaza-jabaliya.png?ve=1&amp;tl=1 2x\" height=\"378\" width=\"672\"><source media=\"(min-width: 1024px) and (max-width: 1279px)\" srcset=\"https:\/\/a57.foxnews.com\/static.foxnews.com\/foxnews.com\/content\/uploads\/2025\/02\/931\/523\/gaza-jabaliya.png?ve=1&amp;tl=1, https:\/\/a57.foxnews.com\/static.foxnews.com\/foxnews.com\/content\/uploads\/2025\/02\/1862\/1046\/gaza-jabaliya.png?ve=1&amp;tl=1 2x\" height=\"523\" width=\"931\"><source media=\"(min-width: 1280px)\" srcset=\"https:\/\/a57.foxnews.com\/static.foxnews.com\/foxnews.com\/content\/uploads\/2025\/02\/720\/405\/gaza-jabaliya.png?ve=1&amp;tl=1, https:\/\/a57.foxnews.com\/static.foxnews.com\/foxnews.com\/content\/uploads\/2025\/02\/1440\/810\/gaza-jabaliya.png?ve=1&amp;tl=1 2x\" height=\"405\" width=\"720\"><img loading=\"lazy\" decoding=\"async\" src=\"https:\/\/a57.foxnews.com\/static.foxnews.com\/foxnews.com\/content\/uploads\/2025\/02\/1200\/675\/gaza-jabaliya.png?ve=1&amp;tl=1\" alt=\"Campamento de refugiados de Gaza Jabalia\" width=\"1200\" height=\"675\"\/><\/source><\/source><\/source><\/source><\/picture><\/div>\n<div class=\"info\">\n<div class=\"caption\">\n<p><span>Los palestinos caminan a trav\u00e9s de la destrucci\u00f3n causada por el aire israel\u00ed y la ofensiva del suelo en el campo de refugiados de Jabalia en la franja del norte de Gaza el 12 de febrero de 2025, en un d\u00eda lluvioso.<\/span> <span>(Majdi Fathi\/Nurphoto a trav\u00e9s de Getty Images)<\/span><\/p>\n<\/div>\n<\/div>\n<\/div>\n<p><strong>Judios &#8216;Under Siege&#8217; en el Canad\u00e1 de Trudeau en medio de alt\u00edsimo antisemitismo<\/strong><\/p>\n<p>El alcalde de Hampstead, Jeremy Levi, miembro del Partido Conservador de Canad\u00e1, tambi\u00e9n conden\u00f3 los comentarios de Carney, llam\u00e1ndolos una \u00abtraici\u00f3n vergonzosa de la claridad moral\u00bb.<\/p>\n<p>\u00abAl ponerse del lado de un molesto y respaldando el falso y calumnioso reclamo de &#8216;genocidio&#8217; en Israel, se ha mostrado indigno de liderazgo o respeto\u00bb.<\/p>\n<p>Cuando se le pidi\u00f3 que aclarara sus comentarios, Carney afirm\u00f3 que no escuch\u00f3 al manifestante decir la palabra \u00abgenocidio\u00bb.<\/p>\n<p>\u00abEs ruidoso. Si est\u00e1s all\u00ed, escuchas fragmentos de lo que la gente dice y escuch\u00e9 a Gaza, y mi punto fue que soy consciente de la situaci\u00f3n en Gaza\u00bb, dijo, seg\u00fan la Canadian Broadcasting Corporation (CBC).<\/p>\n<div class=\"image-ct inline\">\n<div class=\"m\"><picture><source media=\"(max-width: 767px)\" srcset=\"https:\/\/a57.foxnews.com\/static.foxnews.com\/foxnews.com\/content\/uploads\/2025\/04\/343\/192\/mark-carney-calgary-event.jpg?ve=1&amp;tl=1, https:\/\/a57.foxnews.com\/static.foxnews.com\/foxnews.com\/content\/uploads\/2025\/04\/686\/384\/mark-carney-calgary-event.jpg?ve=1&amp;tl=1 2x\" height=\"192\" width=\"343\"><source media=\"(min-width: 768px) and (max-width: 1023px)\" srcset=\"https:\/\/a57.foxnews.com\/static.foxnews.com\/foxnews.com\/content\/uploads\/2025\/04\/672\/378\/mark-carney-calgary-event.jpg?ve=1&amp;tl=1, https:\/\/a57.foxnews.com\/static.foxnews.com\/foxnews.com\/content\/uploads\/2025\/04\/1344\/756\/mark-carney-calgary-event.jpg?ve=1&amp;tl=1 2x\" height=\"378\" width=\"672\"><source media=\"(min-width: 1024px) and (max-width: 1279px)\" srcset=\"https:\/\/a57.foxnews.com\/static.foxnews.com\/foxnews.com\/content\/uploads\/2025\/04\/931\/523\/mark-carney-calgary-event.jpg?ve=1&amp;tl=1, https:\/\/a57.foxnews.com\/static.foxnews.com\/foxnews.com\/content\/uploads\/2025\/04\/1862\/1046\/mark-carney-calgary-event.jpg?ve=1&amp;tl=1 2x\" height=\"523\" width=\"931\"><source media=\"(min-width: 1280px)\" srcset=\"https:\/\/a57.foxnews.com\/static.foxnews.com\/foxnews.com\/content\/uploads\/2025\/04\/720\/405\/mark-carney-calgary-event.jpg?ve=1&amp;tl=1, https:\/\/a57.foxnews.com\/static.foxnews.com\/foxnews.com\/content\/uploads\/2025\/04\/1440\/810\/mark-carney-calgary-event.jpg?ve=1&amp;tl=1 2x\" height=\"405\" width=\"720\"><img loading=\"lazy\" decoding=\"async\" src=\"https:\/\/a57.foxnews.com\/static.foxnews.com\/foxnews.com\/content\/uploads\/2025\/04\/1200\/675\/mark-carney-calgary-event.jpg?ve=1&amp;tl=1\" alt=\"Primer ministro canadiense Mark Carney en un mitin\" width=\"1200\" height=\"675\"\/><\/source><\/source><\/source><\/source><\/picture><\/div>\n<div class=\"info\">\n<div class=\"caption\">\n<p><span>El primer ministro de Canad\u00e1, Mark Carney, celebra una manifestaci\u00f3n de campa\u00f1a electoral del Partido Liberal en Calgary, Alberta, Canad\u00e1, el 8 de abril de 2025.<\/span> <span>(Reuters\/Todd Korol)<\/span><\/p>\n<\/div>\n<\/div>\n<\/div>\n<p><strong><u>Haga clic aqu\u00ed para obtener la aplicaci\u00f3n Fox News<\/u><\/strong><\/p>\n<p>Canad\u00e1 comenz\u00f3 a detener las ventas de armas a Israel en enero de 2024. Meses despu\u00e9s, en septiembre de 2024, la ministra de Relaciones Exteriores canadiense, Melanie Joly, dijo que hab\u00eda suspendido los permisos de m\u00faltiples compa\u00f1\u00edas sobre un plan estadounidense para vender munici\u00f3n de fabricaci\u00f3n canadiense a Israel. Ella dijo que Canad\u00e1 \u00abno tendr\u00eda ninguna forma de armas o partes de armas que se env\u00eden a Gaza, punto\u00bb.<\/p>\n<p> <!----> <\/p>\n<div class=\"article-meta\">\n<div class=\"author-bio\">\n<p>Rachel Wolf es una escritora de noticias de Fox News Digital y Fox Business.<\/p>\n<\/div>\n<\/div>\n<\/div>\n\n","protected":false},"excerpt":{"rendered":"<p>El primer ministro israel\u00ed, Benjamin Netanyahu, critic\u00f3 al primer ministro canadiense Mark Carney despu\u00e9s de que parec\u00eda validar la afirmaci\u00f3n de un manifestante antiisrael\u00ed de que hay un \u00abgenocidio\u00bb en Gaza. \u00abCanad\u00e1 siempre se ha puesto del lado de la civilizaci\u00f3n. Tambi\u00e9n deber\u00eda el Sr. Carney. Pero en lugar de apoyar a Israel, una democracia &hellip;<\/p>\n","protected":false},"author":1,"featured_media":22628,"comment_status":"open","ping_status":"open","sticky":false,"template":"","format":"standard","meta":{"fifu_image_url":"https:\/\/static.foxnews.com\/foxnews.com\/content\/uploads\/2025\/04\/bibi-netanyahu-mark-carney.jpg","fifu_image_alt":"","footnotes":""},"categories":[13],"tags":[],"class_list":["post-22626","post","type-post","status-publish","format-standard","has-post-thumbnail","","category-mundo"],"_links":{"self":[{"href":"https:\/\/noticiasveraces.com\/index.php?rest_route=\/wp\/v2\/posts\/22626","targetHints":{"allow":["GET"]}}],"collection":[{"href":"https:\/\/noticiasveraces.com\/index.php?rest_route=\/wp\/v2\/posts"}],"about":[{"href":"https:\/\/noticiasveraces.com\/index.php?rest_route=\/wp\/v2\/types\/post"}],"author":[{"embeddable":true,"href":"https:\/\/noticiasveraces.com\/index.php?rest_route=\/wp\/v2\/users\/1"}],"replies":[{"embeddable":true,"href":"https:\/\/noticiasveraces.com\/index.php?rest_route=%2Fwp%2Fv2%2Fcomments&post=22626"}],"version-history":[{"count":0,"href":"https:\/\/noticiasveraces.com\/index.php?rest_route=\/wp\/v2\/posts\/22626\/revisions"}],"wp:featuredmedia":[{"embeddable":true,"href":"https:\/\/noticiasveraces.com\/index.php?rest_route=\/wp\/v2\/media\/22628"}],"wp:attachment":[{"href":"https:\/\/noticiasveraces.com\/index.php?rest_route=%2Fwp%2Fv2%2Fmedia&parent=22626"}],"wp:term":[{"taxonomy":"category","embeddable":true,"href":"https:\/\/noticiasveraces.com\/index.php?rest_route=%2Fwp%2Fv2%2Fcategories&post=22626"},{"taxonomy":"post_tag","embeddable":true,"href":"https:\/\/noticiasveraces.com\/index.php?rest_route=%2Fwp%2Fv2%2Ftags&post=22626"}],"curies":[{"name":"wp","href":"https:\/\/api.w.org\/{rel}","templated":true}]}}