{"id":22624,"date":"2025-04-12T11:15:51","date_gmt":"2025-04-12T15:15:51","guid":{"rendered":"https:\/\/noticiasveraces.com\/?p=22624"},"modified":"2025-04-12T11:15:51","modified_gmt":"2025-04-12T15:15:51","slug":"alemania-y-su-alicaida-economia-ante-el-cambio-de-gobierno-dw-10-04-2025","status":"publish","type":"post","link":"https:\/\/noticiasveraces.com\/?p=22624","title":{"rendered":"Alemania y su alica\u00edda econom\u00eda, ante el cambio de Gobierno \u2013 DW \u2013 10\/04\/2025"},"content":{"rendered":"<p> \n<\/p>\n<div>\n<p>\u00abEs la econom\u00eda, est\u00fapido\u00bb: esta frase desempe\u00f1\u00f3 un papel decisivo en una campa\u00f1a electoral presidencial estadounidense hace d\u00e9cadas. Hasta hoy, no ha perdido su significado mundial. Si la econom\u00eda va bien en un pa\u00eds, entonces hay trabajo e ingresos, y\u00a0fluyen los impuestos con los que el Estado puede financiar sus tareas.<\/p>\n<p>En Alemania, la econom\u00eda no ha ido bien en los \u00faltimos tres a\u00f1os. Pr\u00e1cticamente, no ha habido crecimiento econ\u00f3mico. En la industria de alto consumo energ\u00e9tico, se han cancelado partes enteras de la producci\u00f3n. Las empresas alemanas son cada vez menos competitivas internacionalmente y las exportaciones han seguido cayendo en picada.<\/p>\n<h2>Malos augurios en el informe de primavera <\/h2>\n<p>De momento, no se vislumbra una r\u00e1pida recuperaci\u00f3n de la econom\u00eda alemana. Esta es la conclusi\u00f3n de las llamadas Previsiones Econ\u00f3micas Conjuntas, que los principales institutos de investigaci\u00f3n econ\u00f3mica elaboran en primavera y oto\u00f1o de cada a\u00f1o.<\/p>\n<p>Seis economistas de Alemania y Austria acaban de presentar el informe en Berl\u00edn. Para el a\u00f1o en curso, prev\u00e9n un aumento del producto interno bruto (PIB), es decir, de la fuerza econ\u00f3mica, de s\u00f3lo el 0,1 por ciento. En 2026, el aumento previsto es del 1,3 por ciento.<\/p>\n<p>La ya de por s\u00ed mala situaci\u00f3n de la econom\u00eda alemana se est\u00e1 viendo agravada por los aranceles impuestos por el presidente de Estados Unidos, Donald Trump, aunque ahora est\u00e1n en pausa, y la consiguiente incertidumbre en materia de pol\u00edtica econ\u00f3mica. Es probable que, de reanudarse,\u00a0solo los aranceles estadounidenses a las importaciones de aluminio, acero y veh\u00edculos frenen el crecimiento del PIB\u00a0en 0,1 puntos porcentuales anuales. Trump\u00a0ha dejado en suspenso durante 90 d\u00edas los aranceles adicionales contra la UE. Sin embargo, si entran en vigor, los efectos negativos podr\u00edan duplicarse, calculan los investigadores.<\/p>\n<p><span data-slot-id=\"Article_InContent-1\" class=\"rich-text-ad\"\/><\/p>\n<h2>\u00bfContrarrestar con deuda p\u00fablica?<\/h2>\n<p>Esto es cualquier cosa menos un buen punto de partida para un nuevo Gobierno. Los partidos conservadores CDU y CSU y el socialdem\u00f3crata SPD acaban de pactar un acuerdo de coalici\u00f3n para gobernar los pr\u00f3ximos cuatro a\u00f1os.\u00a0Uno de los planes centrales es volver a poner en marcha la econom\u00eda.<\/p>\n<p>El hecho de que haya m\u00e1s margen de maniobra para la deuda p\u00fablica puede contribuir a impulsarla.\u00a0Pr\u00e1cticamente, ya no hay l\u00edmite de gasto para la defensa.<\/p>\n<p>En los pr\u00f3ximos doce a\u00f1os, habr\u00e1\u00a0500.000 millones de euros adicionales para la protecci\u00f3n del clima y las infraestructuras, financiados mediante pr\u00e9stamos. Pero\u00a0los investigadores econ\u00f3micos advierten que los fondos deben utilizarse con prudencia.<\/p>\n<h2>Deudas con\u00a0altos costos de intereses<\/h2>\n<p>Hasta ahora, el freno a la deuda, consagrado en la Constituci\u00f3n alemana, s\u00f3lo permit\u00eda un endeudamiento p\u00fablico de hasta el 0,35 por ciento\u00a0de la producci\u00f3n econ\u00f3mica. El nuevo margen de maniobra aumenta esta proporci\u00f3n hasta el 3,7 por ciento.<\/p>\n<p>\u00abEs un aumento significativo\u201d, afirma Torsten Schmidt, del Instituto Leibniz de Investigaci\u00f3n Econ\u00f3mica (RWI). Por su parte, su colega Stefan Kooths, del Instituto de Econom\u00eda Mundial de Kiel, advierte de los peligros que esto puede conllevar.<\/p>\n<p>Como los intereses que hay que pagar por los pr\u00e9stamos. En 2037, la monta\u00f1a de deuda de Alemania podr\u00eda haber crecido hasta tal punto, que todos los pr\u00e9stamos que el Estado est\u00e1 autorizado a contraer pr\u00e1cticamente\u00a0tendr\u00edan que destinarse solo al pago de intereses.<\/p>\n<h2>El mayor problema: la demograf\u00eda<\/h2>\n<p>Por eso es importante abordar los problemas estructurales de Alemania: envejecimiento, disminuci\u00f3n de la poblaci\u00f3n activa, elevado gasto social y excesiva burocracia. Esto reduce potencialmente la fuerza econ\u00f3mica, porque menos gente produce menos, pero\u00a0los costos siguen subiendo.<\/p>\n<figure class=\"placeholder-image master_landscape big\"><img data-format=\"MASTER_LANDSCAPE\" data-id=\"70617661\" data-url=\"https:\/\/static.dw.com\/image\/70617661_${formatId}.jpg\" data-aspect-ratio=\"16\/9\" alt=\"un hombre y una mujer de la tercera edad, de espaldas, caminan con bastones por un parque,\" style=\"padding-bottom: 56.25%; height: 0; max-height: 0;\"\/><figcaption class=\"img-caption\">El envejecimiento poblacional representa un gran desaf\u00edo para Alemania.<small class=\"copyright\">Imagen: FrankHoermann\/Svensimon\/Picture Alliance<\/small><\/figcaption><\/figure>\n<p>A medida que una sociedad envejece, hay que pagar m\u00e1s pensiones y aumentan los costos sanitarios y asistenciales. Esto debe ser financiado por la poblaci\u00f3n activa y las empresas. En Alemania, ambas partes se reparten las cotizaciones que ingresan en los fondos de la Seguridad Social. Esto no puede seguir as\u00ed, seg\u00fan el informe de primavera. El sistema de seguridad social debe adaptarse al cambio demogr\u00e1fico.<\/p>\n<h2>Jungla burocr\u00e1tica<\/h2>\n<p>La burocracia asfixia a Alemania. Los largos procedimientos de planificaci\u00f3n y autorizaci\u00f3n alargan los proyectos de construcci\u00f3n, y las empresas tienen enormes obligaciones para\u00a0documentar\u00a0y verificar.<\/p>\n<p>Por esta raz\u00f3n, los economistas suponen que el dinero del nuevo paquete de deuda no podr\u00e1 gastarse tan r\u00e1pidamente.\u00a0El Instituto ifo calcula que la burocracia cuesta a la econom\u00eda unos 150.000 millones de euros al a\u00f1o. En el acuerdo de coalici\u00f3n, la CDU, la CSU y el SPD se han comprometido a reducir estos costos en una cuarta parte, adelgazando la jungla de reglamentos y leyes.<\/p>\n<p>(MD\/MS)<\/p>\n<\/div>\n\n","protected":false},"excerpt":{"rendered":"<p>\u00abEs la econom\u00eda, est\u00fapido\u00bb: esta frase desempe\u00f1\u00f3 un papel decisivo en una campa\u00f1a electoral presidencial estadounidense hace d\u00e9cadas. Hasta hoy, no ha perdido su significado mundial. Si la econom\u00eda va bien en un pa\u00eds, entonces hay trabajo e ingresos, y\u00a0fluyen los impuestos con los que el Estado puede financiar sus tareas. En Alemania, la econom\u00eda &hellip;<\/p>\n","protected":false},"author":1,"featured_media":22625,"comment_status":"open","ping_status":"open","sticky":false,"template":"","format":"standard","meta":{"fifu_image_url":"https:\/\/static.dw.com\/image\/72199851_6.jpg","fifu_image_alt":"","footnotes":""},"categories":[13],"tags":[],"class_list":["post-22624","post","type-post","status-publish","format-standard","has-post-thumbnail","","category-mundo"],"_links":{"self":[{"href":"https:\/\/noticiasveraces.com\/index.php?rest_route=\/wp\/v2\/posts\/22624","targetHints":{"allow":["GET"]}}],"collection":[{"href":"https:\/\/noticiasveraces.com\/index.php?rest_route=\/wp\/v2\/posts"}],"about":[{"href":"https:\/\/noticiasveraces.com\/index.php?rest_route=\/wp\/v2\/types\/post"}],"author":[{"embeddable":true,"href":"https:\/\/noticiasveraces.com\/index.php?rest_route=\/wp\/v2\/users\/1"}],"replies":[{"embeddable":true,"href":"https:\/\/noticiasveraces.com\/index.php?rest_route=%2Fwp%2Fv2%2Fcomments&post=22624"}],"version-history":[{"count":0,"href":"https:\/\/noticiasveraces.com\/index.php?rest_route=\/wp\/v2\/posts\/22624\/revisions"}],"wp:featuredmedia":[{"embeddable":true,"href":"https:\/\/noticiasveraces.com\/index.php?rest_route=\/wp\/v2\/media\/22625"}],"wp:attachment":[{"href":"https:\/\/noticiasveraces.com\/index.php?rest_route=%2Fwp%2Fv2%2Fmedia&parent=22624"}],"wp:term":[{"taxonomy":"category","embeddable":true,"href":"https:\/\/noticiasveraces.com\/index.php?rest_route=%2Fwp%2Fv2%2Fcategories&post=22624"},{"taxonomy":"post_tag","embeddable":true,"href":"https:\/\/noticiasveraces.com\/index.php?rest_route=%2Fwp%2Fv2%2Ftags&post=22624"}],"curies":[{"name":"wp","href":"https:\/\/api.w.org\/{rel}","templated":true}]}}